{"id":6484,"date":"2013-07-04T00:41:57","date_gmt":"2013-07-04T02:41:57","guid":{"rendered":"https:\/\/forumjustica.vlannetwork.com\/?p=6484"},"modified":"2022-09-04T21:16:15","modified_gmt":"2022-09-05T00:16:15","slug":"declaracao-de-apoio-a-derrubada-do-veto-ao-plp-11411","status":"publish","type":"post","link":"https:\/\/forumjustica.com.br\/es\/declaracao-de-apoio-a-derrubada-do-veto-ao-plp-11411\/","title":{"rendered":"Declara\u00e7\u00e3o de apoio \u00e0 derrubada do veto ao PLP 114\/11"},"content":{"rendered":"<p>O Isso \u00e9 Justi\u00e7a e Cidadania recebeu a declara\u00e7\u00e3o de um destacado e qualificado quadro da sociedade civil organizada brasileira, sobretudo no que se refere \u00e0 pauta do acesso e democratiza\u00e7\u00e3o do sistema de justi\u00e7a nacional, a favor da derrubada do veto ao PLP 114\/11. Rodrigo de Medeiros \u00e9 integrante da Rede Nacional de Advogados Populares e da Comiss\u00e3o de Acesso \u00e0 Justi\u00e7a do Conselho Federal da OAB.<\/p>\n<p>Publicado em 2 de julho de 2013 por Paulo Lemos<br \/>\n<a href=\"https:\/\/forumjustica.com.br\/wp-content\/uploads\/2013\/07\/rodrigo-medeiros-200x1852-1.jpg\"><img loading=\"lazy\" decoding=\"async\" src=\"https:\/\/forumjustica.com.br\/wp-content\/uploads\/2013\/07\/rodrigo-medeiros-200x1852-1.jpg\" alt=\"\" title=\"rodrigo-medeiros-200x185\" width=\"200\" height=\"185\" class=\"alignleft size-full wp-image-6488\" \/><\/a><br \/>\nRodrigo de Medeiros: A derrubada do veto ao PLP 114\/11 \u00e9 passo necess\u00e1rio para o fortalecimento das institui\u00e7\u00f5es democr\u00e1ticas. O caminho de autonomia da Defensoria soma-se \u00e0 luta pelo fim das desigualdades sociais, bem como \u00e0 consecu\u00e7\u00e3o de direitos humanos fundamentais.<\/p>\n<p>O PLP 114\/11 determina a meta de dois por cento da receita l\u00edquida dos Estados para gastos com pessoal nas respectivas Defensorias P\u00fablicas. Com isto, e com a implanta\u00e7\u00e3o nas Defensorias de todo pa\u00eds de suas Ouvidorias Externas, al\u00e9m de outros mecanismos de democratiza\u00e7\u00e3o e participa\u00e7\u00e3o popular, teremos cada vez mais este instrumento da sociedade com efic\u00e1cia em suas a\u00e7\u00f5es, para atingir os fins previstos pelo ordenamento jur\u00eddico. Al\u00e9m disto, a valoriza\u00e7\u00e3o dos (as) Defensores (as) e o necess\u00e1rio aumento dos quadros, t\u00e3o urgente quanto, \u00e9 a constitui\u00e7\u00e3o de quadro interdisciplinar nas Defensorias, frente a complexidade das demandas sociais.<\/p>\n<p>Assim, que afirmo apoio a esta derrubada do veto. No sentido do fortalecimento da Defensoria e do aperfei\u00e7oamento da Democracia !<\/p>\n<p>Rodrigo de Medeiros &#8211; Rede Nacional de Advogados e Advogadas Populares no Cear\u00e1\/RENAP-CE<\/p>\n<p><a href=\"http:\/\/www.issoejusticaecidadania.com.br\/2013\/07\/02\/o-isso-e-justica-e-cidadania-colheu-a-declaracao-de-um-destacado-e-qualificado-quadro-da-sociedade-civil-organizada-brasileira-sobretudo-no-que-se-refere-a-pauta-do-acesso-e-democratizacao-do-sistema\/\">http:\/\/www.issoejusticaecidadania.com.br\/2013\/07\/02\/o-isso-e-justica-e-cidadania-colheu-a-declaracao-de-um-destacado-e-qualificado-quadro-da-sociedade-civil-organizada-brasileira-sobretudo-no-que-se-refere-a-pauta-do-acesso-e-democratizacao-do-sistema\/<\/a><\/p>","protected":false},"excerpt":{"rendered":"<p>O Isso \u00e9 Justi\u00e7a e Cidadania recebeu a declara\u00e7\u00e3o de um destacado e qualificado quadro da sociedade civil organizada brasileira, sobretudo no que se refere \u00e0 pauta do acesso e democratiza\u00e7\u00e3o do sistema de justi\u00e7a nacional, a favor da derrubada do veto ao PLP 114\/11. Rodrigo de Medeiros \u00e9 integrante da Rede Nacional de Advogados [&hellip;]<\/p>\n","protected":false},"author":13,"featured_media":0,"comment_status":"open","ping_status":"closed","sticky":false,"template":"","format":"standard","meta":{"inline_featured_image":false,"footnotes":""},"categories":[1],"tags":[],"anos":[],"projetos":[],"autorias":[],"eixos_tematicos":[],"locais":[],"pessoas":[],"estado":[],"academia":[],"sociedade_civil":[],"class_list":["post-6484","post","type-post","status-publish","format-standard","hentry","category-noticias"],"_links":{"self":[{"href":"https:\/\/forumjustica.com.br\/es\/wp-json\/wp\/v2\/posts\/6484","targetHints":{"allow":["GET"]}}],"collection":[{"href":"https:\/\/forumjustica.com.br\/es\/wp-json\/wp\/v2\/posts"}],"about":[{"href":"https:\/\/forumjustica.com.br\/es\/wp-json\/wp\/v2\/types\/post"}],"author":[{"embeddable":true,"href":"https:\/\/forumjustica.com.br\/es\/wp-json\/wp\/v2\/users\/13"}],"replies":[{"embeddable":true,"href":"https:\/\/forumjustica.com.br\/es\/wp-json\/wp\/v2\/comments?post=6484"}],"version-history":[{"count":1,"href":"https:\/\/forumjustica.com.br\/es\/wp-json\/wp\/v2\/posts\/6484\/revisions"}],"predecessor-version":[{"id":17586,"href":"https:\/\/forumjustica.com.br\/es\/wp-json\/wp\/v2\/posts\/6484\/revisions\/17586"}],"wp:attachment":[{"href":"https:\/\/forumjustica.com.br\/es\/wp-json\/wp\/v2\/media?parent=6484"}],"wp:term":[{"taxonomy":"category","embeddable":true,"href":"https:\/\/forumjustica.com.br\/es\/wp-json\/wp\/v2\/categories?post=6484"},{"taxonomy":"post_tag","embeddable":true,"href":"https:\/\/forumjustica.com.br\/es\/wp-json\/wp\/v2\/tags?post=6484"},{"taxonomy":"anos","embeddable":true,"href":"https:\/\/forumjustica.com.br\/es\/wp-json\/wp\/v2\/anos?post=6484"},{"taxonomy":"projetos","embeddable":true,"href":"https:\/\/forumjustica.com.br\/es\/wp-json\/wp\/v2\/projetos?post=6484"},{"taxonomy":"autorias","embeddable":true,"href":"https:\/\/forumjustica.com.br\/es\/wp-json\/wp\/v2\/autorias?post=6484"},{"taxonomy":"eixos_tematicos","embeddable":true,"href":"https:\/\/forumjustica.com.br\/es\/wp-json\/wp\/v2\/eixos_tematicos?post=6484"},{"taxonomy":"locais","embeddable":true,"href":"https:\/\/forumjustica.com.br\/es\/wp-json\/wp\/v2\/locais?post=6484"},{"taxonomy":"pessoas","embeddable":true,"href":"https:\/\/forumjustica.com.br\/es\/wp-json\/wp\/v2\/pessoas?post=6484"},{"taxonomy":"estado","embeddable":true,"href":"https:\/\/forumjustica.com.br\/es\/wp-json\/wp\/v2\/estado?post=6484"},{"taxonomy":"academia","embeddable":true,"href":"https:\/\/forumjustica.com.br\/es\/wp-json\/wp\/v2\/academia?post=6484"},{"taxonomy":"sociedade_civil","embeddable":true,"href":"https:\/\/forumjustica.com.br\/es\/wp-json\/wp\/v2\/sociedade_civil?post=6484"}],"curies":[{"name":"wp","href":"https:\/\/api.w.org\/{rel}","templated":true}]}}