{"id":6508,"date":"2013-07-08T09:00:25","date_gmt":"2013-07-08T11:00:25","guid":{"rendered":"https:\/\/forumjustica.vlannetwork.com\/?p=6508"},"modified":"2022-09-04T21:16:15","modified_gmt":"2022-09-05T00:16:15","slug":"relatorio-da-consulta-do-projeto-seguranca-da-posse-em-sao-paulo","status":"publish","type":"post","link":"https:\/\/forumjustica.com.br\/es\/relatorio-da-consulta-do-projeto-seguranca-da-posse-em-sao-paulo\/","title":{"rendered":"Relat\u00f3rio da consulta do projeto Seguran\u00e7a da Posse em S\u00e3o Paulo"},"content":{"rendered":"<p>Publicado em 26 de junho de 2013 \t\tEm Not\u00edcias da Relatoria<br \/>\nA consulta realizada em S\u00e3o Paulo no dia 17 de junho de 2013 contou com a participa\u00e7\u00e3o de 28 pessoas de diferentes regi\u00f5es do pa\u00eds, representantes do governo, da academia, de ONGs que atuam em assessoria t\u00e9cnica e jur\u00eddica a comunidades urbanas, e de movimentos sociais.<\/p>\n<p>O objetivo principal desta consulta era identificar quais aspectos da experi\u00eancia brasileira s\u00e3o relevantes para a defini\u00e7\u00e3o de diretrizes (guidelines) sobre seguran\u00e7a da posse dos pobres nas cidades a serem apresentadas ao Conselho de Direitos Humanos da ONU. Al\u00e9m disso, tamb\u00e9m visava a identificar em que medida novas diretrizes sobre o tema, elaboradas em \u00e2mbito internacional, podem, por sua vez, fortalecer a seguran\u00e7a da posse da popula\u00e7\u00e3o pobre das cidades brasileiras.<\/p>\n<p>Este relat\u00f3rio apresenta de forma sucinta e sistematizada as principais discuss\u00f5es em torno dos temas de regulariza\u00e7\u00e3o fundi\u00e1ria, exerc\u00edcio da fun\u00e7\u00e3o social da propriedade, acesso \u00e0 habita\u00e7\u00e3o de interesse social e remo\u00e7\u00f5es for\u00e7adas. Na parte final do evento, foram debatidas as propostas de diretrizes internacionais.<\/p>\n<p>Para ler o relat\u00f3rio completo,  <a href=\"http:\/\/direitoamoradia.org\/wp-content\/uploads\/2013\/06\/130620_Relato%CC%81rioSP_PORT_final.pdf\">clique aqui.<\/a><\/p>\n<p><a href=\"http:\/\/direitoamoradia.org\/?p=20784&#038;lang=pt\">http:\/\/direitoamoradia.org\/?p=20784&#038;lang=pt<\/a><\/p>\n","protected":false},"excerpt":{"rendered":"<p>Publicado em 26 de junho de 2013 Em Not\u00edcias da Relatoria A consulta realizada em S\u00e3o Paulo no dia 17 de junho de 2013 contou com a participa\u00e7\u00e3o de 28 pessoas de diferentes regi\u00f5es do pa\u00eds, representantes do governo, da academia, de ONGs que atuam em assessoria t\u00e9cnica e jur\u00eddica a comunidades urbanas, e de [&hellip;]<\/p>\n","protected":false},"author":13,"featured_media":0,"comment_status":"open","ping_status":"closed","sticky":false,"template":"","format":"standard","meta":{"inline_featured_image":false,"footnotes":""},"categories":[1],"tags":[],"anos":[],"projetos":[],"autorias":[],"eixos_tematicos":[],"locais":[],"pessoas":[],"estado":[],"academia":[],"sociedade_civil":[],"class_list":["post-6508","post","type-post","status-publish","format-standard","hentry","category-noticias"],"_links":{"self":[{"href":"https:\/\/forumjustica.com.br\/es\/wp-json\/wp\/v2\/posts\/6508","targetHints":{"allow":["GET"]}}],"collection":[{"href":"https:\/\/forumjustica.com.br\/es\/wp-json\/wp\/v2\/posts"}],"about":[{"href":"https:\/\/forumjustica.com.br\/es\/wp-json\/wp\/v2\/types\/post"}],"author":[{"embeddable":true,"href":"https:\/\/forumjustica.com.br\/es\/wp-json\/wp\/v2\/users\/13"}],"replies":[{"embeddable":true,"href":"https:\/\/forumjustica.com.br\/es\/wp-json\/wp\/v2\/comments?post=6508"}],"version-history":[{"count":1,"href":"https:\/\/forumjustica.com.br\/es\/wp-json\/wp\/v2\/posts\/6508\/revisions"}],"predecessor-version":[{"id":17583,"href":"https:\/\/forumjustica.com.br\/es\/wp-json\/wp\/v2\/posts\/6508\/revisions\/17583"}],"wp:attachment":[{"href":"https:\/\/forumjustica.com.br\/es\/wp-json\/wp\/v2\/media?parent=6508"}],"wp:term":[{"taxonomy":"category","embeddable":true,"href":"https:\/\/forumjustica.com.br\/es\/wp-json\/wp\/v2\/categories?post=6508"},{"taxonomy":"post_tag","embeddable":true,"href":"https:\/\/forumjustica.com.br\/es\/wp-json\/wp\/v2\/tags?post=6508"},{"taxonomy":"anos","embeddable":true,"href":"https:\/\/forumjustica.com.br\/es\/wp-json\/wp\/v2\/anos?post=6508"},{"taxonomy":"projetos","embeddable":true,"href":"https:\/\/forumjustica.com.br\/es\/wp-json\/wp\/v2\/projetos?post=6508"},{"taxonomy":"autorias","embeddable":true,"href":"https:\/\/forumjustica.com.br\/es\/wp-json\/wp\/v2\/autorias?post=6508"},{"taxonomy":"eixos_tematicos","embeddable":true,"href":"https:\/\/forumjustica.com.br\/es\/wp-json\/wp\/v2\/eixos_tematicos?post=6508"},{"taxonomy":"locais","embeddable":true,"href":"https:\/\/forumjustica.com.br\/es\/wp-json\/wp\/v2\/locais?post=6508"},{"taxonomy":"pessoas","embeddable":true,"href":"https:\/\/forumjustica.com.br\/es\/wp-json\/wp\/v2\/pessoas?post=6508"},{"taxonomy":"estado","embeddable":true,"href":"https:\/\/forumjustica.com.br\/es\/wp-json\/wp\/v2\/estado?post=6508"},{"taxonomy":"academia","embeddable":true,"href":"https:\/\/forumjustica.com.br\/es\/wp-json\/wp\/v2\/academia?post=6508"},{"taxonomy":"sociedade_civil","embeddable":true,"href":"https:\/\/forumjustica.com.br\/es\/wp-json\/wp\/v2\/sociedade_civil?post=6508"}],"curies":[{"name":"wp","href":"https:\/\/api.w.org\/{rel}","templated":true}]}}