{"id":6520,"date":"2013-07-09T17:00:40","date_gmt":"2013-07-09T19:00:40","guid":{"rendered":"https:\/\/forumjustica.vlannetwork.com\/?p=6520"},"modified":"2022-09-04T21:16:15","modified_gmt":"2022-09-05T00:16:15","slug":"capitalismo-socialismo-e-abolicionismo-penal-por-juarez-tavares","status":"publish","type":"post","link":"https:\/\/forumjustica.com.br\/es\/capitalismo-socialismo-e-abolicionismo-penal-por-juarez-tavares\/","title":{"rendered":"&quot;CAPITALISMO, SOCIALISMO E ABOLICIONISMO PENAL&quot; &#8211; por Juarez Tavares"},"content":{"rendered":"<p>Palestra e Homenagem ao Professor Juarez Tavares<\/p>\n<p>Quando: 10\/07, quarta-feira, \u00e0s 18h<br \/>\nOnde: Sal\u00e3o Nobre da Faculdade de Direito da UERJ (campus maracan\u00e3), 7\u00ba andar.<br \/>\nRua S\u00e3o Francisco Xavier, 524 &#8211; 7\u00ba andar &#8211; Maracan\u00e3 &#8211; Rio de Janeiro &#8211; RJ<\/p>\n<p>Organiza\u00e7\u00e3o: Movimento Direito Para Quem?<br \/>\nApoio: CALC<\/p>\n<p>O Movimento Direito para Quem agradece ao professor e amigo Juarez pelo conhecimento compartilhado e pela inspira\u00e7\u00e3o nas lutas de todos os dias, e, para isso, o convidamos para ministrar uma palestra onde ele falar\u00e1 sobre algo que conhece muito bem: socialismo e abolicionismo penal, e suas consequ\u00eancias em um mundo capitalista. Juarez Tavares \u00e9 Sub-Procurador Geral da Rep\u00fablica e professor de Direito Penal da faculdade de Direito da UERJ, tendo at\u00e9 o ano passado ocupado a cadeira de titular da disciplina.<\/p>\n<p>Ser\u00e3o concedidas horas de atividade complementar.<\/p>\n<p><a href=\"https:\/\/forumjustica.com.br\/wp-content\/uploads\/2013\/07\/juarez.jpg\"><img loading=\"lazy\" decoding=\"async\" src=\"https:\/\/forumjustica.com.br\/wp-content\/uploads\/2013\/07\/juarez.jpg\" alt=\"\" title=\"juarez\" width=\"595\" height=\"842\" class=\"alignleft size-full wp-image-6521\" \/><\/a><\/p>","protected":false},"excerpt":{"rendered":"<p>Palestra e Homenagem ao Professor Juarez Tavares Quando: 10\/07, quarta-feira, \u00e0s 18h Onde: Sal\u00e3o Nobre da Faculdade de Direito da UERJ (campus maracan\u00e3), 7\u00ba andar. Rua S\u00e3o Francisco Xavier, 524 &#8211; 7\u00ba andar &#8211; Maracan\u00e3 &#8211; Rio de Janeiro &#8211; RJ Organiza\u00e7\u00e3o: Movimento Direito Para Quem? Apoio: CALC O Movimento Direito para Quem agradece ao [&hellip;]<\/p>\n","protected":false},"author":13,"featured_media":0,"comment_status":"open","ping_status":"closed","sticky":false,"template":"","format":"standard","meta":{"inline_featured_image":false,"footnotes":""},"categories":[1],"tags":[],"anos":[],"projetos":[],"autorias":[],"eixos_tematicos":[],"locais":[],"pessoas":[],"estado":[],"academia":[],"sociedade_civil":[],"class_list":["post-6520","post","type-post","status-publish","format-standard","hentry","category-noticias"],"_links":{"self":[{"href":"https:\/\/forumjustica.com.br\/es\/wp-json\/wp\/v2\/posts\/6520","targetHints":{"allow":["GET"]}}],"collection":[{"href":"https:\/\/forumjustica.com.br\/es\/wp-json\/wp\/v2\/posts"}],"about":[{"href":"https:\/\/forumjustica.com.br\/es\/wp-json\/wp\/v2\/types\/post"}],"author":[{"embeddable":true,"href":"https:\/\/forumjustica.com.br\/es\/wp-json\/wp\/v2\/users\/13"}],"replies":[{"embeddable":true,"href":"https:\/\/forumjustica.com.br\/es\/wp-json\/wp\/v2\/comments?post=6520"}],"version-history":[{"count":1,"href":"https:\/\/forumjustica.com.br\/es\/wp-json\/wp\/v2\/posts\/6520\/revisions"}],"predecessor-version":[{"id":17580,"href":"https:\/\/forumjustica.com.br\/es\/wp-json\/wp\/v2\/posts\/6520\/revisions\/17580"}],"wp:attachment":[{"href":"https:\/\/forumjustica.com.br\/es\/wp-json\/wp\/v2\/media?parent=6520"}],"wp:term":[{"taxonomy":"category","embeddable":true,"href":"https:\/\/forumjustica.com.br\/es\/wp-json\/wp\/v2\/categories?post=6520"},{"taxonomy":"post_tag","embeddable":true,"href":"https:\/\/forumjustica.com.br\/es\/wp-json\/wp\/v2\/tags?post=6520"},{"taxonomy":"anos","embeddable":true,"href":"https:\/\/forumjustica.com.br\/es\/wp-json\/wp\/v2\/anos?post=6520"},{"taxonomy":"projetos","embeddable":true,"href":"https:\/\/forumjustica.com.br\/es\/wp-json\/wp\/v2\/projetos?post=6520"},{"taxonomy":"autorias","embeddable":true,"href":"https:\/\/forumjustica.com.br\/es\/wp-json\/wp\/v2\/autorias?post=6520"},{"taxonomy":"eixos_tematicos","embeddable":true,"href":"https:\/\/forumjustica.com.br\/es\/wp-json\/wp\/v2\/eixos_tematicos?post=6520"},{"taxonomy":"locais","embeddable":true,"href":"https:\/\/forumjustica.com.br\/es\/wp-json\/wp\/v2\/locais?post=6520"},{"taxonomy":"pessoas","embeddable":true,"href":"https:\/\/forumjustica.com.br\/es\/wp-json\/wp\/v2\/pessoas?post=6520"},{"taxonomy":"estado","embeddable":true,"href":"https:\/\/forumjustica.com.br\/es\/wp-json\/wp\/v2\/estado?post=6520"},{"taxonomy":"academia","embeddable":true,"href":"https:\/\/forumjustica.com.br\/es\/wp-json\/wp\/v2\/academia?post=6520"},{"taxonomy":"sociedade_civil","embeddable":true,"href":"https:\/\/forumjustica.com.br\/es\/wp-json\/wp\/v2\/sociedade_civil?post=6520"}],"curies":[{"name":"wp","href":"https:\/\/api.w.org\/{rel}","templated":true}]}}