{"id":6568,"date":"2013-07-13T10:57:39","date_gmt":"2013-07-13T12:57:39","guid":{"rendered":"https:\/\/forumjustica.vlannetwork.com\/?p=6568"},"modified":"2022-09-04T21:16:15","modified_gmt":"2022-09-05T00:16:15","slug":"convite-1a-reuniao-tematica-do-gt-genero","status":"publish","type":"post","link":"https:\/\/forumjustica.com.br\/es\/convite-1a-reuniao-tematica-do-gt-genero\/","title":{"rendered":"Convite: 1\u00aa Reuni\u00e3o Tem\u00e1tica do GT G\u00eanero"},"content":{"rendered":"<p>Alvo de rep\u00fadio e das manifesta\u00e7\u00f5es, em especial dos movimentos de mulheres, pelo Brasil afora, o Estatuto do Nascituro, projeto que vem tramitando nas Comiss\u00f5es da C\u00e2mara dos Deputados, e que prev\u00ea a chamada \u00abbolsa estupro\u00bb, tem sido apontado com uma das mais recentes formas de controle e nega\u00e7\u00e3o dos direitos d e n\u00f3s mulheres.<\/p>\n<p>E para conhecermos um pouco mais sobre o Estatuto e saber das suas implica\u00e7\u00f5es na vida das mulheres o GT g\u00eanero do F\u00f3rum Justi\u00e7a convida para o debate, com a presen\u00e7a da advogada Miriam Ventura.<\/p>\n<p>O debate acontecer\u00e1 no pr\u00f3ximo dia 18 de julho \u00e0s 18:00hs no ISER &#8211; Rua do Russel, 76 (sal\u00e3o Pablo e Ana).<\/p>\n<p>Contamos com a sua presen\u00e7a!!!<\/p>\n<p><a href=\"https:\/\/forumjustica.com.br\/wp-content\/uploads\/2013\/07\/1\u00aa-Reuni\u00e3o-Tem\u00e1tica-do-GT-G\u00eanero-do-F\u00f3rum-Justi\u00e7a-_convite-final.jpg\"><img loading=\"lazy\" decoding=\"async\" src=\"https:\/\/forumjustica.com.br\/wp-content\/uploads\/2013\/07\/1\u00aa-Reuni\u00e3o-Tem\u00e1tica-do-GT-G\u00eanero-do-F\u00f3rum-Justi\u00e7a-_convite-final.jpg\" alt=\"\" title=\"1\u00aa Reuni\u00e3o Tem\u00e1tica do GT G\u00eanero do F\u00f3rum Justi\u00e7a _convite final\" width=\"960\" height=\"720\" class=\"aligncenter size-full wp-image-6569\" \/><\/a><\/p>","protected":false},"excerpt":{"rendered":"<p>Alvo de rep\u00fadio e das manifesta\u00e7\u00f5es, em especial dos movimentos de mulheres, pelo Brasil afora, o Estatuto do Nascituro, projeto que vem tramitando nas Comiss\u00f5es da C\u00e2mara dos Deputados, e que prev\u00ea a chamada \u00abbolsa estupro\u00bb, tem sido apontado com uma das mais recentes formas de controle e nega\u00e7\u00e3o dos direitos d e n\u00f3s mulheres. [&hellip;]<\/p>\n","protected":false},"author":13,"featured_media":0,"comment_status":"open","ping_status":"closed","sticky":false,"template":"","format":"standard","meta":{"inline_featured_image":false,"footnotes":""},"categories":[1],"tags":[],"anos":[],"projetos":[],"autorias":[],"eixos_tematicos":[],"locais":[],"pessoas":[],"estado":[],"academia":[],"sociedade_civil":[],"class_list":["post-6568","post","type-post","status-publish","format-standard","hentry","category-noticias"],"_links":{"self":[{"href":"https:\/\/forumjustica.com.br\/es\/wp-json\/wp\/v2\/posts\/6568","targetHints":{"allow":["GET"]}}],"collection":[{"href":"https:\/\/forumjustica.com.br\/es\/wp-json\/wp\/v2\/posts"}],"about":[{"href":"https:\/\/forumjustica.com.br\/es\/wp-json\/wp\/v2\/types\/post"}],"author":[{"embeddable":true,"href":"https:\/\/forumjustica.com.br\/es\/wp-json\/wp\/v2\/users\/13"}],"replies":[{"embeddable":true,"href":"https:\/\/forumjustica.com.br\/es\/wp-json\/wp\/v2\/comments?post=6568"}],"version-history":[{"count":1,"href":"https:\/\/forumjustica.com.br\/es\/wp-json\/wp\/v2\/posts\/6568\/revisions"}],"predecessor-version":[{"id":17574,"href":"https:\/\/forumjustica.com.br\/es\/wp-json\/wp\/v2\/posts\/6568\/revisions\/17574"}],"wp:attachment":[{"href":"https:\/\/forumjustica.com.br\/es\/wp-json\/wp\/v2\/media?parent=6568"}],"wp:term":[{"taxonomy":"category","embeddable":true,"href":"https:\/\/forumjustica.com.br\/es\/wp-json\/wp\/v2\/categories?post=6568"},{"taxonomy":"post_tag","embeddable":true,"href":"https:\/\/forumjustica.com.br\/es\/wp-json\/wp\/v2\/tags?post=6568"},{"taxonomy":"anos","embeddable":true,"href":"https:\/\/forumjustica.com.br\/es\/wp-json\/wp\/v2\/anos?post=6568"},{"taxonomy":"projetos","embeddable":true,"href":"https:\/\/forumjustica.com.br\/es\/wp-json\/wp\/v2\/projetos?post=6568"},{"taxonomy":"autorias","embeddable":true,"href":"https:\/\/forumjustica.com.br\/es\/wp-json\/wp\/v2\/autorias?post=6568"},{"taxonomy":"eixos_tematicos","embeddable":true,"href":"https:\/\/forumjustica.com.br\/es\/wp-json\/wp\/v2\/eixos_tematicos?post=6568"},{"taxonomy":"locais","embeddable":true,"href":"https:\/\/forumjustica.com.br\/es\/wp-json\/wp\/v2\/locais?post=6568"},{"taxonomy":"pessoas","embeddable":true,"href":"https:\/\/forumjustica.com.br\/es\/wp-json\/wp\/v2\/pessoas?post=6568"},{"taxonomy":"estado","embeddable":true,"href":"https:\/\/forumjustica.com.br\/es\/wp-json\/wp\/v2\/estado?post=6568"},{"taxonomy":"academia","embeddable":true,"href":"https:\/\/forumjustica.com.br\/es\/wp-json\/wp\/v2\/academia?post=6568"},{"taxonomy":"sociedade_civil","embeddable":true,"href":"https:\/\/forumjustica.com.br\/es\/wp-json\/wp\/v2\/sociedade_civil?post=6568"}],"curies":[{"name":"wp","href":"https:\/\/api.w.org\/{rel}","templated":true}]}}