{"id":6594,"date":"2013-07-19T10:34:17","date_gmt":"2013-07-19T12:34:17","guid":{"rendered":"https:\/\/forumjustica.vlannetwork.com\/?p=6594"},"modified":"2022-09-04T21:16:15","modified_gmt":"2022-09-05T00:16:15","slug":"ii-encontro-nacional-do-encarceramento-feminino","status":"publish","type":"post","link":"https:\/\/forumjustica.com.br\/es\/ii-encontro-nacional-do-encarceramento-feminino\/","title":{"rendered":"II Encontro Nacional do Encarceramento Feminino"},"content":{"rendered":"<p><a href=\"https:\/\/forumjustica.com.br\/wp-content\/uploads\/2013\/07\/banner_encarceramento2_680x130.jpg\"><img loading=\"lazy\" decoding=\"async\" src=\"https:\/\/forumjustica.com.br\/wp-content\/uploads\/2013\/07\/banner_encarceramento2_680x130.jpg\" alt=\"\" title=\"banner_encarceramento2_680x130\" width=\"680\" height=\"130\" class=\"aligncenter size-full wp-image-6595\" \/><\/a><\/p>\n<p>A segunda edi\u00e7\u00e3o do Encontro Nacional do Encarceramento Feminino visa discutir quest\u00f5es relacionadas \u00e0s mulheres privadas de liberdade e egressas. Durante o evento ser\u00e3o debatidos assuntos como pris\u00e3o domiciliar, tratamento de gr\u00e1vidas e m\u00e3es com filhos no c\u00e1rcere, revista \u00edntima, tr\u00e1fico de entorpecentes, mulheres em manic\u00f4mios judici\u00e1rios, entre outros.<\/p>\n<p>As inscri\u00e7\u00f5es est\u00e3o abertas at\u00e9 20 de agosto e podem ser feitas aqui. A programa\u00e7\u00e3o completa est\u00e1 dispon\u00edvel no \u00edndice \u00e0 direta da p\u00e1gina.<\/p>\n<p>O evento \u00e9 coordenado pelo Departamento de Monitoramento e Fiscaliza\u00e7\u00e3o do Sistema Carcer\u00e1rio e do Sistema de Medidas Socioeducativas (DMF), do Conselho Nacional de Justi\u00e7a, em parceria com o Departamento Penitenci\u00e1rio Nacional (DEPEN) do Minist\u00e9rio da Justi\u00e7a.<\/p>\n<p>Servi\u00e7o:<\/p>\n<p>Data: 21 e 22 de agosto de 2013<br \/>\nLocal: Escola de Magistratura Federal &#8211; 1\u00aa Regi\u00e3o (Esmaf). Setor de Clubes Esportivo Sul, Trecho 2, Lote 21 &#8211; Bras\u00edlia\/DF Cep: 70200.970 Fone: (61) 3217-6646<br \/>\nP\u00fablico-alvo: Ju\u00edzes e servidores que atuam na \u00e1rea criminal e de execu\u00e7\u00e3o penal, nas esferas federal e estadual, Secret\u00e1rios de Administra\u00e7\u00e3o Penitenci\u00e1ria dos Estados, diretores de penitenci\u00e1rias, agentes penitenci\u00e1rios, membros do Minist\u00e9rio da Sa\u00fade, do Minist\u00e9rio P\u00fablico federal e estadual e profissionais de sa\u00fade<br \/>\nInscri\u00e7\u00f5es: at\u00e9 20 de agosto, pelo endere\u00e7o eletr\u00f4nico http:\/\/www.cnj.jus.br\/eventos\/pages\/public\/inscricao\/inscricaoEvento.jsf?idEvento=51<br \/>\n<a href=\"http:\/\/www.cnj.jus.br\/evento\/eventos-novos\/ii-encontro-nacional-do-encarceramento-feminino\"><br \/>\nhttp:\/\/www.cnj.jus.br\/evento\/eventos-novos\/ii-encontro-nacional-do-encarceramento-feminino<\/a><\/p>","protected":false},"excerpt":{"rendered":"<p>A segunda edi\u00e7\u00e3o do Encontro Nacional do Encarceramento Feminino visa discutir quest\u00f5es relacionadas \u00e0s mulheres privadas de liberdade e egressas. Durante o evento ser\u00e3o debatidos assuntos como pris\u00e3o domiciliar, tratamento de gr\u00e1vidas e m\u00e3es com filhos no c\u00e1rcere, revista \u00edntima, tr\u00e1fico de entorpecentes, mulheres em manic\u00f4mios judici\u00e1rios, entre outros. As inscri\u00e7\u00f5es est\u00e3o abertas at\u00e9 20 [&hellip;]<\/p>\n","protected":false},"author":13,"featured_media":0,"comment_status":"open","ping_status":"closed","sticky":false,"template":"","format":"standard","meta":{"inline_featured_image":false,"footnotes":""},"categories":[1],"tags":[],"anos":[],"projetos":[],"autorias":[],"eixos_tematicos":[],"locais":[],"pessoas":[],"estado":[],"academia":[],"sociedade_civil":[],"class_list":["post-6594","post","type-post","status-publish","format-standard","hentry","category-noticias"],"_links":{"self":[{"href":"https:\/\/forumjustica.com.br\/es\/wp-json\/wp\/v2\/posts\/6594","targetHints":{"allow":["GET"]}}],"collection":[{"href":"https:\/\/forumjustica.com.br\/es\/wp-json\/wp\/v2\/posts"}],"about":[{"href":"https:\/\/forumjustica.com.br\/es\/wp-json\/wp\/v2\/types\/post"}],"author":[{"embeddable":true,"href":"https:\/\/forumjustica.com.br\/es\/wp-json\/wp\/v2\/users\/13"}],"replies":[{"embeddable":true,"href":"https:\/\/forumjustica.com.br\/es\/wp-json\/wp\/v2\/comments?post=6594"}],"version-history":[{"count":1,"href":"https:\/\/forumjustica.com.br\/es\/wp-json\/wp\/v2\/posts\/6594\/revisions"}],"predecessor-version":[{"id":17567,"href":"https:\/\/forumjustica.com.br\/es\/wp-json\/wp\/v2\/posts\/6594\/revisions\/17567"}],"wp:attachment":[{"href":"https:\/\/forumjustica.com.br\/es\/wp-json\/wp\/v2\/media?parent=6594"}],"wp:term":[{"taxonomy":"category","embeddable":true,"href":"https:\/\/forumjustica.com.br\/es\/wp-json\/wp\/v2\/categories?post=6594"},{"taxonomy":"post_tag","embeddable":true,"href":"https:\/\/forumjustica.com.br\/es\/wp-json\/wp\/v2\/tags?post=6594"},{"taxonomy":"anos","embeddable":true,"href":"https:\/\/forumjustica.com.br\/es\/wp-json\/wp\/v2\/anos?post=6594"},{"taxonomy":"projetos","embeddable":true,"href":"https:\/\/forumjustica.com.br\/es\/wp-json\/wp\/v2\/projetos?post=6594"},{"taxonomy":"autorias","embeddable":true,"href":"https:\/\/forumjustica.com.br\/es\/wp-json\/wp\/v2\/autorias?post=6594"},{"taxonomy":"eixos_tematicos","embeddable":true,"href":"https:\/\/forumjustica.com.br\/es\/wp-json\/wp\/v2\/eixos_tematicos?post=6594"},{"taxonomy":"locais","embeddable":true,"href":"https:\/\/forumjustica.com.br\/es\/wp-json\/wp\/v2\/locais?post=6594"},{"taxonomy":"pessoas","embeddable":true,"href":"https:\/\/forumjustica.com.br\/es\/wp-json\/wp\/v2\/pessoas?post=6594"},{"taxonomy":"estado","embeddable":true,"href":"https:\/\/forumjustica.com.br\/es\/wp-json\/wp\/v2\/estado?post=6594"},{"taxonomy":"academia","embeddable":true,"href":"https:\/\/forumjustica.com.br\/es\/wp-json\/wp\/v2\/academia?post=6594"},{"taxonomy":"sociedade_civil","embeddable":true,"href":"https:\/\/forumjustica.com.br\/es\/wp-json\/wp\/v2\/sociedade_civil?post=6594"}],"curies":[{"name":"wp","href":"https:\/\/api.w.org\/{rel}","templated":true}]}}