{"id":6615,"date":"2013-07-24T06:21:42","date_gmt":"2013-07-24T08:21:42","guid":{"rendered":"https:\/\/forumjustica.vlannetwork.com\/?p=6615"},"modified":"2022-09-04T21:16:14","modified_gmt":"2022-09-05T00:16:14","slug":"10%c2%ba-programa-de-intercambio-convida-estudantes-a-ajudar-na-ampliacao-da-democratizacao-da-justica","status":"publish","type":"post","link":"https:\/\/forumjustica.com.br\/es\/10%c2%ba-programa-de-intercambio-convida-estudantes-a-ajudar-na-ampliacao-da-democratizacao-da-justica\/","title":{"rendered":"10\u00ba Programa de Interc\u00e2mbio convida estudantes a ajudar na amplia\u00e7\u00e3o da democratiza\u00e7\u00e3o da Justi\u00e7a"},"content":{"rendered":"<p>22\/07\/2013<br \/>\n10\u00ba Programa de Interc\u00e2mbio convida estudantes a ajudar na amplia\u00e7\u00e3o da democratiza\u00e7\u00e3o da Justi\u00e7a<\/p>\n<p>Mais do que descobrir como funciona o processo legislativo brasileiro e a estrutura dos poderes Legislativo, Executivo e Judici\u00e1rio do pa\u00eds, os 11 estudantes e pesquisadores de Direito e Ci\u00eancias Sociais que participaram nesta segunda-feira (22\/7) da abertura do 10\u00ba Programa de Interc\u00e2mbio da Secretaria de Assuntos Legislativos do Minist\u00e9rio da Justi\u00e7a (SAL\/MJ), ter\u00e3o a grande oportunidade de conhecer nas pr\u00f3ximas duas semanas o que vem sendo feito para ampliar a participa\u00e7\u00e3o popular na cria\u00e7\u00e3o e aprova\u00e7\u00e3o de leis e atos normativos. }E mais: contribuir para ampliar o canal de di\u00e1logo entre Governo e sociedade, replicando e repassando as experi\u00eancias que vivenciarem durante o Interc\u00e2mbio.<\/p>\n<p><a href=\"https:\/\/forumjustica.com.br\/wp-content\/uploads\/2013\/07\/sal.jpg\"><img loading=\"lazy\" decoding=\"async\" src=\"https:\/\/forumjustica.com.br\/wp-content\/uploads\/2013\/07\/sal.jpg\" alt=\"\" title=\"sal\" width=\"300\" height=\"204\" class=\"alignleft size-full wp-image-6618\" \/><\/a><br \/>\nOs estudantes, que vieram de v\u00e1rios estados brasileiros, foram recebidos na Sala dos Retratos, no Pal\u00e1cio da Justi\u00e7a, em Bras\u00edlia, por integrantes da SAL e do Centro de Estudos Jur\u00eddicos (CEJ) da Casa Civil da Presid\u00eancia, que procuraram frisar a import\u00e2ncia do Interc\u00e2mbio como um dos canais poss\u00edveis de di\u00e1logo com a sociedade.<\/p>\n<p>\u201cEsperamos que mais setores da sociedade tenham essa mesma oportunidade que voc\u00eas intercambistas est\u00e3o tendo agora, de conhecer o processo legislativo e ter o poder de interferir nele. \u00c9 nossa miss\u00e3o construir uma na\u00e7\u00e3o com maior participa\u00e7\u00e3o da popula\u00e7\u00e3o nesse processo\u201d, afirmou Gabriel Sampaio, secret\u00e1rio substituto da Secretaria de Assuntos Legislativos que deu as boas-vindas e explicou um pouco da experi\u00eancia de democratiza\u00e7\u00e3o do Minist\u00e9rio da Justi\u00e7a que vem dandos bons resultados nos \u00faltimos anos.<\/p>\n<p>Veja aqui a lista dos estudantes selecionados para o 10\u00ba Programa de Interc\u00e2mbio.<\/p>\n<p><img loading=\"lazy\" decoding=\"async\" alt=\"\" src=\"http:\/\/participacao.mj.gov.br\/pensandoodireito\/wp-content\/uploads\/2013\/07\/9345104218_55d68bcf60_z-300x204.jpg\" class=\"alignnone\" width=\"300\" height=\"204\" \/>Sabrina Marques, coordenadora-geral de Atos Normativos da Secretaria de Assuntos Legislativos, refor\u00e7ou a import\u00e2ncia de sempre ouvir a sociedade  quando se trata de fazer leis que v\u00e3o regular justamente aspectos da vida dessa mesma sociedade. \u201dTemos trabalhado para abrir as portas do Minist\u00e9rio para a participa\u00e7\u00e3o social. Trabalhamos para ouvir todas as pessoas impactadas pelas leis elaboradas. N\u00e3o ficamos em gabinete produzindo leis baseadas em c\u00f3digos.\u201d<\/p>\n<p>http:\/\/participacao.mj.gov.br\/pensandoodireito\/wp-content\/uploads\/2013\/07\/9342316773_e18441c726_z-300&#215;204.jpg<\/p>\n<p>Ao final do encontro, os estudantes puderam fazer algumas perguntas e as manifesta\u00e7\u00f5es de rua das \u00faltimas semanas e seu impacto no Governo foi o grande tema. Sampaio explicou que o Governo n\u00e3o ficou alheio \u00e0s demandas que vieram das ruas e que estas ajudaram a destravar algumas pautas que estavam no Congresso \u2013 pro bem e pro mal. De qualquer maneira, o secret\u00e1rio substituto afirmou ser importante trazer as demandas das ruas \u201cpara as esferas institucionais\u201d, e assim fazer andar lutas hist\u00f3ricas de movimentos sociais e associa\u00e7\u00f5es de classe, entre outras.<\/p>\n<p><a href=\"http:\/\/participacao.mj.gov.br\/pensandoodireito\/10-programa-intercambio-convida-estudantes-ampliar-democratizacao-justica\/\">http:\/\/participacao.mj.gov.br\/pensandoodireito\/10-programa-intercambio-convida-estudantes-ampliar-democratizacao-justica\/<\/a><\/p>","protected":false},"excerpt":{"rendered":"<p>22\/07\/2013 10\u00ba Programa de Interc\u00e2mbio convida estudantes a ajudar na amplia\u00e7\u00e3o da democratiza\u00e7\u00e3o da Justi\u00e7a Mais do que descobrir como funciona o processo legislativo brasileiro e a estrutura dos poderes Legislativo, Executivo e Judici\u00e1rio do pa\u00eds, os 11 estudantes e pesquisadores de Direito e Ci\u00eancias Sociais que participaram nesta segunda-feira (22\/7) da abertura do 10\u00ba [&hellip;]<\/p>\n","protected":false},"author":13,"featured_media":0,"comment_status":"open","ping_status":"closed","sticky":false,"template":"","format":"standard","meta":{"inline_featured_image":false,"footnotes":""},"categories":[1],"tags":[],"anos":[],"projetos":[],"autorias":[],"eixos_tematicos":[],"locais":[],"pessoas":[],"estado":[],"academia":[],"sociedade_civil":[],"class_list":["post-6615","post","type-post","status-publish","format-standard","hentry","category-noticias"],"_links":{"self":[{"href":"https:\/\/forumjustica.com.br\/es\/wp-json\/wp\/v2\/posts\/6615","targetHints":{"allow":["GET"]}}],"collection":[{"href":"https:\/\/forumjustica.com.br\/es\/wp-json\/wp\/v2\/posts"}],"about":[{"href":"https:\/\/forumjustica.com.br\/es\/wp-json\/wp\/v2\/types\/post"}],"author":[{"embeddable":true,"href":"https:\/\/forumjustica.com.br\/es\/wp-json\/wp\/v2\/users\/13"}],"replies":[{"embeddable":true,"href":"https:\/\/forumjustica.com.br\/es\/wp-json\/wp\/v2\/comments?post=6615"}],"version-history":[{"count":1,"href":"https:\/\/forumjustica.com.br\/es\/wp-json\/wp\/v2\/posts\/6615\/revisions"}],"predecessor-version":[{"id":17564,"href":"https:\/\/forumjustica.com.br\/es\/wp-json\/wp\/v2\/posts\/6615\/revisions\/17564"}],"wp:attachment":[{"href":"https:\/\/forumjustica.com.br\/es\/wp-json\/wp\/v2\/media?parent=6615"}],"wp:term":[{"taxonomy":"category","embeddable":true,"href":"https:\/\/forumjustica.com.br\/es\/wp-json\/wp\/v2\/categories?post=6615"},{"taxonomy":"post_tag","embeddable":true,"href":"https:\/\/forumjustica.com.br\/es\/wp-json\/wp\/v2\/tags?post=6615"},{"taxonomy":"anos","embeddable":true,"href":"https:\/\/forumjustica.com.br\/es\/wp-json\/wp\/v2\/anos?post=6615"},{"taxonomy":"projetos","embeddable":true,"href":"https:\/\/forumjustica.com.br\/es\/wp-json\/wp\/v2\/projetos?post=6615"},{"taxonomy":"autorias","embeddable":true,"href":"https:\/\/forumjustica.com.br\/es\/wp-json\/wp\/v2\/autorias?post=6615"},{"taxonomy":"eixos_tematicos","embeddable":true,"href":"https:\/\/forumjustica.com.br\/es\/wp-json\/wp\/v2\/eixos_tematicos?post=6615"},{"taxonomy":"locais","embeddable":true,"href":"https:\/\/forumjustica.com.br\/es\/wp-json\/wp\/v2\/locais?post=6615"},{"taxonomy":"pessoas","embeddable":true,"href":"https:\/\/forumjustica.com.br\/es\/wp-json\/wp\/v2\/pessoas?post=6615"},{"taxonomy":"estado","embeddable":true,"href":"https:\/\/forumjustica.com.br\/es\/wp-json\/wp\/v2\/estado?post=6615"},{"taxonomy":"academia","embeddable":true,"href":"https:\/\/forumjustica.com.br\/es\/wp-json\/wp\/v2\/academia?post=6615"},{"taxonomy":"sociedade_civil","embeddable":true,"href":"https:\/\/forumjustica.com.br\/es\/wp-json\/wp\/v2\/sociedade_civil?post=6615"}],"curies":[{"name":"wp","href":"https:\/\/api.w.org\/{rel}","templated":true}]}}