{"id":6733,"date":"2013-07-27T01:23:11","date_gmt":"2013-07-27T04:23:11","guid":{"rendered":"https:\/\/forumjustica.vlannetwork.com\/?p=6733"},"modified":"2022-09-04T21:16:14","modified_gmt":"2022-09-05T00:16:14","slug":"possiveis-rotas-para-conformacao-do-gt-latinoiberoamericano","status":"publish","type":"post","link":"https:\/\/forumjustica.com.br\/es\/possiveis-rotas-para-conformacao-do-gt-latinoiberoamericano\/","title":{"rendered":"Posibles rutas para la conformaci\u00f3n del GT Ibero-latinoamericano"},"content":{"rendered":"<p><\/p>\n<h2>Posibles rutas para la conformaci\u00f3n del GT Ibero-latinoamericano<\/h2>\n<p><strong>Hist\u00f3rico: impulsos y apoyo.<\/strong><\/p>\n<p>.\u00a0 \u00a0 \u00a0 \u00a0 \u00a0EUROsociAL Justicia (\u00e1rea tem\u00e1tica del proyecto Programa Regional para la Cohesi\u00f3n Social en Am\u00e9rica Latina \/ Comisi\u00f3n Europea): Justicia como Servicio P\u00fablico \u2013 Encuentro en Santa Cruz de La Sierra, 2006.<\/p>\n<p>.\u00a0 \u00a0 \u00a0 \u00a0 \u00a0Seminario Interamericano sobre Gobierno Judicial (Centro de Estudios de Justicia de las Am\u00e9ricas \u2013 CEJA\/Fundaci\u00f3n Carolina \u2013 Argentina), Buenos Aires, 2007.<\/p>\n<p>.\u00a0 \u00a0 \u00a0 \u00a0 \u00a0100 Reglas de Brasilia sobre Acceso a la Justicia de las personas en condici\u00f3n de vulnerabilidad. XIV Conferencia Judicial Iberoamericana, Brasilia, 2008.<\/p>\n<p>.\u00a0 \u00a0 \u00a0 \u00a0 \u00a0IV Encuentro Internacional de Redes EUROsociAL. Salvador, Bah\u00eda, 2009.<\/p>\n<p>.\u00a0 \u00a0 \u00a0 \u00a0 \u00a0Seminario sobre las 100 Reglas de Brasilia para el Acceso a la Justicia de personas en condici\u00f3n de vulnerabilidad, Asociaci\u00f3n Estadual de los Defensores P\u00fablicos del Estado de R\u00edo de Janeiro \u2013 ADPERJ, R\u00edo de Janeiro, 2009.<\/p>\n<p>.\u00a0 \u00a0 \u00a0 \u00a0 \u00a0II An\u00e1lisis de las 100 Reglas de Brasilia por Instituciones del Sistema de Justicia del Cono Sur: El Acceso a la Justicia de personas en condici\u00f3n de vulnerabilidad \u2013 homenaje al catedr\u00e1tico Santos Pastor Prieto, Buenos Aires, 2010.<\/p>\n<p>.\u00a0 \u00a0 \u00a0 \u00a0 \u00a0F\u00d3RUM JUSTICIA: Instalaci\u00f3n y Reuni\u00f3n General, R\u00edo de Janeiro, 2011.<\/p>\n<p>.\u00a0 \u00a0 \u00a0 \u00a0 \u00a0Segunda Reuni\u00f3n General, FJ, 22 de marzo de 2013.<\/p>\n<div id=\"attachment_10884\" style=\"width: 160px\" class=\"wp-caption alignright\"><a href=\"https:\/\/forumjustica.com.br\/wp-content\/uploads\/2013\/07\/a-justi-a-como-servi-o-p-blico-bol-via-2006-150x1501-1.png\"><img loading=\"lazy\" decoding=\"async\" aria-describedby=\"caption-attachment-10884\" class=\"size-full wp-image-10884\" src=\"https:\/\/forumjustica.com.br\/wp-content\/uploads\/2013\/07\/a-justi-a-como-servi-o-p-blico-bol-via-2006-150x1501-1.png\" alt=\"A Justi\u00e7a como Servi\u00e7o P\u00fablico Di\u00e1logo Europa-Am\u00e9rica Latina para a Coes\u00e3o Social Santa Cruz de La Sierra, Bol\u00edvia. 2006\" width=\"150\" height=\"150\" \/><\/a><p id=\"caption-attachment-10884\" class=\"wp-caption-text\">La Justicia como Servicio P\u00fablico Di\u00e1logo Europa-Am\u00e9rica Latina para\u00a0la Cohesi\u00f3n Social Santa Cruz de La Sierra, Bol\u00edvia. 2006<\/p><\/div>\n<div id=\"attachment_10885\" style=\"width: 160px\" class=\"wp-caption alignright\"><a href=\"https:\/\/forumjustica.com.br\/wp-content\/uploads\/2013\/07\/an-lise-das-100-regras-de-bras-lia-Brasil-2009-150x150-1.png\"><img loading=\"lazy\" decoding=\"async\" aria-describedby=\"caption-attachment-10885\" class=\"size-full wp-image-10885\" src=\"https:\/\/forumjustica.com.br\/wp-content\/uploads\/2013\/07\/an-lise-das-100-regras-de-bras-lia-Brasil-2009-150x150-1.png\" alt=\"An\u00e1lise das 100 Regras de Bras\u00edlia por Institui\u00e7\u00f5es do Sistema de Justi\u00e7a do Cone Sul O Acesso a Justi\u00e7a por pessoas em condi\u00e7\u00e3o de vulnerabilidade Rio de Janeiro, Brasil \u2013 2009\" width=\"150\" height=\"150\" \/><\/a><p id=\"caption-attachment-10885\" class=\"wp-caption-text\">An\u00e1lisis de las 100 Reglas de Bras\u00edlia por Instituciones del Sistema de Justicia del Cono Sur.\u00a0El Acceso a la Justicia por personas en condici\u00f3n de vulnerabilidad. R\u00edo de Janeiro, Brasil \u2013 2009<\/p><\/div>\n<div id=\"attachment_10886\" style=\"width: 160px\" class=\"wp-caption alignright\"><a href=\"https:\/\/forumjustica.com.br\/wp-content\/uploads\/2013\/07\/II-an-lise-das-100-regras-de-bras-lia-Argentina-2010-150x150-1.jpg\"><img loading=\"lazy\" decoding=\"async\" aria-describedby=\"caption-attachment-10886\" class=\"size-full wp-image-10886 alignright\" src=\"https:\/\/forumjustica.com.br\/wp-content\/uploads\/2013\/07\/II-an-lise-das-100-regras-de-bras-lia-Argentina-2010-150x150-1.jpg\" alt=\"II An\u00e1lise das 100 Regras de Bras\u00edlia por Institui\u00e7\u00f5es do Sistema de Justi\u00e7a do Cone Sul O Acesso a Justi\u00e7a por pessoas em condi\u00e7\u00e3o de vulnerabilidade Homenagem ao Catedr\u00e1tico Santos Pastor Prieto Buenos Aires, Argentina \u2013 2010\" width=\"150\" height=\"150\" \/><\/a><p id=\"caption-attachment-10886\" class=\"wp-caption-text\">An\u00e1lisis de las 100 Reglas de Bras\u00edlia por Instituciones del Sistema de Justicia del Cono Sur.\u00a0El Acceso a la Justicia por personas en condici\u00f3n de vulnerabilidad. Homenaje al Catedr\u00e1tico Santos Pastor Prieto Buenos Aires, Argentina \u2013 2010<\/p><\/div>\n<p><strong>\u00bfQu\u00e9 nos convoca cuando hablamos de di\u00e1logos latino\/iberoamericanos?<\/strong><\/p>\n<p>La necesidad de reflexionar en torno a diversas realidades de los pa\u00edses de la Regi\u00f3n, m\u00e1s all\u00e1 del foco local, promoviendo perspectivas transnacionales en torno de la Justicia como pol\u00edtica p\u00fablica y como derecho estrat\u00e9gico.<\/p>\n<p>Partiendo de la confrontaci\u00f3n y confluencia de esas realidades, identificar iniciativas y buenas pr\u00e1cticas de la sociedad civil orientadas a la democratizaci\u00f3n de la Justicia.<\/p>\n<p>Y explorar posibilidades de impulso de un movimiento m\u00e1s amplio y continuo de participaci\u00f3n social con potencialidad de promover transformaciones profundas en el proceso de democratizaci\u00f3n del sistema de Justicia en la Regi\u00f3n, as\u00ed como discutir el modelo integrador de justicia (reconocimiento de identidades, redistribuci\u00f3n de la riqueza y participaci\u00f3n popular).<\/p>\n<div>\n<p><strong>\u00bfQu\u00e9 ser\u00eda entonces el GT Ibero-latinoamericano?<\/strong><\/p>\n<p>Espacio dedicado al estudio, recolecci\u00f3n de datos y an\u00e1lisis sobre pol\u00edtica judicial, con la implementaci\u00f3n de estrategias para la intercesi\u00f3n de la agenda de F\u00f3rum Justicia con la emanada de la Cumbre Judicial Iberoamericana, observada la producci\u00f3n del sector acad\u00e9mico y el c\u00famulo de organizaciones y movimientos sociales de Am\u00e9rica Latina.<\/p>\n<p><strong>Objetivos generales:<\/strong><\/p>\n<p>\u00b7\u00a0\u00a0\u00a0\u00a0\u00a0\u00a0\u00a0\u00a0 Ampliar la densidad democr\u00e1tica para el sector justicia;<\/p>\n<p>\u00b7\u00a0\u00a0\u00a0\u00a0\u00a0\u00a0\u00a0\u00a0 Discutir mecanismos innovadores, con potencialidades promisorias existentes en la Regi\u00f3n, buscando<\/p>\n<p>\u00b7\u00a0\u00a0\u00a0\u00a0\u00a0\u00a0\u00a0\u00a0 Estimular e incrementar la participaci\u00f3n popular en la formulaci\u00f3n, monitoreo, evaluaci\u00f3n y revisi\u00f3n de las pol\u00edticas p\u00fablicas del sistema de justicia.<\/p>\n<p><strong>Acciones iniciales propuestas:<\/strong><\/p>\n<p>Promover la discusi\u00f3n interna sobre las perspectivas que la articulaci\u00f3n FJ tiene en torno a la proyecci\u00f3n propuesta (de lo local a lo regional).<\/p>\n<p>Identificar posibles alianzas en otros pa\u00edses de la Regi\u00f3n.<\/p>\n<p>Formar equipo y trazar un plan de trabajo para:<\/p>\n<p>(i) Sistematizar el estado de la cuesti\u00f3n a partir de la revisi\u00f3n de los documentos derivados de plataformas institucionales interamericanas e iberoamericanas, de informes y estudios producidos por las agencias del Estado, movimientos y organizaciones sociales y sectores acad\u00e9micos, sobre acciones de la sociedad civil en los pa\u00edses latinoamericanos despu\u00e9s de la emisi\u00f3n de las 100 Reglas de Brasilia y otras prescripciones de la Cumbre Judicial Iberoamericana.<\/p>\n<p>(ii) Concretar alianzas en otros pa\u00edses de la Regi\u00f3n.<\/p>\n<p>(iii) Identificar y caracterizar iniciativas innovadoras direccionadas a la democratizaci\u00f3n del Sistema de Justicia, desarrolladas o en marcha, por medio del estudio de caso, con el fin de conocer sus l\u00edmites y posibilidades.<\/p>\n<p style=\"text-align: center;\">\n<\/div>\n<p><a href=\"https:\/\/forumjustica.com.br\/wp-content\/uploads\/2013\/07\/GT_IBERO_LATINO_AMERICA.definitivo_ppt.jpg\"><img loading=\"lazy\" decoding=\"async\" class=\"aligncenter size-medium wp-image-6734\" title=\"GT_IBERO_LATINO_AMERICA.definitivo_ppt\" src=\"https:\/\/forumjustica.com.br\/wp-content\/uploads\/2013\/07\/GT_IBERO_LATINO_AMERICA.definitivo_ppt-300x225-1.jpg\" alt=\"\" width=\"300\" height=\"225\" \/><\/a><\/p>","protected":false},"excerpt":{"rendered":"<p>Posibles rutas para la conformaci\u00f3n del GT Ibero-latinoamericano Hist\u00f3rico: impulsos y apoyo. .\u00a0 \u00a0 \u00a0 \u00a0 \u00a0EUROsociAL Justicia (\u00e1rea tem\u00e1tica del proyecto Programa Regional para la Cohesi\u00f3n Social en Am\u00e9rica Latina \/ Comisi\u00f3n Europea): Justicia como Servicio P\u00fablico \u2013 Encuentro en Santa Cruz de La Sierra, 2006. .\u00a0 \u00a0 \u00a0 \u00a0 \u00a0Seminario Interamericano sobre Gobierno [&hellip;]<\/p>\n","protected":false},"author":13,"featured_media":0,"comment_status":"closed","ping_status":"closed","sticky":false,"template":"","format":"standard","meta":{"inline_featured_image":false,"footnotes":""},"categories":[114,1],"tags":[],"anos":[],"projetos":[],"autorias":[],"eixos_tematicos":[],"locais":[],"pessoas":[],"estado":[],"academia":[],"sociedade_civil":[],"class_list":["post-6733","post","type-post","status-publish","format-standard","hentry","category-grupos-de-trabalho","category-noticias"],"_links":{"self":[{"href":"https:\/\/forumjustica.com.br\/es\/wp-json\/wp\/v2\/posts\/6733","targetHints":{"allow":["GET"]}}],"collection":[{"href":"https:\/\/forumjustica.com.br\/es\/wp-json\/wp\/v2\/posts"}],"about":[{"href":"https:\/\/forumjustica.com.br\/es\/wp-json\/wp\/v2\/types\/post"}],"author":[{"embeddable":true,"href":"https:\/\/forumjustica.com.br\/es\/wp-json\/wp\/v2\/users\/13"}],"replies":[{"embeddable":true,"href":"https:\/\/forumjustica.com.br\/es\/wp-json\/wp\/v2\/comments?post=6733"}],"version-history":[{"count":1,"href":"https:\/\/forumjustica.com.br\/es\/wp-json\/wp\/v2\/posts\/6733\/revisions"}],"predecessor-version":[{"id":17561,"href":"https:\/\/forumjustica.com.br\/es\/wp-json\/wp\/v2\/posts\/6733\/revisions\/17561"}],"wp:attachment":[{"href":"https:\/\/forumjustica.com.br\/es\/wp-json\/wp\/v2\/media?parent=6733"}],"wp:term":[{"taxonomy":"category","embeddable":true,"href":"https:\/\/forumjustica.com.br\/es\/wp-json\/wp\/v2\/categories?post=6733"},{"taxonomy":"post_tag","embeddable":true,"href":"https:\/\/forumjustica.com.br\/es\/wp-json\/wp\/v2\/tags?post=6733"},{"taxonomy":"anos","embeddable":true,"href":"https:\/\/forumjustica.com.br\/es\/wp-json\/wp\/v2\/anos?post=6733"},{"taxonomy":"projetos","embeddable":true,"href":"https:\/\/forumjustica.com.br\/es\/wp-json\/wp\/v2\/projetos?post=6733"},{"taxonomy":"autorias","embeddable":true,"href":"https:\/\/forumjustica.com.br\/es\/wp-json\/wp\/v2\/autorias?post=6733"},{"taxonomy":"eixos_tematicos","embeddable":true,"href":"https:\/\/forumjustica.com.br\/es\/wp-json\/wp\/v2\/eixos_tematicos?post=6733"},{"taxonomy":"locais","embeddable":true,"href":"https:\/\/forumjustica.com.br\/es\/wp-json\/wp\/v2\/locais?post=6733"},{"taxonomy":"pessoas","embeddable":true,"href":"https:\/\/forumjustica.com.br\/es\/wp-json\/wp\/v2\/pessoas?post=6733"},{"taxonomy":"estado","embeddable":true,"href":"https:\/\/forumjustica.com.br\/es\/wp-json\/wp\/v2\/estado?post=6733"},{"taxonomy":"academia","embeddable":true,"href":"https:\/\/forumjustica.com.br\/es\/wp-json\/wp\/v2\/academia?post=6733"},{"taxonomy":"sociedade_civil","embeddable":true,"href":"https:\/\/forumjustica.com.br\/es\/wp-json\/wp\/v2\/sociedade_civil?post=6733"}],"curies":[{"name":"wp","href":"https:\/\/api.w.org\/{rel}","templated":true}]}}