{"id":6746,"date":"2013-07-29T09:00:50","date_gmt":"2013-07-29T11:00:50","guid":{"rendered":"https:\/\/forumjustica.vlannetwork.com\/?p=6746"},"modified":"2022-09-04T21:16:14","modified_gmt":"2022-09-05T00:16:14","slug":"a-cidade-e-da-multidao","status":"publish","type":"post","link":"https:\/\/forumjustica.com.br\/es\/a-cidade-e-da-multidao\/","title":{"rendered":"S\u00e9rie de Col\u00f3quios Outros Monstros Poss\u00edveis: A CIDADE \u00c9 DA MULTID\u00c3O"},"content":{"rendered":"<p>Quando? Quinta-feira 1o de AGOSTO das 14 \u00e0s 17h30<\/p>\n<p>No meio dos debates sobre taxa de crescimento do PIB, emerg\u00eancia de uma nova classe m\u00e9dia, megaeventos e megaobras, multiplicam-se resist\u00eancias que se manifestam monstruosamente:a multid\u00e3o resiste a essa homologa\u00e7\u00e3o. Pretende-se discutir processos constituintes e potentes devires das e nas metr\u00f3poles brasileiras sob v\u00e1rios aspectos: pol\u00edticos, econ\u00f4micos sociais, culturais e subjetivos.<\/p>\n<p>Com:<br \/>\nBruno Stehling [ Das Lutas ]<br \/>\nGizelle Martins [ Jornal o Cidad\u00e3o &#8211; Mar\u00e9 ]<br \/>\nNoelle Resende [ PUC-Rio ]<br \/>\nPedro Mendes [ Universidade N\u00f4made RJ ]<br \/>\nRodrigo Bertrame [ Blog Linhas de Fuga ]<br \/>\nRog\u00e9ria Peixinho [ Marcha das Vadias ]<\/p>\n<p>S\u00e9rie de col\u00f3quios iniciada em 2008.<br \/>\nOrganiza\u00e7\u00e3o: Giuseppe Cocco (PPGCO\/UFRJ e Universidade N\u00f4made), Mauricio Siqueira (FCRB), Emerson Mehry (UFRJ) e Lia Calabre (FCRB)<\/p>\n<p>CADA DE RUI BARBOSA &#8211; Rua S\u00e3o Clemente, 134 \u2013 Botafogo (Sala de Cursos) Entrada franca &#8211; Mais informa\u00e7\u00f5es em:<br \/>\n<a href=\"https:\/\/www.facebook.com\/events\/480767588673844\/481131955304074\/?ref=notif&#038;notif_t=like\">https:\/\/www.facebook.com\/events\/480767588673844\/481131955304074\/?ref=notif&#038;notif_t=like<\/a><\/p>\n<p>(Design de Cartaz: Barbara Szaniecki)<\/p>\n<p><a href=\"https:\/\/forumjustica.com.br\/wp-content\/uploads\/2013\/07\/a-cidade-\u00e9-da-multid\u00e3o.jpg\"><img loading=\"lazy\" decoding=\"async\" class=\"aligncenter size-full wp-image-6747\" title=\"a cidade \u00e9 da multid\u00e3o\" src=\"https:\/\/forumjustica.com.br\/wp-content\/uploads\/2013\/07\/a-cidade-\u00e9-da-multid\u00e3o.jpg\" alt=\"\" width=\"679\" height=\"960\" \/><\/a><\/p>","protected":false},"excerpt":{"rendered":"<p>Quando? Quinta-feira 1o de AGOSTO das 14 \u00e0s 17h30 No meio dos debates sobre taxa de crescimento do PIB, emerg\u00eancia de uma nova classe m\u00e9dia, megaeventos e megaobras, multiplicam-se resist\u00eancias que se manifestam monstruosamente:a multid\u00e3o resiste a essa homologa\u00e7\u00e3o. Pretende-se discutir processos constituintes e potentes devires das e nas metr\u00f3poles brasileiras sob v\u00e1rios aspectos: pol\u00edticos, [&hellip;]<\/p>\n","protected":false},"author":13,"featured_media":0,"comment_status":"open","ping_status":"closed","sticky":false,"template":"","format":"standard","meta":{"inline_featured_image":false,"footnotes":""},"categories":[1],"tags":[],"anos":[],"projetos":[],"autorias":[],"eixos_tematicos":[],"locais":[],"pessoas":[],"estado":[],"academia":[],"sociedade_civil":[],"class_list":["post-6746","post","type-post","status-publish","format-standard","hentry","category-noticias"],"_links":{"self":[{"href":"https:\/\/forumjustica.com.br\/es\/wp-json\/wp\/v2\/posts\/6746","targetHints":{"allow":["GET"]}}],"collection":[{"href":"https:\/\/forumjustica.com.br\/es\/wp-json\/wp\/v2\/posts"}],"about":[{"href":"https:\/\/forumjustica.com.br\/es\/wp-json\/wp\/v2\/types\/post"}],"author":[{"embeddable":true,"href":"https:\/\/forumjustica.com.br\/es\/wp-json\/wp\/v2\/users\/13"}],"replies":[{"embeddable":true,"href":"https:\/\/forumjustica.com.br\/es\/wp-json\/wp\/v2\/comments?post=6746"}],"version-history":[{"count":1,"href":"https:\/\/forumjustica.com.br\/es\/wp-json\/wp\/v2\/posts\/6746\/revisions"}],"predecessor-version":[{"id":17560,"href":"https:\/\/forumjustica.com.br\/es\/wp-json\/wp\/v2\/posts\/6746\/revisions\/17560"}],"wp:attachment":[{"href":"https:\/\/forumjustica.com.br\/es\/wp-json\/wp\/v2\/media?parent=6746"}],"wp:term":[{"taxonomy":"category","embeddable":true,"href":"https:\/\/forumjustica.com.br\/es\/wp-json\/wp\/v2\/categories?post=6746"},{"taxonomy":"post_tag","embeddable":true,"href":"https:\/\/forumjustica.com.br\/es\/wp-json\/wp\/v2\/tags?post=6746"},{"taxonomy":"anos","embeddable":true,"href":"https:\/\/forumjustica.com.br\/es\/wp-json\/wp\/v2\/anos?post=6746"},{"taxonomy":"projetos","embeddable":true,"href":"https:\/\/forumjustica.com.br\/es\/wp-json\/wp\/v2\/projetos?post=6746"},{"taxonomy":"autorias","embeddable":true,"href":"https:\/\/forumjustica.com.br\/es\/wp-json\/wp\/v2\/autorias?post=6746"},{"taxonomy":"eixos_tematicos","embeddable":true,"href":"https:\/\/forumjustica.com.br\/es\/wp-json\/wp\/v2\/eixos_tematicos?post=6746"},{"taxonomy":"locais","embeddable":true,"href":"https:\/\/forumjustica.com.br\/es\/wp-json\/wp\/v2\/locais?post=6746"},{"taxonomy":"pessoas","embeddable":true,"href":"https:\/\/forumjustica.com.br\/es\/wp-json\/wp\/v2\/pessoas?post=6746"},{"taxonomy":"estado","embeddable":true,"href":"https:\/\/forumjustica.com.br\/es\/wp-json\/wp\/v2\/estado?post=6746"},{"taxonomy":"academia","embeddable":true,"href":"https:\/\/forumjustica.com.br\/es\/wp-json\/wp\/v2\/academia?post=6746"},{"taxonomy":"sociedade_civil","embeddable":true,"href":"https:\/\/forumjustica.com.br\/es\/wp-json\/wp\/v2\/sociedade_civil?post=6746"}],"curies":[{"name":"wp","href":"https:\/\/api.w.org\/{rel}","templated":true}]}}