{"id":6784,"date":"2013-08-06T09:59:14","date_gmt":"2013-08-06T11:59:14","guid":{"rendered":"https:\/\/forumjustica.vlannetwork.com\/?p=6784"},"modified":"2022-09-04T21:16:14","modified_gmt":"2022-09-05T00:16:14","slug":"bolivia-deve-aprovar-lei-da-mae-terra","status":"publish","type":"post","link":"https:\/\/forumjustica.com.br\/es\/bolivia-deve-aprovar-lei-da-mae-terra\/","title":{"rendered":"Bol\u00edvia deve aprovar Lei da M\u00e3e Terra"},"content":{"rendered":"<p><a href=\"https:\/\/forumjustica.com.br\/wp-content\/uploads\/2013\/08\/1alegria_pachamama-231x300-1.jpg\"><img loading=\"lazy\" decoding=\"async\" src=\"https:\/\/forumjustica.com.br\/wp-content\/uploads\/2013\/08\/1alegria_pachamama-231x300-1.jpg\" alt=\"\" title=\"1alegria_pachamama-231x300\" width=\"231\" height=\"300\" class=\"aligncenter size-full wp-image-6785\" \/><\/a>A Bol\u00edvia est\u00e1 em vias da aprovar a primeira legisla\u00e7\u00e3o mundial dando \u00e0 natureza direitos iguais aos dos humanos. A Lei da M\u00e3e Terra, que conta com apoio de pol\u00edticos e grupos sociais, \u00e9 uma enorme redefini\u00e7\u00e3o de direitos. Ela qualifica os ricos dep\u00f3sitos minerais do pa\u00eds como \u201cben\u00e7\u00e3os\u201d, e se espera que promova uma mudan\u00e7a importante na conserva\u00e7\u00e3o e em medidas sociais para a redu\u00e7\u00e3o da polui\u00e7\u00e3o e controle da ind\u00fastria, em um pa\u00eds que tem sido h\u00e1 anos destru\u00eddo por conta de seus recursos, informa o Celsias.<\/p>\n<p>Na Confer\u00eancia do Clima de Cancun, a Bol\u00edvia destoou da maioria quando declarou que todo o processo era uma farsa, e que pa\u00edses em desenvolvimento n\u00e3o apenas estavam carregando a cruz da mudan\u00e7a do clima como, com novas medidas, teriam de cortar tamb\u00e9m mais suas emiss\u00f5es.<\/p>\n<p>A Lei da M\u00e3e Terra vai estabelcer 11 direitos para a natureza, incluindo o direito \u00e0 vida, o direito da continua\u00e7\u00e3o de ciclos e processos vitais livres de altera\u00e7\u00e3o humana, o direito a \u00e1gua e ar limpos, o direito ao equil\u00edbrio, e o direito de n\u00e3o ter estruturas celulares modificadas ou alteradas geneticamente. Ela tamb\u00e9m vai assegurar o direito de o pa\u00eds \u201cn\u00e3o ser afetado por megaestruturas e projetos de desenvolvimento que afetem o equil\u00edbrio de ecossistemas e as comunidades locais\u201d.<\/p>\n<p>Segundo o vice-presidente Alvaro Garc\u00eda Linera. \u201cela estabelece uma nova rela\u00e7\u00e3o entre homem e natureza. A harmonia que tem de ser preservada como garantia de sua regenera\u00e7\u00e3o. A terra \u00e9 a m\u00e3e de todos\u201d.  O presidente Evo Morales \u00e9 o primeiro ind\u00edgena americano a ocupar tal cargo, e tem sido um cr\u00edtico veemente de pa\u00edses industrializados que n\u00e3o est\u00e3o dispostos a manter o aquecimento da temperatura em um grau. \u00c9 compreens\u00edvel, j\u00e1 que o grau de aquecimento, que poderia chegar de 3.5 a  4 graus cent\u00edgrados, dadas tend\u00eancias atuais, significaria a desertifi\u00e7\u00e3o de grande parte da Bol\u00edvia.<\/p>\n<p>Esta mudan\u00e7a significa a ressurg\u00eancia da vis\u00e3o de um mundo ind\u00edgena andino, que coloca a deusa da Terra e do ambiente, Pachamama, no centro de toda a vida. Esta vis\u00e3o considera iguais os direitos humanos e de todas as outras entidades. A Bolivia sofre h\u00e1 tempos s\u00e9rios problema ambientais com a minera\u00e7\u00e3o de alum\u00ednio, prata, ouro e outras mat\u00e9rias primas.<\/p>\n<p>O ministro do exterior David Choquehuanca disse que o respeito tradicional dos \u00edndios por Pachamama \u00e9 vital para impedir a mudan\u00e7a do clima. \u201cNossos antepassados nos ensinaram que pertencemos a uma grande fam\u00edlia de plantas e animais. N\u00f3s, povos ind\u00edgenas, podemos com nossos valores contribuir com a solu\u00e7\u00e3o das crises energ\u00e9tica, clim\u00e1tica e alimentar\u201d.  Segundo a filosofia ind\u00edgena, Pachamama \u00e9 \u201csagrada, f\u00e9rtil e a fonte da vida que alimenta e cuida de todos os seres viventes em seu ventre.\u201d<\/p>\n<p><a href=\"http:\/\/www.dialogosdosul.org.br\/websul\/bolivia-deve-aprovar-lei-da-mae-terra\/\">http:\/\/www.dialogosdosul.org.br\/websul\/bolivia-deve-aprovar-lei-da-mae-terra\/<\/a><\/p>","protected":false},"excerpt":{"rendered":"<p>A Bol\u00edvia est\u00e1 em vias da aprovar a primeira legisla\u00e7\u00e3o mundial dando \u00e0 natureza direitos iguais aos dos humanos. A Lei da M\u00e3e Terra, que conta com apoio de pol\u00edticos e grupos sociais, \u00e9 uma enorme redefini\u00e7\u00e3o de direitos. Ela qualifica os ricos dep\u00f3sitos minerais do pa\u00eds como \u201cben\u00e7\u00e3os\u201d, e se espera que promova uma [&hellip;]<\/p>\n","protected":false},"author":13,"featured_media":0,"comment_status":"open","ping_status":"closed","sticky":false,"template":"","format":"standard","meta":{"inline_featured_image":false,"footnotes":""},"categories":[1],"tags":[],"anos":[],"projetos":[],"autorias":[],"eixos_tematicos":[],"locais":[],"pessoas":[],"estado":[],"academia":[],"sociedade_civil":[],"class_list":["post-6784","post","type-post","status-publish","format-standard","hentry","category-noticias"],"_links":{"self":[{"href":"https:\/\/forumjustica.com.br\/es\/wp-json\/wp\/v2\/posts\/6784","targetHints":{"allow":["GET"]}}],"collection":[{"href":"https:\/\/forumjustica.com.br\/es\/wp-json\/wp\/v2\/posts"}],"about":[{"href":"https:\/\/forumjustica.com.br\/es\/wp-json\/wp\/v2\/types\/post"}],"author":[{"embeddable":true,"href":"https:\/\/forumjustica.com.br\/es\/wp-json\/wp\/v2\/users\/13"}],"replies":[{"embeddable":true,"href":"https:\/\/forumjustica.com.br\/es\/wp-json\/wp\/v2\/comments?post=6784"}],"version-history":[{"count":1,"href":"https:\/\/forumjustica.com.br\/es\/wp-json\/wp\/v2\/posts\/6784\/revisions"}],"predecessor-version":[{"id":17552,"href":"https:\/\/forumjustica.com.br\/es\/wp-json\/wp\/v2\/posts\/6784\/revisions\/17552"}],"wp:attachment":[{"href":"https:\/\/forumjustica.com.br\/es\/wp-json\/wp\/v2\/media?parent=6784"}],"wp:term":[{"taxonomy":"category","embeddable":true,"href":"https:\/\/forumjustica.com.br\/es\/wp-json\/wp\/v2\/categories?post=6784"},{"taxonomy":"post_tag","embeddable":true,"href":"https:\/\/forumjustica.com.br\/es\/wp-json\/wp\/v2\/tags?post=6784"},{"taxonomy":"anos","embeddable":true,"href":"https:\/\/forumjustica.com.br\/es\/wp-json\/wp\/v2\/anos?post=6784"},{"taxonomy":"projetos","embeddable":true,"href":"https:\/\/forumjustica.com.br\/es\/wp-json\/wp\/v2\/projetos?post=6784"},{"taxonomy":"autorias","embeddable":true,"href":"https:\/\/forumjustica.com.br\/es\/wp-json\/wp\/v2\/autorias?post=6784"},{"taxonomy":"eixos_tematicos","embeddable":true,"href":"https:\/\/forumjustica.com.br\/es\/wp-json\/wp\/v2\/eixos_tematicos?post=6784"},{"taxonomy":"locais","embeddable":true,"href":"https:\/\/forumjustica.com.br\/es\/wp-json\/wp\/v2\/locais?post=6784"},{"taxonomy":"pessoas","embeddable":true,"href":"https:\/\/forumjustica.com.br\/es\/wp-json\/wp\/v2\/pessoas?post=6784"},{"taxonomy":"estado","embeddable":true,"href":"https:\/\/forumjustica.com.br\/es\/wp-json\/wp\/v2\/estado?post=6784"},{"taxonomy":"academia","embeddable":true,"href":"https:\/\/forumjustica.com.br\/es\/wp-json\/wp\/v2\/academia?post=6784"},{"taxonomy":"sociedade_civil","embeddable":true,"href":"https:\/\/forumjustica.com.br\/es\/wp-json\/wp\/v2\/sociedade_civil?post=6784"}],"curies":[{"name":"wp","href":"https:\/\/api.w.org\/{rel}","templated":true}]}}