{"id":6794,"date":"2013-08-07T16:17:52","date_gmt":"2013-08-07T18:17:52","guid":{"rendered":"https:\/\/forumjustica.vlannetwork.com\/?p=6794"},"modified":"2022-09-04T21:16:14","modified_gmt":"2022-09-05T00:16:14","slug":"encontro-discute-descolonialidade-e-crise","status":"publish","type":"post","link":"https:\/\/forumjustica.com.br\/es\/encontro-discute-descolonialidade-e-crise\/","title":{"rendered":"Encontro discute descolonialidade e crise"},"content":{"rendered":"<p>F\u00f3rum de Ci\u00eancia e Cultura<br \/>\nASSESSORIA DE IMPRENSA &#8211; GABINETE DO REITOR<br \/>\nassessoria@reitoria.ufrj.br<br \/>\nPor Laura Barbosa<\/p>\n<p>Nos dias 28, 29 e 30\/8 o campus Praia Vermelha da UFRJ sedia o \u201c4\u00ba Encontro da C\u00e1tedra Am\u00e9rica Latina e Colonialidade do Poder\u201d. Com o tema \u201cPara al\u00e9m da crise? Horizontes desde uma perspectiva descolonial\u201d, o evento prop\u00f5e a discuss\u00e3o acad\u00eamica sobre o conceito de descolonialidade no Brasil, al\u00e9m de diversos cen\u00e1rios na Am\u00e9rica Latina.<\/p>\n<p>A edi\u00e7\u00e3o deste ano tem base na reflex\u00e3o e an\u00e1lise de professores e pesquisadores da UFRJ, da Universidade Federal Fluminense (UFF) e Universidade Federal Rural do Rio de Janeiro (UFRRJ), que v\u00eam debatendo a teoria descolonial latino-americana em \u00e1reas de conhecimento como geografia, sociologia e planejamento urbano e regional.<\/p>\n<p>O encontro \u00e9 uma articula\u00e7\u00e3o das tr\u00eas universidades, que atrav\u00e9s da C\u00e1tedra j\u00e1 realizou doze eventos de discuss\u00e3o, tr\u00eas deles internacionais.<\/p>\n<p>Atrav\u00e9s da perspectiva descolonial, a ideia de crise ser\u00e1 quest\u00e3o-chave nos debates. \u201cJ\u00e1 se tornou lugar-comum, tanto nos meios intelectuais como nos meios de informa\u00e7\u00e3o de massa, falar de crise, gerando uma opini\u00e3o p\u00fablica que se reconhece numa crise. Mas o que \u00e9 que est\u00e1 em crise? Crise do capitalismo, ambiental, civilizat\u00f3ria? De que tipo de crise estamos falando?\u201d, questionam os organizadores do evento.<\/p>\n<p>A proposta dos pesquisadores \u00e9 aprofundar um pensamento cr\u00edtico que foge das limita\u00e7\u00f5es de uma interpreta\u00e7\u00e3o economicista das estruturas capitalistas, vinda do norte do continente americano.<\/p>\n<p>A troca entre a produ\u00e7\u00e3o intelectual brasileira e a de outros pa\u00edses latino-americanos contar\u00e1 com pain\u00e9is de confer\u00eancia de convidados internacionais que, em cada um dos tr\u00eas dias, se dedicar\u00e3o \u00e0 an\u00e1lise de um eixo tem\u00e1tico.<\/p>\n<p>O primeiro painel, \u201cEstado e poder\u201d, ter\u00e1 como conferencistas Luis Tapia, fil\u00f3sofo e doutor em Ci\u00eancias Pol\u00edticas, diretor do doutorado multidisciplinar em Ci\u00eancia do Desenvolvimento da Universidad Mayor de San Andr\u00e9s (UMSA) e da Universidad Nacional Aut\u00f3noma de M\u00e9xico (UNAM), no M\u00e9xico; Agustin Lao-Montes, soci\u00f3logo da Universidade de Massachusetts, nos Estados Unidos; e Edgardo Lander, soci\u00f3logo venezuelano da Universidade Central da Venezuela.<\/p>\n<p>No segundo dia, o painel \u201cCapitalismo e desenvolvimento\u201d ter\u00e1 a presen\u00e7a de Anibal Quijano, membro da C\u00e1tedra Am\u00e9rica Latina e professor da Universidad Ricardo Palma, no Peru; e Alberto Acosta, economista equatoriano, professor e investigador da Faculdade Latinoamericana de Ci\u00eancias Sociais (FLACSO), no Equador.<\/p>\n<p>O painel do terceiro dia, \u201cExperi\u00eancias emancipat\u00f3rias\u201d, ter\u00e1 a participa\u00e7\u00e3o de Ana Ester Cece\u00f1a, economista investigadora do Instituto de Investiga\u00e7\u00f5es Econ\u00f4micas da Universidad Nacional Aut\u00f3noma de M\u00e9xico (UNAM), no M\u00e9xico; e Catherine Walsh, professora principal e diretora do doutorado em Estudos Culturais Latino-americanos na Universidad Andina Sim\u00f3n Bol\u00edvar, no Equador.<\/p>\n<p>Al\u00e9m das confer\u00eancias, est\u00e3o previstos debates abertos ao p\u00fablico universit\u00e1rio e mesas de trabalho, nas quais um grupo de cerca de 50 professores pesquisadores ir\u00e1 debater artigos, apontar desdobramentos de an\u00e1lises e planejar futuros encontros conjuntos.<\/p>\n<p>O acesso gratuito aos pain\u00e9is acontece das 9h \u00e0s 12h no Sal\u00e3o Pedro Calmon do campus Praia Vermelha da UFRJ (Avenida Pasteur, 250, 2\u00ba andar).<\/p>\n<p>As inscri\u00e7\u00f5es s\u00e3o limitadas e podem ser feitas pelo e-mail descolonialidade@forum.ufrj.br. Ao final do encontro, os participantes receber\u00e3o certificado.<\/p>\n<p><a href=\"http:\/\/www.ufrj.br\/docs\/2013\/catedra-america-latina.pdf\">Saiba mais sobre a proposta dos organizadores.<\/a><\/p>\n","protected":false},"excerpt":{"rendered":"<p>F\u00f3rum de Ci\u00eancia e Cultura ASSESSORIA DE IMPRENSA &#8211; GABINETE DO REITOR assessoria@reitoria.ufrj.br Por Laura Barbosa Nos dias 28, 29 e 30\/8 o campus Praia Vermelha da UFRJ sedia o \u201c4\u00ba Encontro da C\u00e1tedra Am\u00e9rica Latina e Colonialidade do Poder\u201d. Com o tema \u201cPara al\u00e9m da crise? Horizontes desde uma perspectiva descolonial\u201d, o evento prop\u00f5e [&hellip;]<\/p>\n","protected":false},"author":13,"featured_media":0,"comment_status":"open","ping_status":"closed","sticky":false,"template":"","format":"standard","meta":{"inline_featured_image":false,"footnotes":""},"categories":[1],"tags":[],"anos":[],"projetos":[],"autorias":[],"eixos_tematicos":[],"locais":[],"pessoas":[],"estado":[],"academia":[],"sociedade_civil":[],"class_list":["post-6794","post","type-post","status-publish","format-standard","hentry","category-noticias"],"_links":{"self":[{"href":"https:\/\/forumjustica.com.br\/es\/wp-json\/wp\/v2\/posts\/6794","targetHints":{"allow":["GET"]}}],"collection":[{"href":"https:\/\/forumjustica.com.br\/es\/wp-json\/wp\/v2\/posts"}],"about":[{"href":"https:\/\/forumjustica.com.br\/es\/wp-json\/wp\/v2\/types\/post"}],"author":[{"embeddable":true,"href":"https:\/\/forumjustica.com.br\/es\/wp-json\/wp\/v2\/users\/13"}],"replies":[{"embeddable":true,"href":"https:\/\/forumjustica.com.br\/es\/wp-json\/wp\/v2\/comments?post=6794"}],"version-history":[{"count":1,"href":"https:\/\/forumjustica.com.br\/es\/wp-json\/wp\/v2\/posts\/6794\/revisions"}],"predecessor-version":[{"id":17550,"href":"https:\/\/forumjustica.com.br\/es\/wp-json\/wp\/v2\/posts\/6794\/revisions\/17550"}],"wp:attachment":[{"href":"https:\/\/forumjustica.com.br\/es\/wp-json\/wp\/v2\/media?parent=6794"}],"wp:term":[{"taxonomy":"category","embeddable":true,"href":"https:\/\/forumjustica.com.br\/es\/wp-json\/wp\/v2\/categories?post=6794"},{"taxonomy":"post_tag","embeddable":true,"href":"https:\/\/forumjustica.com.br\/es\/wp-json\/wp\/v2\/tags?post=6794"},{"taxonomy":"anos","embeddable":true,"href":"https:\/\/forumjustica.com.br\/es\/wp-json\/wp\/v2\/anos?post=6794"},{"taxonomy":"projetos","embeddable":true,"href":"https:\/\/forumjustica.com.br\/es\/wp-json\/wp\/v2\/projetos?post=6794"},{"taxonomy":"autorias","embeddable":true,"href":"https:\/\/forumjustica.com.br\/es\/wp-json\/wp\/v2\/autorias?post=6794"},{"taxonomy":"eixos_tematicos","embeddable":true,"href":"https:\/\/forumjustica.com.br\/es\/wp-json\/wp\/v2\/eixos_tematicos?post=6794"},{"taxonomy":"locais","embeddable":true,"href":"https:\/\/forumjustica.com.br\/es\/wp-json\/wp\/v2\/locais?post=6794"},{"taxonomy":"pessoas","embeddable":true,"href":"https:\/\/forumjustica.com.br\/es\/wp-json\/wp\/v2\/pessoas?post=6794"},{"taxonomy":"estado","embeddable":true,"href":"https:\/\/forumjustica.com.br\/es\/wp-json\/wp\/v2\/estado?post=6794"},{"taxonomy":"academia","embeddable":true,"href":"https:\/\/forumjustica.com.br\/es\/wp-json\/wp\/v2\/academia?post=6794"},{"taxonomy":"sociedade_civil","embeddable":true,"href":"https:\/\/forumjustica.com.br\/es\/wp-json\/wp\/v2\/sociedade_civil?post=6794"}],"curies":[{"name":"wp","href":"https:\/\/api.w.org\/{rel}","templated":true}]}}