{"id":6797,"date":"2013-08-05T10:00:50","date_gmt":"2013-08-05T12:00:50","guid":{"rendered":"https:\/\/forumjustica.vlannetwork.com\/?p=6797"},"modified":"2022-09-04T21:16:14","modified_gmt":"2022-09-05T00:16:14","slug":"regularizacao-fundiaria-e-planejamento-urbano-nas-favelas-cariocas","status":"publish","type":"post","link":"https:\/\/forumjustica.com.br\/es\/regularizacao-fundiaria-e-planejamento-urbano-nas-favelas-cariocas\/","title":{"rendered":"Regulariza\u00e7\u00e3o Fundi\u00e1ria e Planejamento Urbano nas Favelas Cariocas"},"content":{"rendered":"<p><a href=\"https:\/\/forumjustica.com.br\/wp-content\/uploads\/2013\/08\/Casa_Fluminense_Leu_1.bmp\"><img decoding=\"async\" src=\"https:\/\/forumjustica.com.br\/wp-content\/uploads\/2013\/08\/Casa_Fluminense_Leu_1.bmp\" alt=\"\" title=\"Casa_Fluminense_Leu_1\" class=\"aligncenter size-full wp-image-6798\" \/><\/a><br \/>\nRegulariza\u00e7\u00e3o Fundi\u00e1ria e Planejamento Urbano nas Favelas Cariocas<\/p>\n<p>O alcance de melhorias na seguran\u00e7a p\u00fablica e o incremento da atividade econ\u00f4mica nas favelas cariocas que contam com as UPPs representam, ainda que incompletos, benef\u00edcios importantes para essas \u00e1reas quando comparadas com a sua experi\u00eancia hist\u00f3rica. Ganhos para territ\u00f3rios espec\u00edficos, no entanto, n\u00e3o significam necessariamente a apropria\u00e7\u00e3o deles por seus moradores.<\/p>\n<p>No caso das favelas cariocas, os avan\u00e7os recentes trazem consigo o efeito previs\u00edvel da valoriza\u00e7\u00e3o imobili\u00e1ria e da crescente press\u00e3o por mudan\u00e7as no perfil de ocupa\u00e7\u00e3o das \u00e1reas. Moradores s\u00e3o pressionados pelo aumento dos custos de aluguel e tarifas p\u00fablicas, enquanto novos residentes e investidores privados come\u00e7am a chegar motivados por custos ainda baixos para eles e pela perspectiva de continuidade da valoriza\u00e7\u00e3o futura.<\/p>\n<p>Esses s\u00e3o desdobramentos conhecidos da gera\u00e7\u00e3o de melhorias em \u00e1reas pobres ou degradadas em grandes cidades, e exigem assim a defini\u00e7\u00e3o adequada do qu\u00e3o desej\u00e1veis s\u00e3o em cada caso. No processo em curso no Rio, \u00e9 evidente o risco das mudan\u00e7as implicarem em preju\u00edzos para os moradores hist\u00f3ricos das favelas nas \u00e1reas centrais, mas tamb\u00e9m para a vida da cidade como um todo.<\/p>\n<p>Com sua origem na desigualdade social cr\u00f4nica e no planejamento urbano excludente, a forma\u00e7\u00e3o das favelas no n\u00facleo central do Rio legou no entanto um ambiente de rara diversidade na ocupa\u00e7\u00e3o da cidade, com benef\u00edcios amplos para a mobilidade, a vida cultural e criativa, a conviv\u00eancia plural e a frui\u00e7\u00e3o democr\u00e1tica da vida urbana. Enquanto outras metr\u00f3poles no mundo esfor\u00e7am-se hoje para promover tal diversidade, contrapondo a aparta\u00e7\u00e3o socioecon\u00f4mica em seus territ\u00f3rios, o Rio conta em larga medida com ela, e corre o risco de perd\u00ea-la.<\/p>\n<p>Diante disso, que instrumentos de pol\u00edtica p\u00fablica podem ser empregados para evitar esta tend\u00eancia e promover a apropria\u00e7\u00e3o dos benef\u00edcios das mudan\u00e7as pelos moradores das favelas? Quais os regimes poss\u00edveis para a regulariza\u00e7\u00e3o fundi\u00e1ria e a regula\u00e7\u00e3o urbana das favelas nesta perspectiva? Que pol\u00edticas sociais e de desenvolvimento econ\u00f4mico local deveriam compor um esfor\u00e7o articulado em favor desses objetivos?<\/p>","protected":false},"excerpt":{"rendered":"<p>Regulariza\u00e7\u00e3o Fundi\u00e1ria e Planejamento Urbano nas Favelas Cariocas O alcance de melhorias na seguran\u00e7a p\u00fablica e o incremento da atividade econ\u00f4mica nas favelas cariocas que contam com as UPPs representam, ainda que incompletos, benef\u00edcios importantes para essas \u00e1reas quando comparadas com a sua experi\u00eancia hist\u00f3rica. Ganhos para territ\u00f3rios espec\u00edficos, no entanto, n\u00e3o significam necessariamente a [&hellip;]<\/p>\n","protected":false},"author":13,"featured_media":0,"comment_status":"open","ping_status":"closed","sticky":false,"template":"","format":"standard","meta":{"inline_featured_image":false,"footnotes":""},"categories":[1],"tags":[],"anos":[],"projetos":[],"autorias":[],"eixos_tematicos":[],"locais":[],"pessoas":[],"estado":[],"academia":[],"sociedade_civil":[],"class_list":["post-6797","post","type-post","status-publish","format-standard","hentry","category-noticias"],"_links":{"self":[{"href":"https:\/\/forumjustica.com.br\/es\/wp-json\/wp\/v2\/posts\/6797","targetHints":{"allow":["GET"]}}],"collection":[{"href":"https:\/\/forumjustica.com.br\/es\/wp-json\/wp\/v2\/posts"}],"about":[{"href":"https:\/\/forumjustica.com.br\/es\/wp-json\/wp\/v2\/types\/post"}],"author":[{"embeddable":true,"href":"https:\/\/forumjustica.com.br\/es\/wp-json\/wp\/v2\/users\/13"}],"replies":[{"embeddable":true,"href":"https:\/\/forumjustica.com.br\/es\/wp-json\/wp\/v2\/comments?post=6797"}],"version-history":[{"count":1,"href":"https:\/\/forumjustica.com.br\/es\/wp-json\/wp\/v2\/posts\/6797\/revisions"}],"predecessor-version":[{"id":17553,"href":"https:\/\/forumjustica.com.br\/es\/wp-json\/wp\/v2\/posts\/6797\/revisions\/17553"}],"wp:attachment":[{"href":"https:\/\/forumjustica.com.br\/es\/wp-json\/wp\/v2\/media?parent=6797"}],"wp:term":[{"taxonomy":"category","embeddable":true,"href":"https:\/\/forumjustica.com.br\/es\/wp-json\/wp\/v2\/categories?post=6797"},{"taxonomy":"post_tag","embeddable":true,"href":"https:\/\/forumjustica.com.br\/es\/wp-json\/wp\/v2\/tags?post=6797"},{"taxonomy":"anos","embeddable":true,"href":"https:\/\/forumjustica.com.br\/es\/wp-json\/wp\/v2\/anos?post=6797"},{"taxonomy":"projetos","embeddable":true,"href":"https:\/\/forumjustica.com.br\/es\/wp-json\/wp\/v2\/projetos?post=6797"},{"taxonomy":"autorias","embeddable":true,"href":"https:\/\/forumjustica.com.br\/es\/wp-json\/wp\/v2\/autorias?post=6797"},{"taxonomy":"eixos_tematicos","embeddable":true,"href":"https:\/\/forumjustica.com.br\/es\/wp-json\/wp\/v2\/eixos_tematicos?post=6797"},{"taxonomy":"locais","embeddable":true,"href":"https:\/\/forumjustica.com.br\/es\/wp-json\/wp\/v2\/locais?post=6797"},{"taxonomy":"pessoas","embeddable":true,"href":"https:\/\/forumjustica.com.br\/es\/wp-json\/wp\/v2\/pessoas?post=6797"},{"taxonomy":"estado","embeddable":true,"href":"https:\/\/forumjustica.com.br\/es\/wp-json\/wp\/v2\/estado?post=6797"},{"taxonomy":"academia","embeddable":true,"href":"https:\/\/forumjustica.com.br\/es\/wp-json\/wp\/v2\/academia?post=6797"},{"taxonomy":"sociedade_civil","embeddable":true,"href":"https:\/\/forumjustica.com.br\/es\/wp-json\/wp\/v2\/sociedade_civil?post=6797"}],"curies":[{"name":"wp","href":"https:\/\/api.w.org\/{rel}","templated":true}]}}