{"id":6809,"date":"2013-08-16T15:49:44","date_gmt":"2013-08-16T17:49:44","guid":{"rendered":"https:\/\/forumjustica.vlannetwork.com\/?p=6809"},"modified":"2022-09-04T21:16:14","modified_gmt":"2022-09-05T00:16:14","slug":"viva-a-resistencia-e-a-persistencia-da-comunidade-e-de-todos-que-lutam-por-uma-cidade-para-todos","status":"publish","type":"post","link":"https:\/\/forumjustica.com.br\/es\/viva-a-resistencia-e-a-persistencia-da-comunidade-e-de-todos-que-lutam-por-uma-cidade-para-todos\/","title":{"rendered":"Viva a resist\u00eancia e a persist\u00eancia da comunidade e de todos que lutam por uma cidade para todos!"},"content":{"rendered":"<p>\u00a0<\/p>\n<p><a href=\"https:\/\/forumjustica.com.br\/wp-content\/uploads\/2013\/08\/campanha-viva-a-vila-autodromo.jpg\"><img loading=\"lazy\" decoding=\"async\" class=\"aligncenter size-full wp-image-6814\" title=\"Viva a Vila Aut\u00f3dromo\" src=\"https:\/\/forumjustica.com.br\/wp-content\/uploads\/2013\/08\/campanha-viva-a-vila-autodromo.jpg\" alt=\"\" width=\"292\" height=\"300\" \/><\/a><\/p>\n<p><strong>NOTA P\u00daBLICA<\/strong><br \/>\n<strong> VILA AUT\u00d3DROMO CONQUISTA SUA PERMAN\u00caNCIA!<\/strong><\/p>\n<p><em>Ap\u00f3s anos de resist\u00eancia e luta, a Vila Aut\u00f3dromo conquistou o compromisso do prefeito: a Vila Aut\u00f3dromo e seus moradores n\u00e3o ser\u00e3o removidos.<\/em><\/p>\n<p>A Associa\u00e7\u00e3o de Moradores da Vila Aut\u00f3dromo se reuniu com o Prefeito Eduardo Paes nesta sexta-feira, 09 de agosto de 2013. A reuni\u00e3o contou com a presen\u00e7a dos secret\u00e1rios municipais de meio ambiente e habita\u00e7\u00e3o, do Subprefeito da Barra da Tijuca e Jacarepagu\u00e1, de representante da Empresa Ol\u00edmpica Municipal e da Procuradoria Geral do Munic\u00edpio. \u00c0 convite da comunidade, participaram a Defensoria P\u00fablica do Estado, as duas universidades federais (IPPUR\/UFRJ e NEPHU\/UFF) que assessoraram os moradores na elabora\u00e7\u00e3o do Plano Popular e a Pastoral das Favelas.<\/p>\n<p>O prefeito reconheceu que houve equ\u00edvocos no tratamento \u00e0 comunidade e afirmou que est\u00e1 disposto a abrir uma rodada de negocia\u00e7\u00f5es baseada na perman\u00eancia da Vila Aut\u00f3dromo e sua urbaniza\u00e7\u00e3o. Os eventuais casos de reassentamento poder\u00e3o ser feitos na pr\u00f3pria \u00e1rea, caso o morador assim o deseje. O prefeito apresentou tamb\u00e9m como op\u00e7\u00f5es para os casos de reassentamento o apartamento no Parque Carioca ou indeniza\u00e7\u00e3o a pre\u00e7o de mercado.<\/p>\n<p>Para dar continuidade ao processo, foi constitu\u00eddo grupo para a negocia\u00e7\u00e3o que contar\u00e1 com t\u00e9cnicos da prefeitura, representantes dos moradores e sua assessoria t\u00e9cnica. As decis\u00f5es ser\u00e3o tamb\u00e9m submetidas a assembleias dos moradores. A comunidade afirmou que a base para o projeto de urbaniza\u00e7\u00e3o e regulariza\u00e7\u00e3o dever\u00e1 ser o Plano Popular.  A Vila Aut\u00f3dromo continua na luta pelo direito \u00e0 moradia, junto com outras comunidades amea\u00e7adas de remo\u00e7\u00e3o.<\/p>\n<p style=\"text-align: center;\"><strong>Viva a Vila Aut\u00f3dromo! A Vila Aut\u00f3dromo Vive!<\/strong><\/p>\n<p>Associa\u00e7\u00e3o de Moradores, Pescadores e Amigos da Vila Aut\u00f3dromo<\/p>","protected":false},"excerpt":{"rendered":"<p>\u00a0 NOTA P\u00daBLICA VILA AUT\u00d3DROMO CONQUISTA SUA PERMAN\u00caNCIA! Ap\u00f3s anos de resist\u00eancia e luta, a Vila Aut\u00f3dromo conquistou o compromisso do prefeito: a Vila Aut\u00f3dromo e seus moradores n\u00e3o ser\u00e3o removidos. A Associa\u00e7\u00e3o de Moradores da Vila Aut\u00f3dromo se reuniu com o Prefeito Eduardo Paes nesta sexta-feira, 09 de agosto de 2013. A reuni\u00e3o contou [&hellip;]<\/p>\n","protected":false},"author":13,"featured_media":0,"comment_status":"open","ping_status":"closed","sticky":false,"template":"","format":"standard","meta":{"inline_featured_image":false,"footnotes":""},"categories":[1],"tags":[],"anos":[],"projetos":[],"autorias":[],"eixos_tematicos":[],"locais":[],"pessoas":[],"estado":[],"academia":[],"sociedade_civil":[],"class_list":["post-6809","post","type-post","status-publish","format-standard","hentry","category-noticias"],"_links":{"self":[{"href":"https:\/\/forumjustica.com.br\/es\/wp-json\/wp\/v2\/posts\/6809","targetHints":{"allow":["GET"]}}],"collection":[{"href":"https:\/\/forumjustica.com.br\/es\/wp-json\/wp\/v2\/posts"}],"about":[{"href":"https:\/\/forumjustica.com.br\/es\/wp-json\/wp\/v2\/types\/post"}],"author":[{"embeddable":true,"href":"https:\/\/forumjustica.com.br\/es\/wp-json\/wp\/v2\/users\/13"}],"replies":[{"embeddable":true,"href":"https:\/\/forumjustica.com.br\/es\/wp-json\/wp\/v2\/comments?post=6809"}],"version-history":[{"count":1,"href":"https:\/\/forumjustica.com.br\/es\/wp-json\/wp\/v2\/posts\/6809\/revisions"}],"predecessor-version":[{"id":17548,"href":"https:\/\/forumjustica.com.br\/es\/wp-json\/wp\/v2\/posts\/6809\/revisions\/17548"}],"wp:attachment":[{"href":"https:\/\/forumjustica.com.br\/es\/wp-json\/wp\/v2\/media?parent=6809"}],"wp:term":[{"taxonomy":"category","embeddable":true,"href":"https:\/\/forumjustica.com.br\/es\/wp-json\/wp\/v2\/categories?post=6809"},{"taxonomy":"post_tag","embeddable":true,"href":"https:\/\/forumjustica.com.br\/es\/wp-json\/wp\/v2\/tags?post=6809"},{"taxonomy":"anos","embeddable":true,"href":"https:\/\/forumjustica.com.br\/es\/wp-json\/wp\/v2\/anos?post=6809"},{"taxonomy":"projetos","embeddable":true,"href":"https:\/\/forumjustica.com.br\/es\/wp-json\/wp\/v2\/projetos?post=6809"},{"taxonomy":"autorias","embeddable":true,"href":"https:\/\/forumjustica.com.br\/es\/wp-json\/wp\/v2\/autorias?post=6809"},{"taxonomy":"eixos_tematicos","embeddable":true,"href":"https:\/\/forumjustica.com.br\/es\/wp-json\/wp\/v2\/eixos_tematicos?post=6809"},{"taxonomy":"locais","embeddable":true,"href":"https:\/\/forumjustica.com.br\/es\/wp-json\/wp\/v2\/locais?post=6809"},{"taxonomy":"pessoas","embeddable":true,"href":"https:\/\/forumjustica.com.br\/es\/wp-json\/wp\/v2\/pessoas?post=6809"},{"taxonomy":"estado","embeddable":true,"href":"https:\/\/forumjustica.com.br\/es\/wp-json\/wp\/v2\/estado?post=6809"},{"taxonomy":"academia","embeddable":true,"href":"https:\/\/forumjustica.com.br\/es\/wp-json\/wp\/v2\/academia?post=6809"},{"taxonomy":"sociedade_civil","embeddable":true,"href":"https:\/\/forumjustica.com.br\/es\/wp-json\/wp\/v2\/sociedade_civil?post=6809"}],"curies":[{"name":"wp","href":"https:\/\/api.w.org\/{rel}","templated":true}]}}