{"id":6852,"date":"2013-08-19T15:52:38","date_gmt":"2013-08-19T17:52:38","guid":{"rendered":"https:\/\/forumjustica.vlannetwork.com\/?p=6852"},"modified":"2022-09-04T21:16:14","modified_gmt":"2022-09-05T00:16:14","slug":"audiencia-publica-emerj-organiza-audiencia-publica-convocada-pela-comissao-de-juristas-para-reforma-da-lei-de-execucoes-penais","status":"publish","type":"post","link":"https:\/\/forumjustica.com.br\/es\/audiencia-publica-emerj-organiza-audiencia-publica-convocada-pela-comissao-de-juristas-para-reforma-da-lei-de-execucoes-penais\/","title":{"rendered":"Audi\u00eancia P\u00fablica \u2013 EMERJ organiza audi\u00eancia p\u00fablica convocada pela Comiss\u00e3o de Juristas para Reforma da Lei de Execu\u00e7\u00f5es Penais"},"content":{"rendered":"<p>A Associa\u00e7\u00e3o dos Defensores P\u00fablicos do Estado do Rio de Janeiro &#8211; ADPERJ, por interm\u00e9dio da sua presidente Maria Leonor Fragoso Carreira, participou de reuni\u00e3o na Escola da Magistratura do Estado do Rio de Janeiro- EMERJ para tratar da organiza\u00e7\u00e3o de audi\u00eancia p\u00fablica convocada pela Comiss\u00e3o de Juristas para Reforma da Lei de Execu\u00e7\u00f5es Penais, criada pelo Senado Federal. Estiveram presentes como membros da Comiss\u00e3o o advogado e ex-defensor p\u00fablico geral T\u00e9cio Lins e Silva e o ex-presidente da ADPERJ Defensor P\u00fablico Denis de Oliveira Pra\u00e7a. A audi\u00eancia p\u00fablica ocorrer\u00e1 no dia 21 de setembro de 2013, \u00e0s 14h, no audit\u00f3rio Ant\u00f4nio Carlos Amorim (Av. Erasmo Braga, 115\/4\u00ba Andar, Pal\u00e1cio da Justi\u00e7a) e contar\u00e1 com o apoio da EMERJ, ADPERJ, MP\/RJ, Conselho Penitenci\u00e1rio do RJ, IAB e OAB. A ADPERJ convida os defensores p\u00fablicos, como prepara\u00e7\u00e3o para a audi\u00eancia p\u00fablica,\u00a0\u00a0para se reunirem em sua sede, no dia 09 de setembro, \u00e0s 14h, ocasi\u00e3o em que ser\u00e3o formuladas as sugest\u00f5es a serem apresentadas em nome da categoria.<\/p>\n","protected":false},"excerpt":{"rendered":"<p>A Associa\u00e7\u00e3o dos Defensores P\u00fablicos do Estado do Rio de Janeiro &#8211; ADPERJ, por interm\u00e9dio da sua presidente Maria Leonor Fragoso Carreira, participou de reuni\u00e3o na Escola da Magistratura do Estado do Rio de Janeiro- EMERJ para tratar da organiza\u00e7\u00e3o de audi\u00eancia p\u00fablica convocada pela Comiss\u00e3o de Juristas para Reforma da Lei de Execu\u00e7\u00f5es Penais, [&hellip;]<\/p>\n","protected":false},"author":13,"featured_media":0,"comment_status":"open","ping_status":"closed","sticky":false,"template":"","format":"standard","meta":{"inline_featured_image":false,"footnotes":""},"categories":[1],"tags":[],"anos":[],"projetos":[],"autorias":[],"eixos_tematicos":[],"locais":[],"pessoas":[],"estado":[],"academia":[],"sociedade_civil":[],"class_list":["post-6852","post","type-post","status-publish","format-standard","hentry","category-noticias"],"_links":{"self":[{"href":"https:\/\/forumjustica.com.br\/es\/wp-json\/wp\/v2\/posts\/6852","targetHints":{"allow":["GET"]}}],"collection":[{"href":"https:\/\/forumjustica.com.br\/es\/wp-json\/wp\/v2\/posts"}],"about":[{"href":"https:\/\/forumjustica.com.br\/es\/wp-json\/wp\/v2\/types\/post"}],"author":[{"embeddable":true,"href":"https:\/\/forumjustica.com.br\/es\/wp-json\/wp\/v2\/users\/13"}],"replies":[{"embeddable":true,"href":"https:\/\/forumjustica.com.br\/es\/wp-json\/wp\/v2\/comments?post=6852"}],"version-history":[{"count":1,"href":"https:\/\/forumjustica.com.br\/es\/wp-json\/wp\/v2\/posts\/6852\/revisions"}],"predecessor-version":[{"id":17545,"href":"https:\/\/forumjustica.com.br\/es\/wp-json\/wp\/v2\/posts\/6852\/revisions\/17545"}],"wp:attachment":[{"href":"https:\/\/forumjustica.com.br\/es\/wp-json\/wp\/v2\/media?parent=6852"}],"wp:term":[{"taxonomy":"category","embeddable":true,"href":"https:\/\/forumjustica.com.br\/es\/wp-json\/wp\/v2\/categories?post=6852"},{"taxonomy":"post_tag","embeddable":true,"href":"https:\/\/forumjustica.com.br\/es\/wp-json\/wp\/v2\/tags?post=6852"},{"taxonomy":"anos","embeddable":true,"href":"https:\/\/forumjustica.com.br\/es\/wp-json\/wp\/v2\/anos?post=6852"},{"taxonomy":"projetos","embeddable":true,"href":"https:\/\/forumjustica.com.br\/es\/wp-json\/wp\/v2\/projetos?post=6852"},{"taxonomy":"autorias","embeddable":true,"href":"https:\/\/forumjustica.com.br\/es\/wp-json\/wp\/v2\/autorias?post=6852"},{"taxonomy":"eixos_tematicos","embeddable":true,"href":"https:\/\/forumjustica.com.br\/es\/wp-json\/wp\/v2\/eixos_tematicos?post=6852"},{"taxonomy":"locais","embeddable":true,"href":"https:\/\/forumjustica.com.br\/es\/wp-json\/wp\/v2\/locais?post=6852"},{"taxonomy":"pessoas","embeddable":true,"href":"https:\/\/forumjustica.com.br\/es\/wp-json\/wp\/v2\/pessoas?post=6852"},{"taxonomy":"estado","embeddable":true,"href":"https:\/\/forumjustica.com.br\/es\/wp-json\/wp\/v2\/estado?post=6852"},{"taxonomy":"academia","embeddable":true,"href":"https:\/\/forumjustica.com.br\/es\/wp-json\/wp\/v2\/academia?post=6852"},{"taxonomy":"sociedade_civil","embeddable":true,"href":"https:\/\/forumjustica.com.br\/es\/wp-json\/wp\/v2\/sociedade_civil?post=6852"}],"curies":[{"name":"wp","href":"https:\/\/api.w.org\/{rel}","templated":true}]}}