{"id":6859,"date":"2013-08-21T10:00:28","date_gmt":"2013-08-21T12:00:28","guid":{"rendered":"https:\/\/forumjustica.vlannetwork.com\/?p=6859"},"modified":"2022-09-04T21:16:14","modified_gmt":"2022-09-05T00:16:14","slug":"consenso-de-montevideo-sobre-poblacion-y-desarrollo","status":"publish","type":"post","link":"https:\/\/forumjustica.com.br\/es\/consenso-de-montevideo-sobre-poblacion-y-desarrollo\/","title":{"rendered":"Consenso de Montevideo sobre Poblaci\u00f3n y Desarrollo"},"content":{"rendered":"<p><em>Primera reuni\u00f3n de la Conferencia Regional sobre Poblaci\u00f3n y Desarrollo de Am\u00e9rica Latina y el Caribe<\/em><\/p>\n<p><em>Integraci\u00f3n plena de la poblaci\u00f3n y su din\u00e1mica en el desarrollo sostenible con igualdad y enfoque de derechos: clave para el Programa de Acci\u00f3n de El Cairo despu\u00e9s de 2014<\/em><\/p>\n<p><em>Montevideo, 12 a 15 de agosto de 2013<\/em><\/p>\n<p><em><a href=\"https:\/\/forumjustica.com.br\/wp-content\/uploads\/2013\/08\/CEPAL-Consenso_Montevideo_PyD.pdf\" target=\"_blank\" rel=\"noopener\">CEPAL-Consenso_Montevideo_PyD<\/a><\/em><\/p>\n<p><em><br \/>\n<\/em><\/p>\n","protected":false},"excerpt":{"rendered":"<p>Primera reuni\u00f3n de la Conferencia Regional sobre Poblaci\u00f3n y Desarrollo de Am\u00e9rica Latina y el Caribe Integraci\u00f3n plena de la poblaci\u00f3n y su din\u00e1mica en el desarrollo sostenible con igualdad y enfoque de derechos: clave para el Programa de Acci\u00f3n de El Cairo despu\u00e9s de 2014 Montevideo, 12 a 15 de agosto de 2013 CEPAL-Consenso_Montevideo_PyD<\/p>\n","protected":false},"author":13,"featured_media":0,"comment_status":"open","ping_status":"closed","sticky":false,"template":"","format":"standard","meta":{"inline_featured_image":false,"footnotes":""},"categories":[1],"tags":[],"anos":[],"projetos":[],"autorias":[],"eixos_tematicos":[],"locais":[],"pessoas":[],"estado":[],"academia":[],"sociedade_civil":[],"class_list":["post-6859","post","type-post","status-publish","format-standard","hentry","category-noticias"],"_links":{"self":[{"href":"https:\/\/forumjustica.com.br\/es\/wp-json\/wp\/v2\/posts\/6859","targetHints":{"allow":["GET"]}}],"collection":[{"href":"https:\/\/forumjustica.com.br\/es\/wp-json\/wp\/v2\/posts"}],"about":[{"href":"https:\/\/forumjustica.com.br\/es\/wp-json\/wp\/v2\/types\/post"}],"author":[{"embeddable":true,"href":"https:\/\/forumjustica.com.br\/es\/wp-json\/wp\/v2\/users\/13"}],"replies":[{"embeddable":true,"href":"https:\/\/forumjustica.com.br\/es\/wp-json\/wp\/v2\/comments?post=6859"}],"version-history":[{"count":1,"href":"https:\/\/forumjustica.com.br\/es\/wp-json\/wp\/v2\/posts\/6859\/revisions"}],"predecessor-version":[{"id":17543,"href":"https:\/\/forumjustica.com.br\/es\/wp-json\/wp\/v2\/posts\/6859\/revisions\/17543"}],"wp:attachment":[{"href":"https:\/\/forumjustica.com.br\/es\/wp-json\/wp\/v2\/media?parent=6859"}],"wp:term":[{"taxonomy":"category","embeddable":true,"href":"https:\/\/forumjustica.com.br\/es\/wp-json\/wp\/v2\/categories?post=6859"},{"taxonomy":"post_tag","embeddable":true,"href":"https:\/\/forumjustica.com.br\/es\/wp-json\/wp\/v2\/tags?post=6859"},{"taxonomy":"anos","embeddable":true,"href":"https:\/\/forumjustica.com.br\/es\/wp-json\/wp\/v2\/anos?post=6859"},{"taxonomy":"projetos","embeddable":true,"href":"https:\/\/forumjustica.com.br\/es\/wp-json\/wp\/v2\/projetos?post=6859"},{"taxonomy":"autorias","embeddable":true,"href":"https:\/\/forumjustica.com.br\/es\/wp-json\/wp\/v2\/autorias?post=6859"},{"taxonomy":"eixos_tematicos","embeddable":true,"href":"https:\/\/forumjustica.com.br\/es\/wp-json\/wp\/v2\/eixos_tematicos?post=6859"},{"taxonomy":"locais","embeddable":true,"href":"https:\/\/forumjustica.com.br\/es\/wp-json\/wp\/v2\/locais?post=6859"},{"taxonomy":"pessoas","embeddable":true,"href":"https:\/\/forumjustica.com.br\/es\/wp-json\/wp\/v2\/pessoas?post=6859"},{"taxonomy":"estado","embeddable":true,"href":"https:\/\/forumjustica.com.br\/es\/wp-json\/wp\/v2\/estado?post=6859"},{"taxonomy":"academia","embeddable":true,"href":"https:\/\/forumjustica.com.br\/es\/wp-json\/wp\/v2\/academia?post=6859"},{"taxonomy":"sociedade_civil","embeddable":true,"href":"https:\/\/forumjustica.com.br\/es\/wp-json\/wp\/v2\/sociedade_civil?post=6859"}],"curies":[{"name":"wp","href":"https:\/\/api.w.org\/{rel}","templated":true}]}}