{"id":6868,"date":"2013-08-28T13:38:53","date_gmt":"2013-08-28T15:38:53","guid":{"rendered":"https:\/\/forumjustica.vlannetwork.com\/?p=6868"},"modified":"2022-09-04T21:16:14","modified_gmt":"2022-09-05T00:16:14","slug":"fj-volta-redonda-recomenda-o-filme-um-olhar-sobre-a-pobreza","status":"publish","type":"post","link":"https:\/\/forumjustica.com.br\/es\/fj-volta-redonda-recomenda-o-filme-um-olhar-sobre-a-pobreza\/","title":{"rendered":"FJ Volta Redonda recomenda o filme &quot;Um olhar sobre a pobreza&quot;"},"content":{"rendered":"<p>FJ Volta Redonda recomenda o v\u00eddeo \u00abUm olhar sobre a pobreza\u00bb, feito pela Cruz Vermelha de Volta Redonda, com a participa\u00e7\u00e3o de uma Catadora da Folha Verde e de Rua.<\/p>\n<p>O filme de Rita Proc\u00f3pio, traz at\u00e9 voc\u00ea uma outra perspectiva de olhar a pobreza e o que poderia ser feito para minimiz\u00e1-la; em um tempo em que n\u00e3o se pode esperar.<\/p>\n<p>Vale \u00e0 pena assistir ao filme e compartilhar!<\/p>\n<p>Clique no link a seguir: <a href=\"http:\/\/www.youtube.com\/watch?v=uihJQuuIiDw\">http:\/\/www.youtube.com\/watch?v=uihJQuuIiDw<\/a><\/p>\n","protected":false},"excerpt":{"rendered":"<p>FJ Volta Redonda recomenda o v\u00eddeo \u00abUm olhar sobre a pobreza\u00bb, feito pela Cruz Vermelha de Volta Redonda, com a participa\u00e7\u00e3o de uma Catadora da Folha Verde e de Rua. O filme de Rita Proc\u00f3pio, traz at\u00e9 voc\u00ea uma outra perspectiva de olhar a pobreza e o que poderia ser feito para minimiz\u00e1-la; em um [&hellip;]<\/p>\n","protected":false},"author":13,"featured_media":0,"comment_status":"open","ping_status":"closed","sticky":false,"template":"","format":"standard","meta":{"inline_featured_image":false,"footnotes":""},"categories":[1],"tags":[],"anos":[],"projetos":[],"autorias":[],"eixos_tematicos":[],"locais":[],"pessoas":[],"estado":[],"academia":[],"sociedade_civil":[],"class_list":["post-6868","post","type-post","status-publish","format-standard","hentry","category-noticias"],"_links":{"self":[{"href":"https:\/\/forumjustica.com.br\/es\/wp-json\/wp\/v2\/posts\/6868","targetHints":{"allow":["GET"]}}],"collection":[{"href":"https:\/\/forumjustica.com.br\/es\/wp-json\/wp\/v2\/posts"}],"about":[{"href":"https:\/\/forumjustica.com.br\/es\/wp-json\/wp\/v2\/types\/post"}],"author":[{"embeddable":true,"href":"https:\/\/forumjustica.com.br\/es\/wp-json\/wp\/v2\/users\/13"}],"replies":[{"embeddable":true,"href":"https:\/\/forumjustica.com.br\/es\/wp-json\/wp\/v2\/comments?post=6868"}],"version-history":[{"count":1,"href":"https:\/\/forumjustica.com.br\/es\/wp-json\/wp\/v2\/posts\/6868\/revisions"}],"predecessor-version":[{"id":17537,"href":"https:\/\/forumjustica.com.br\/es\/wp-json\/wp\/v2\/posts\/6868\/revisions\/17537"}],"wp:attachment":[{"href":"https:\/\/forumjustica.com.br\/es\/wp-json\/wp\/v2\/media?parent=6868"}],"wp:term":[{"taxonomy":"category","embeddable":true,"href":"https:\/\/forumjustica.com.br\/es\/wp-json\/wp\/v2\/categories?post=6868"},{"taxonomy":"post_tag","embeddable":true,"href":"https:\/\/forumjustica.com.br\/es\/wp-json\/wp\/v2\/tags?post=6868"},{"taxonomy":"anos","embeddable":true,"href":"https:\/\/forumjustica.com.br\/es\/wp-json\/wp\/v2\/anos?post=6868"},{"taxonomy":"projetos","embeddable":true,"href":"https:\/\/forumjustica.com.br\/es\/wp-json\/wp\/v2\/projetos?post=6868"},{"taxonomy":"autorias","embeddable":true,"href":"https:\/\/forumjustica.com.br\/es\/wp-json\/wp\/v2\/autorias?post=6868"},{"taxonomy":"eixos_tematicos","embeddable":true,"href":"https:\/\/forumjustica.com.br\/es\/wp-json\/wp\/v2\/eixos_tematicos?post=6868"},{"taxonomy":"locais","embeddable":true,"href":"https:\/\/forumjustica.com.br\/es\/wp-json\/wp\/v2\/locais?post=6868"},{"taxonomy":"pessoas","embeddable":true,"href":"https:\/\/forumjustica.com.br\/es\/wp-json\/wp\/v2\/pessoas?post=6868"},{"taxonomy":"estado","embeddable":true,"href":"https:\/\/forumjustica.com.br\/es\/wp-json\/wp\/v2\/estado?post=6868"},{"taxonomy":"academia","embeddable":true,"href":"https:\/\/forumjustica.com.br\/es\/wp-json\/wp\/v2\/academia?post=6868"},{"taxonomy":"sociedade_civil","embeddable":true,"href":"https:\/\/forumjustica.com.br\/es\/wp-json\/wp\/v2\/sociedade_civil?post=6868"}],"curies":[{"name":"wp","href":"https:\/\/api.w.org\/{rel}","templated":true}]}}