{"id":6884,"date":"2013-08-27T17:24:14","date_gmt":"2013-08-27T19:24:14","guid":{"rendered":"https:\/\/forumjustica.vlannetwork.com\/?p=6884"},"modified":"2022-09-04T21:16:14","modified_gmt":"2022-09-05T00:16:14","slug":"ii-seminario-de-economia-solidaria-do-medio-paraiba","status":"publish","type":"post","link":"https:\/\/forumjustica.com.br\/es\/ii-seminario-de-economia-solidaria-do-medio-paraiba\/","title":{"rendered":"II Semin\u00e1rio de Economia Solid\u00e1ria do M\u00e9dio Para\u00edba"},"content":{"rendered":"<p><\/p>\n<h2><strong>CONVITE<\/strong><\/h2>\n<p>O Pr\u00e9-F\u00f3rum de Economia Solid\u00e1ria do M\u00e9dio Para\u00edba convida para o \u00abII Semin\u00e1rio de Economia Solid\u00e1ria do M\u00e9dio Para\u00edba\u00bb.<br \/>\nO Semin\u00e1rio pretende aproximar os agentes promotores do desenvolvimento da Economia Solid\u00e1ria da regi\u00e3o: empreendimentos econ\u00f4micos solid\u00e1rios, movimentos sociais, poder p\u00fablico e universidades.<\/p>\n<p><strong>Dia:<\/strong> 31 de agosto<\/p>\n<p><strong>Local:<\/strong> Rua Desembargador Ellis Hermydio Figueira, 783, Bairro Aterrado<\/p>\n<p><strong>Hor\u00e1rio:<\/strong> 8:30h \u00e0s 17:00h<\/p>\n<p>Inscri\u00e7\u00f5es pelo site:<a href=\"http:\/\/www.sesmep.uff.br\/\" target=\"_blank\" rel=\"noopener\"> www.sesmep.uff.br<\/a><\/p>\n<p>\u00a0<\/p>\n<p><a href=\"https:\/\/forumjustica.com.br\/wp-content\/uploads\/2013\/08\/Cartaz_IISESMEP.jpg\"><img loading=\"lazy\" decoding=\"async\" class=\"aligncenter size-full wp-image-6888\" title=\"Cartaz_IISESMEP\" src=\"https:\/\/forumjustica.com.br\/wp-content\/uploads\/2013\/08\/Cartaz_IISESMEP.jpg\" alt=\"\" width=\"679\" height=\"960\" \/><\/a><\/p>","protected":false},"excerpt":{"rendered":"<p>CONVITE O Pr\u00e9-F\u00f3rum de Economia Solid\u00e1ria do M\u00e9dio Para\u00edba convida para o \u00abII Semin\u00e1rio de Economia Solid\u00e1ria do M\u00e9dio Para\u00edba\u00bb. O Semin\u00e1rio pretende aproximar os agentes promotores do desenvolvimento da Economia Solid\u00e1ria da regi\u00e3o: empreendimentos econ\u00f4micos solid\u00e1rios, movimentos sociais, poder p\u00fablico e universidades. Dia: 31 de agosto Local: Rua Desembargador Ellis Hermydio Figueira, 783, Bairro [&hellip;]<\/p>\n","protected":false},"author":13,"featured_media":0,"comment_status":"open","ping_status":"closed","sticky":false,"template":"","format":"standard","meta":{"inline_featured_image":false,"footnotes":""},"categories":[1],"tags":[],"anos":[],"projetos":[],"autorias":[],"eixos_tematicos":[],"locais":[],"pessoas":[],"estado":[],"academia":[],"sociedade_civil":[],"class_list":["post-6884","post","type-post","status-publish","format-standard","hentry","category-noticias"],"_links":{"self":[{"href":"https:\/\/forumjustica.com.br\/es\/wp-json\/wp\/v2\/posts\/6884","targetHints":{"allow":["GET"]}}],"collection":[{"href":"https:\/\/forumjustica.com.br\/es\/wp-json\/wp\/v2\/posts"}],"about":[{"href":"https:\/\/forumjustica.com.br\/es\/wp-json\/wp\/v2\/types\/post"}],"author":[{"embeddable":true,"href":"https:\/\/forumjustica.com.br\/es\/wp-json\/wp\/v2\/users\/13"}],"replies":[{"embeddable":true,"href":"https:\/\/forumjustica.com.br\/es\/wp-json\/wp\/v2\/comments?post=6884"}],"version-history":[{"count":1,"href":"https:\/\/forumjustica.com.br\/es\/wp-json\/wp\/v2\/posts\/6884\/revisions"}],"predecessor-version":[{"id":17539,"href":"https:\/\/forumjustica.com.br\/es\/wp-json\/wp\/v2\/posts\/6884\/revisions\/17539"}],"wp:attachment":[{"href":"https:\/\/forumjustica.com.br\/es\/wp-json\/wp\/v2\/media?parent=6884"}],"wp:term":[{"taxonomy":"category","embeddable":true,"href":"https:\/\/forumjustica.com.br\/es\/wp-json\/wp\/v2\/categories?post=6884"},{"taxonomy":"post_tag","embeddable":true,"href":"https:\/\/forumjustica.com.br\/es\/wp-json\/wp\/v2\/tags?post=6884"},{"taxonomy":"anos","embeddable":true,"href":"https:\/\/forumjustica.com.br\/es\/wp-json\/wp\/v2\/anos?post=6884"},{"taxonomy":"projetos","embeddable":true,"href":"https:\/\/forumjustica.com.br\/es\/wp-json\/wp\/v2\/projetos?post=6884"},{"taxonomy":"autorias","embeddable":true,"href":"https:\/\/forumjustica.com.br\/es\/wp-json\/wp\/v2\/autorias?post=6884"},{"taxonomy":"eixos_tematicos","embeddable":true,"href":"https:\/\/forumjustica.com.br\/es\/wp-json\/wp\/v2\/eixos_tematicos?post=6884"},{"taxonomy":"locais","embeddable":true,"href":"https:\/\/forumjustica.com.br\/es\/wp-json\/wp\/v2\/locais?post=6884"},{"taxonomy":"pessoas","embeddable":true,"href":"https:\/\/forumjustica.com.br\/es\/wp-json\/wp\/v2\/pessoas?post=6884"},{"taxonomy":"estado","embeddable":true,"href":"https:\/\/forumjustica.com.br\/es\/wp-json\/wp\/v2\/estado?post=6884"},{"taxonomy":"academia","embeddable":true,"href":"https:\/\/forumjustica.com.br\/es\/wp-json\/wp\/v2\/academia?post=6884"},{"taxonomy":"sociedade_civil","embeddable":true,"href":"https:\/\/forumjustica.com.br\/es\/wp-json\/wp\/v2\/sociedade_civil?post=6884"}],"curies":[{"name":"wp","href":"https:\/\/api.w.org\/{rel}","templated":true}]}}