{"id":6890,"date":"2013-08-27T17:38:43","date_gmt":"2013-08-27T19:38:43","guid":{"rendered":"https:\/\/forumjustica.vlannetwork.com\/?p=6890"},"modified":"2022-09-04T21:16:14","modified_gmt":"2022-09-05T00:16:14","slug":"repare-bem-nos-cinemas-nacionais","status":"publish","type":"post","link":"https:\/\/forumjustica.com.br\/es\/repare-bem-nos-cinemas-nacionais\/","title":{"rendered":"&quot;Repare Bem&quot; nos cinemas nacionais"},"content":{"rendered":"<p>REPARE BEM em cartaz nos cinemas nacionais.<\/p>\n<p>Produto do Projeto Marcas da Mem\u00f3ria da Comiss\u00e3o de Anistia com Instituto Via Br, o filme <em>Repare Bem<\/em>, de Maria de Medeiros, vencedor de tr\u00eas pr\u00eamios no Festival de Cinema de Gramado, narra a hist\u00f3ria de tr\u00eas gera\u00e7\u00f5es de mulheres que lutaram pela liberdade.<\/p>\n<p>Confira a programa\u00e7\u00e3o abaixo:<\/p>\n<p><a href=\"https:\/\/forumjustica.com.br\/wp-content\/uploads\/2013\/08\/img-filme-repare-bem.jpg\"><img loading=\"lazy\" decoding=\"async\" class=\"aligncenter size-full wp-image-6891\" title=\"img-filme-repare-bem\" src=\"https:\/\/forumjustica.com.br\/wp-content\/uploads\/2013\/08\/img-filme-repare-bem.jpg\" alt=\"\" width=\"473\" height=\"313\" \/><\/a><\/p>\n<p style=\"text-align: center;\"><strong>Programa\u00e7\u00e3o de 23 a 29 de agosto<\/strong><\/p>\n<p style=\"text-align: center;\">Espa\u00e7o Ita\u00fa de Cinema \u2013 Bras\u00edlia<br \/>\nSala 8 \u2013 16h20 \u2013 19h55<\/p>\n<p style=\"text-align: center;\">Espa\u00e7o Ita\u00fa de Cinema \u2013 Frei Caneca \u2013 SP<br \/>\nSala 4 \u2013 15h \u2013 20h20 \u2013 22h10<\/p>\n<p style=\"text-align: center;\">Espa\u00e7o Ita\u00fa de Cinema \u2013 Botafogo \u2013 Rio de Janeiro<br \/>\nSala 5 \u2013 15h \u2013 22h<\/p>\n<p style=\"text-align: center;\">Espa\u00e7o Ita\u00fa de Cinema \u2013 Curitiba<br \/>\nSala 1 &#8211; 21h40<\/p>\n<p style=\"text-align: center;\">Espa\u00e7o Ita\u00fa de Cinema \u2013 Porto Alegre<br \/>\nSala 8 \u2013 20h10<\/p>\n<p><em>Obs: Dia 24\/8 (s\u00e1bado) Clube do Professor tamb\u00e9m \u00e0s 11h<\/em><\/p>","protected":false},"excerpt":{"rendered":"<p>REPARE BEM em cartaz nos cinemas nacionais. Produto do Projeto Marcas da Mem\u00f3ria da Comiss\u00e3o de Anistia com Instituto Via Br, o filme Repare Bem, de Maria de Medeiros, vencedor de tr\u00eas pr\u00eamios no Festival de Cinema de Gramado, narra a hist\u00f3ria de tr\u00eas gera\u00e7\u00f5es de mulheres que lutaram pela liberdade. Confira a programa\u00e7\u00e3o abaixo: [&hellip;]<\/p>\n","protected":false},"author":13,"featured_media":0,"comment_status":"open","ping_status":"closed","sticky":false,"template":"","format":"standard","meta":{"inline_featured_image":false,"footnotes":""},"categories":[1],"tags":[],"anos":[],"projetos":[],"autorias":[],"eixos_tematicos":[],"locais":[],"pessoas":[],"estado":[],"academia":[],"sociedade_civil":[],"class_list":["post-6890","post","type-post","status-publish","format-standard","hentry","category-noticias"],"_links":{"self":[{"href":"https:\/\/forumjustica.com.br\/es\/wp-json\/wp\/v2\/posts\/6890","targetHints":{"allow":["GET"]}}],"collection":[{"href":"https:\/\/forumjustica.com.br\/es\/wp-json\/wp\/v2\/posts"}],"about":[{"href":"https:\/\/forumjustica.com.br\/es\/wp-json\/wp\/v2\/types\/post"}],"author":[{"embeddable":true,"href":"https:\/\/forumjustica.com.br\/es\/wp-json\/wp\/v2\/users\/13"}],"replies":[{"embeddable":true,"href":"https:\/\/forumjustica.com.br\/es\/wp-json\/wp\/v2\/comments?post=6890"}],"version-history":[{"count":1,"href":"https:\/\/forumjustica.com.br\/es\/wp-json\/wp\/v2\/posts\/6890\/revisions"}],"predecessor-version":[{"id":17538,"href":"https:\/\/forumjustica.com.br\/es\/wp-json\/wp\/v2\/posts\/6890\/revisions\/17538"}],"wp:attachment":[{"href":"https:\/\/forumjustica.com.br\/es\/wp-json\/wp\/v2\/media?parent=6890"}],"wp:term":[{"taxonomy":"category","embeddable":true,"href":"https:\/\/forumjustica.com.br\/es\/wp-json\/wp\/v2\/categories?post=6890"},{"taxonomy":"post_tag","embeddable":true,"href":"https:\/\/forumjustica.com.br\/es\/wp-json\/wp\/v2\/tags?post=6890"},{"taxonomy":"anos","embeddable":true,"href":"https:\/\/forumjustica.com.br\/es\/wp-json\/wp\/v2\/anos?post=6890"},{"taxonomy":"projetos","embeddable":true,"href":"https:\/\/forumjustica.com.br\/es\/wp-json\/wp\/v2\/projetos?post=6890"},{"taxonomy":"autorias","embeddable":true,"href":"https:\/\/forumjustica.com.br\/es\/wp-json\/wp\/v2\/autorias?post=6890"},{"taxonomy":"eixos_tematicos","embeddable":true,"href":"https:\/\/forumjustica.com.br\/es\/wp-json\/wp\/v2\/eixos_tematicos?post=6890"},{"taxonomy":"locais","embeddable":true,"href":"https:\/\/forumjustica.com.br\/es\/wp-json\/wp\/v2\/locais?post=6890"},{"taxonomy":"pessoas","embeddable":true,"href":"https:\/\/forumjustica.com.br\/es\/wp-json\/wp\/v2\/pessoas?post=6890"},{"taxonomy":"estado","embeddable":true,"href":"https:\/\/forumjustica.com.br\/es\/wp-json\/wp\/v2\/estado?post=6890"},{"taxonomy":"academia","embeddable":true,"href":"https:\/\/forumjustica.com.br\/es\/wp-json\/wp\/v2\/academia?post=6890"},{"taxonomy":"sociedade_civil","embeddable":true,"href":"https:\/\/forumjustica.com.br\/es\/wp-json\/wp\/v2\/sociedade_civil?post=6890"}],"curies":[{"name":"wp","href":"https:\/\/api.w.org\/{rel}","templated":true}]}}