{"id":6900,"date":"2013-08-29T10:00:50","date_gmt":"2013-08-29T12:00:50","guid":{"rendered":"https:\/\/forumjustica.vlannetwork.com\/?p=6900"},"modified":"2022-09-04T21:16:13","modified_gmt":"2022-09-05T00:16:13","slug":"apoio-da-sociedade-civil-a-emenda-destinada-a-exclusao-do-termo-ouvidoria-do-texto-original-da-proposta-de-emenda-constitucional-n%c2%ba-452009","status":"publish","type":"post","link":"https:\/\/forumjustica.com.br\/es\/apoio-da-sociedade-civil-a-emenda-destinada-a-exclusao-do-termo-ouvidoria-do-texto-original-da-proposta-de-emenda-constitucional-n%c2%ba-452009\/","title":{"rendered":"Apoio da Sociedade Civil \u00e0 Emenda destinada a exclus\u00e3o do termo \u201cOuvidoria\u201d do texto original da Proposta de Emenda Constitucional n\u00ba 45\/2009"},"content":{"rendered":"<p>CONTROLE SOCIAL EXTERNO N\u00c3O PODE  SE CONFUNDIR COM FISCALIZA\u00c7\u00c3O INTERNA<\/p>\n<p>27 de agosto de 2013<\/p>\n<p>Tendo em vista a tramita\u00e7\u00e3o em regime de urg\u00eancia do texto da Proposta de Emenda Constitucional (PEC) n\u00ba 45\/09, mais de 120 entidades de todo pa\u00eds manifestaram posi\u00e7\u00e3o contr\u00e1ria \u00e0 manuten\u00e7\u00e3o da Ouvidoria no texto da mencionada Proposta, que trata de disciplinar os \u00f3rg\u00e3os de controle interno da administra\u00e7\u00e3o p\u00fablica[1].<\/p>\n<p>Com a obten\u00e7\u00e3o de 29 assinaturas para apoiar a iniciativa do Senador S\u00e9rgio Petec\u00e3o (PSD-AC), foi protocolada uma Emenda ao texto original da PEC retirando o termo \u201couvidoria\u201d da reda\u00e7\u00e3o, conforme defendido pela sociedade civil.<\/p>\n<p>A aprova\u00e7\u00e3o desta Emenda antes da aprecia\u00e7\u00e3o da PEC \u00e9 um cuidado essencial para que se evite um grave retrocesso na constru\u00e7\u00e3o de mecanismos efetivos de participa\u00e7\u00e3o e controle social da administra\u00e7\u00e3o p\u00fablica.<\/p>\n<p>\u00c9 fundamental apreciar a Emenda apoiada por esses 30 Senadores, em atendimento \u00e0 expectativa das entidades da sociedade civil listadas ao fim deste documento, que realizaram forte mobiliza\u00e7\u00e3o para a altera\u00e7\u00e3o do texto da PEC.<\/p>\n<p>Se a PEC 45\/09 for aprovada sem esta fundamental Emenda, o modelo externo e aut\u00f4nomo de controle social representado pelas Ouvidorias estar\u00e1 desvirtuado, \u00e0 medida que, se inclu\u00eddas no texto, Ouvidorias dever\u00e3o seguir a mesma estrutura dos \u00f3rg\u00e3os de controle interno das institui\u00e7\u00f5es p\u00fablicas.<\/p>\n<p>O teor da Emenda tem car\u00e1ter apartid\u00e1rio, em defesa de um modelo de Estado transparente, independentemente de posicionamento em rela\u00e7\u00e3o ao governo. O texto da Emenda est\u00e1 reproduzido abaixo e j\u00e1 conta com apoio de lideran\u00e7as das diferentes Bases, al\u00e9m de Senadores dos mais diversos partidos, entre eles, por exemplo, em ordem apenas alfab\u00e9tica: A\u00e9cio Neves (PSDB-MG), Ana Am\u00e9lia (PP-RS), Anibal Diniz (PT-AC), Cristovam Buarque (PDT-DF), Eduardo Suplicy (PT-SP), Jos\u00e9 Agripino (DEM-RN), Walter Pinheiro (PT-BA), e Wellington Dias (PT-PI), entre outros.<\/p>\n<p>\u201cSuprima-se do inciso XXIII do art 1\u00ba da Proposta de Emenda \u00e0 Constitui\u00e7\u00e3o n\u00ba 45, de 2009, a express\u00e3o \u00abouvidoria\u00bb.<\/p>\n<p>JUSTIFICATIVA<\/p>\n<p>Faz-se necess\u00e1ria a retifica\u00e7\u00e3o da PEC n\u00ba 45, de 2009, para excluir a express\u00e3o \u00abouvidoria\u00bb, cuja disciplina deve estar situada sob a rubrica do sistema de controle externo da Administra\u00e7\u00e3o P\u00fablica.<\/p>\n<p>Dessa forma, rogo aos nobres senadores o acolhimento da presente emenda.<\/p>\n<p>Sala das Sess\u00f5es,<\/p>\n<p>Senador SERGIO PETEC\u00c3O &#8211; PSD\/AC\u201d<\/p>\n<p>Assinam o Manifesto de 19 de agosto,<\/p>\n<p>em defesa das Ouvidorias como modelo de controle social externo:<\/p>\n<p>ACAT Brasil \u2013 A\u00e7\u00e3o dos Crist\u00e3os para a Aboli\u00e7\u00e3o da Tortura<\/p>\n<p>ACETECMA &#8211; Associa\u00e7\u00e3o de Conselheiros e Ex Conselheiros Tutelares do Maranh\u00e3o<\/p>\n<p>AEPPSP &#8211; Associa\u00e7\u00e3o dos Especialistas em Pol\u00edticas P\u00fablicas do Estado de S\u00e3o Paulo<\/p>\n<p>AJD &#8211; Associa\u00e7\u00e3o Ju\u00edzes para a Democracia<\/p>\n<p>AMMIGA &#8211; Associa\u00e7\u00e3o de Mulheres Amigas de Itinga<\/p>\n<p>ANADEP &#8211; Associa\u00e7\u00e3o Nacional de Defensores P\u00fablicos<\/p>\n<p>APROSMA &#8211; Associa\u00e7\u00e3o de Profissionais do Sexo do Maranh\u00e3o<\/p>\n<p>ARTIGO 19 &#8211; Defendendo liberdade de express\u00e3o e informa\u00e7\u00e3o<\/p>\n<p>ASBRAD &#8211; Associa\u00e7\u00e3o Brasileira de Defesa da Mulher da Inf\u00e2ncia e da Juventude<\/p>\n<p>Associa\u00e7\u00e3o Amar Rosalinda<\/p>\n<p>Associa\u00e7\u00e3o Atitude Cearense<\/p>\n<p>Associa\u00e7\u00e3o Brasileira de Homeopatia Popular<\/p>\n<p>Associa\u00e7\u00e3o das Mulheres do Planalto Airton Sena<\/p>\n<p>Associa\u00e7\u00e3o de Capoeira Mestre Bia<\/p>\n<p>Associa\u00e7\u00e3o de Mulheres do Semi\u00e1rido Baiano<\/p>\n<p>Associa\u00e7\u00e3o de Sa\u00fade da Periferia do Maranh\u00e3o<\/p>\n<p>Associa\u00e7\u00e3o dos Conselheiros e Ex-Conselheiros Tutelares de Rio Branco<\/p>\n<p>Associa\u00e7\u00e3o dos Portadores de Hepatite (AC)<\/p>\n<p>Associa\u00e7\u00e3o Mais Diferen\u00e7as<\/p>\n<p>Associa\u00e7\u00e3o Nova Era<\/p>\n<p>Associa\u00e7\u00e3o Privados de Liberdade &#8211; APL<\/p>\n<p>Associa\u00e7\u00e3o Resgatando Sonhos<\/p>\n<p>Bandubaluna  &#8211; Coletivo de Mulheres  Negras<\/p>\n<p>Blog Combate Racismo Ambiental<\/p>\n<p>Candeeiro Vivo &#8211; Movimento Negro<\/p>\n<p>Carit\u00e1s &#8211; Cear\u00e1<\/p>\n<p>C\u00e1ritas &#8211; MA<\/p>\n<p>Cearah Periferia<\/p>\n<p>Central \u00danica dos Trabalhadores (CUT-AC)<\/p>\n<p>Centro Burnier F\u00e9 e Justi\u00e7a (MT)<\/p>\n<p>Centro das Pastorais &#8211; Cear\u00e1<\/p>\n<p>Centro de Defesa da Crian\u00e7a e do Adolescente &#8211; CEDECA<\/p>\n<p>Centro de Defesa da Vida e dos Direitos Humanos Carmen Bascaran<\/p>\n<p>Centro de Defesa da Vida Herbert Souza<\/p>\n<p>Centro de Defesa dos Direitos de Crian\u00e7as e Adolescentes Padre Marcos Passerini<\/p>\n<p>Centro de Direitos Humanos de Campinas<\/p>\n<p>Centro de Direitos Humanos de Sapopemba &#8211; CDHS<\/p>\n<p>Centro de Direitos Humanos e Educa\u00e7\u00e3o Popular (CDDHEP-AC)<\/p>\n<p>Centro de Direitos Humanos Henrique Trindade (Cuiab\u00e1 &#8211; MT)<\/p>\n<p>Centro de Estudos de Seguran\u00e7a e Cidadania &#8211; Universidade Candido Mendes<\/p>\n<p>Centro de Estudos e Refer\u00eancias da Cultura Negra (CERNEGRO-AC)<\/p>\n<p>Centro de Forma\u00e7\u00e3o para a Cidadania AKONI<\/p>\n<p>Centro Gaspar Garcia de Direitos Humanos<\/p>\n<p>Centro Santo Dias de Direitos Humanos da Arquidiocese de S\u00e3o Paulo<\/p>\n<p>Cine Maloca<\/p>\n<p>Col\u00e9gio de Ouvidorias de Defensorias P\u00fablicas do Brasil<\/p>\n<p>Comiss\u00e3o de Direitos Humanos da OAB\/MA<\/p>\n<p>Comiss\u00e3o Justi\u00e7a e Paz \u2013 SP<\/p>\n<p>Conectas Direitos Humanos<\/p>\n<p>Conselho Estadual dos Direitos da Mulher do Acre<\/p>\n<p>Conselho Municipal de Assist\u00eancia Social de Rio Branco<\/p>\n<p>Conselho Municipal de Defesa dos Direitos das Mulheres de Lauro de Freitas<\/p>\n<p>Conselho Municipal dos Direitos da Crian\u00e7a e Adolescente de Rio Branco<\/p>\n<p>Conselho Municipal dos Direitos da Mulher de Rio Branco<\/p>\n<p>Curso Maria, Maria<\/p>\n<p>Escrit\u00f3rio de Direitos Humanos da Prelazia de S\u00e3o F\u00e9lix do Araguaia<\/p>\n<p>Escrit\u00f3rio Frei Titto de Alencar<\/p>\n<p>Escrit\u00f3rio Modelo \u00abDom Paulo Evaristo Arns\u00bb &#8211; PUC-SP<\/p>\n<p>Espa\u00e7o Viva Vente<\/p>\n<p>Federa\u00e7\u00e3o de Associa\u00e7\u00f5es de  Bairros de Salvador  -FABS<\/p>\n<p>Federa\u00e7\u00e3o de Bairros e Favelas de Fortaleza<\/p>\n<p>Federa\u00e7\u00e3o Estadual de Associa\u00e7\u00f5es de Moradores do Estado da Bahia &#8211;<\/p>\n<p>F\u00f3rum Comunit\u00e1rio de Combate a Viol\u00eancia<\/p>\n<p>F\u00f3rum da Cidadania de Colinas (MA)<\/p>\n<p>F\u00f3rum de Direitos Humanos<\/p>\n<p>F\u00f3rum de Direitos Humanos e da Terra Mato Grosso<\/p>\n<p>F\u00f3rum de Mulheres de Lauro de Freitas<\/p>\n<p>F\u00f3rum de Pol\u00edticas P\u00fablicas de Buriticupu &#8211; MA<\/p>\n<p>F\u00f3rum Justi\u00e7a<\/p>\n<p>F\u00f3rum Nacional de Reforma Urbana<\/p>\n<p>GAYVOTA \u2013 Grupo de Defesa dos Direitos da Popula\u00e7\u00e3o LGBTT<\/p>\n<p>Grupo de Estudos e Trabalhos \u2013 Mulheres Encarceradas<\/p>\n<p>Grupo de Estudos Educa\u00e7\u00e3o e Merleau-Ponty<\/p>\n<p>Grupo de Mulheres Negras Maria Firmina dos Reis<\/p>\n<p>Grupo de Pacientes Artr\u00edticos de S\u00e3o Paulo<\/p>\n<p>Grupo de Pesquisa Movimentos Sociais e Educa\u00e7\u00e3o<\/p>\n<p>Grupo de Solidariedade \u00e0s Pessoas em Situa\u00e7\u00e3o de Pris\u00e3o<\/p>\n<p>Grupo Tortura Nunca Mais \u2013 SP<\/p>\n<p>IDDD &#8211; Instituto de Defesa do Direito de Defesa<\/p>\n<p>INHURAFE &#8211; Instituto Humana Ra\u00e7a F\u00eamina<\/p>\n<p>Instituto Loudes Viana<\/p>\n<p>Instituto Nandi<\/p>\n<p>Instituto Pr\u00e1xis de Direitos Humanos<\/p>\n<p>IPESP &#8211; Instituto Pastoral de Educa\u00e7\u00e3o em Sa\u00fade Popular<\/p>\n<p>ITTC &#8211; Instituto Terra Trabalho e Cidadania<\/p>\n<p>Justi\u00e7a Global<\/p>\n<p>L\u00e1 Eles Grupo  cultural<\/p>\n<p>LEMA \u2013 Grupo de L\u00e9sbicas do Maranh\u00e3o<\/p>\n<p>Maracatu Kizomba<\/p>\n<p>Marcha Mundial de Mulheres do Maranh\u00e3o<\/p>\n<p>MONTRA &#8211; Movimento de Mulheres Trabalhadoras de Alc\u00e2ntara &#8211; MA<\/p>\n<p>Movimento de Luta nos Bairros, Vilas e Favelas \u2013 MLB &#8211; Brasil<\/p>\n<p>Movimento de Mulheres de S\u00e3o Bernardo do Campo<\/p>\n<p>Movimento de Trabalhadores Rurais Sem Terra (MST-MA)<\/p>\n<p>Movimento dos Conselhos Populares &#8211; MCP<\/p>\n<p>Movimento dos Trabalhadores Rurais sem Terra- MST<\/p>\n<p>Movimento Luta de Classes \u2013 Brasil<\/p>\n<p>Movimento Olga Ben\u00e1rio<\/p>\n<p>Movimento SuperA\u00e7\u00e3o<\/p>\n<p>N\u00facleo de Assessoria Jur\u00eddica Popular \u201cNegro Cosme\u201d<\/p>\n<p>Ouvidoria de Seguran\u00e7a P\u00fablica do Estado do Maranh\u00e3o<\/p>\n<p>Ouvidoria do Sistema Penitenci\u00e1rio do Estado da Para\u00edba<\/p>\n<p>Ouvidoria do Sistema Penitenci\u00e1rio do Estado de S\u00e3o Paulo<\/p>\n<p>Pastoral Carcer\u00e1ria da cidade de Amargosa<\/p>\n<p>Pastoral Carcer\u00e1ria Nacional<\/p>\n<p>Promotora Legal Popular (PLP) de S\u00e3o Bernardo do Campo<\/p>\n<p>Rede Acreana de Mulheres e Homens<\/p>\n<p>Rede de Ouvidorias P\u00fablicas do Maranh\u00e3o<\/p>\n<p>Rede Justi\u00e7a Criminal<\/p>\n<p>Rede Justi\u00e7a nos Trilhos<\/p>\n<p>Rede Nacional de Advogados Populares &#8211; RENAP<\/p>\n<p>Rede Nacional Feminista Regional Bahia<\/p>\n<p>REMAE &#8211; Rede Maranhense de Apoio \u00e0 Pessoa Encarcerada<\/p>\n<p>RENAP\/MA \u2013 Rede Nacional de Advogados Populares\/Sec\u00e7\u00e3o Maranh\u00e3o<\/p>\n<p>Sindicato das Dom\u00e9sticas do Acre<\/p>\n<p>Sindicato dos Trabalhadores Rurais de Camamu<\/p>\n<p>Sindicato dos Trabalhadores Rurais de Serrinha<\/p>\n<p>Sociedade Maranhense de Direitos Humanos<\/p>\n<p>SOS PEACE &#8211; Movimento para o Resgate da Paz, do Meio Ambiente e do Amor pela Vida<\/p>\n<p>Terra dos Homens<\/p>\n<p>UAMA &#8211; Alagoinhas<\/p>\n<p>Uni\u00e3o Brasileira de Mulheres (UBM-AC)<\/p>\n<p>Uni\u00e3o das Associa\u00e7\u00f5es de Moradores de Rio Branco<\/p>\n<p>Uni\u00e3o Moradia Popular\/MA<\/p>\n<p>Vira\u00e7\u00e3o Educomunica\u00e7\u00e3o<\/p>\n<p>[1] Acesse o Manifesto de 19\/08\/2013 no seguinte endere\u00e7o eletr\u00f4nico: bit.ly\/PEC45<\/p>\n","protected":false},"excerpt":{"rendered":"<p>CONTROLE SOCIAL EXTERNO N\u00c3O PODE SE CONFUNDIR COM FISCALIZA\u00c7\u00c3O INTERNA 27 de agosto de 2013 Tendo em vista a tramita\u00e7\u00e3o em regime de urg\u00eancia do texto da Proposta de Emenda Constitucional (PEC) n\u00ba 45\/09, mais de 120 entidades de todo pa\u00eds manifestaram posi\u00e7\u00e3o contr\u00e1ria \u00e0 manuten\u00e7\u00e3o da Ouvidoria no texto da mencionada Proposta, que trata [&hellip;]<\/p>\n","protected":false},"author":13,"featured_media":0,"comment_status":"open","ping_status":"closed","sticky":false,"template":"","format":"standard","meta":{"inline_featured_image":false,"footnotes":""},"categories":[1],"tags":[],"anos":[],"projetos":[],"autorias":[],"eixos_tematicos":[],"locais":[],"pessoas":[],"estado":[],"academia":[],"sociedade_civil":[],"class_list":["post-6900","post","type-post","status-publish","format-standard","hentry","category-noticias"],"_links":{"self":[{"href":"https:\/\/forumjustica.com.br\/es\/wp-json\/wp\/v2\/posts\/6900","targetHints":{"allow":["GET"]}}],"collection":[{"href":"https:\/\/forumjustica.com.br\/es\/wp-json\/wp\/v2\/posts"}],"about":[{"href":"https:\/\/forumjustica.com.br\/es\/wp-json\/wp\/v2\/types\/post"}],"author":[{"embeddable":true,"href":"https:\/\/forumjustica.com.br\/es\/wp-json\/wp\/v2\/users\/13"}],"replies":[{"embeddable":true,"href":"https:\/\/forumjustica.com.br\/es\/wp-json\/wp\/v2\/comments?post=6900"}],"version-history":[{"count":1,"href":"https:\/\/forumjustica.com.br\/es\/wp-json\/wp\/v2\/posts\/6900\/revisions"}],"predecessor-version":[{"id":17533,"href":"https:\/\/forumjustica.com.br\/es\/wp-json\/wp\/v2\/posts\/6900\/revisions\/17533"}],"wp:attachment":[{"href":"https:\/\/forumjustica.com.br\/es\/wp-json\/wp\/v2\/media?parent=6900"}],"wp:term":[{"taxonomy":"category","embeddable":true,"href":"https:\/\/forumjustica.com.br\/es\/wp-json\/wp\/v2\/categories?post=6900"},{"taxonomy":"post_tag","embeddable":true,"href":"https:\/\/forumjustica.com.br\/es\/wp-json\/wp\/v2\/tags?post=6900"},{"taxonomy":"anos","embeddable":true,"href":"https:\/\/forumjustica.com.br\/es\/wp-json\/wp\/v2\/anos?post=6900"},{"taxonomy":"projetos","embeddable":true,"href":"https:\/\/forumjustica.com.br\/es\/wp-json\/wp\/v2\/projetos?post=6900"},{"taxonomy":"autorias","embeddable":true,"href":"https:\/\/forumjustica.com.br\/es\/wp-json\/wp\/v2\/autorias?post=6900"},{"taxonomy":"eixos_tematicos","embeddable":true,"href":"https:\/\/forumjustica.com.br\/es\/wp-json\/wp\/v2\/eixos_tematicos?post=6900"},{"taxonomy":"locais","embeddable":true,"href":"https:\/\/forumjustica.com.br\/es\/wp-json\/wp\/v2\/locais?post=6900"},{"taxonomy":"pessoas","embeddable":true,"href":"https:\/\/forumjustica.com.br\/es\/wp-json\/wp\/v2\/pessoas?post=6900"},{"taxonomy":"estado","embeddable":true,"href":"https:\/\/forumjustica.com.br\/es\/wp-json\/wp\/v2\/estado?post=6900"},{"taxonomy":"academia","embeddable":true,"href":"https:\/\/forumjustica.com.br\/es\/wp-json\/wp\/v2\/academia?post=6900"},{"taxonomy":"sociedade_civil","embeddable":true,"href":"https:\/\/forumjustica.com.br\/es\/wp-json\/wp\/v2\/sociedade_civil?post=6900"}],"curies":[{"name":"wp","href":"https:\/\/api.w.org\/{rel}","templated":true}]}}