{"id":6910,"date":"2013-08-28T18:00:08","date_gmt":"2013-08-28T20:00:08","guid":{"rendered":"https:\/\/forumjustica.vlannetwork.com\/?p=6910"},"modified":"2022-09-04T21:16:14","modified_gmt":"2022-09-05T00:16:14","slug":"marcha-nacional-de-reforma-urbana-ocorrera-em-todo-o-pais","status":"publish","type":"post","link":"https:\/\/forumjustica.com.br\/es\/marcha-nacional-de-reforma-urbana-ocorrera-em-todo-o-pais\/","title":{"rendered":"Marcha Nacional de Reforma Urbana ocorrer\u00e1 em todo o pa\u00eds"},"content":{"rendered":"<p>Segunda-Feira, 26 de Agosto de 2013<br \/>\nAutor Fuente: http:\/\/www.forumreformaurbana.org.br\/<\/p>\n<p>Moradia digna, transporte p\u00fablico de qualidade e cidades  justas para todos. Esses s\u00e3o os pilares da Marcha Nacional pela Reforma Urbana, que ocorrer\u00e1 no pr\u00f3ximo dia 28 (quarta-feira), em todo o Brasil. O ato organizado pelo FNRU (F\u00f3rum Nacional de Reforma Urbana) ocorrer\u00e1 nas cidades de Bel\u00e9m (PA), Manaus (AM), Recife (PE), Porto Alegre (RS), Curitiba (PR) e S\u00e3o Paulo (SP).<br \/>\nNa capital paulista, o ato tem in\u00edcio \u00e0s 8h no Largo da Batata, em Pinheiros (metr\u00f4 Faria Lima), na zona oeste da cidade.<br \/>\nDe acordo com o coordenador do CMP (Central de Movimentos Populares), Luiz Gonzaga, o Geg\u00ea, a reforma \u00e9 muito mais do que a constru\u00e7\u00e3o de casas.<\/p>\n<p>\u201cSe n\u00e3o temos uma cidade para todas e todos \u00e9 porque nos falta muito mais que as casas, nos falta \u00e1gua e educa\u00e7\u00e3o, principalmente, aos que hoje vivem geograficamente nas regi\u00f5es menos atendidas\u201d, enfatizou.<\/p>\n<p>Outro ponto levantado pela Reforma Urbana \u00e9 o direito \u00e0 moradia.  Em tempos de megaeventos esportivos como a Copa do Mundo de 2014 e as Olimp\u00edadas de 2016, milhares de pessoas que habitam as cidades que sediar\u00e3o os jogos se veem em situa\u00e7\u00f5es de remo\u00e7\u00f5es for\u00e7adas.<\/p>\n<p>\u201cEles s\u00e3o projetos restritos. Criam-se novas realidades, altera-se a din\u00e2mica das cidades. Esses projetos envolvem remo\u00e7\u00f5es e geram impactos das casas populares. No Brasil, os megaeventos est\u00e3o fortemente articulados na realoca\u00e7\u00e3o dos pobres no munic\u00edpio. Muito disso tem desrespeitado o direito \u00e0 cidade\u201d, explicou Orlando Santos J\u00fanior, professor de planejamento urbano e regional da UFRJ (Universidade Federal do Rio de Janeiro).<\/p>\n<p>O direito de ir e vir<\/p>\n<p>Nas grandes cidades, o deslocamento de quem mora na periferia para o centro \u00e9 sempre prejudicado devido \u00e0 falta de estrutura no sistema de transporte p\u00fablico, que \u00e9 um servi\u00e7o que garante o acesso ao Direito \u00e0 Cidade Democr\u00e1tica.<\/p>\n<p>O urbanista Nazareno Stanislau Affonso, coordenador da ANTP (Associa\u00e7\u00e3o Nacional de Transportes P\u00fablicos) em Bras\u00edlia, diz que um dos pontos previstos na Pol\u00edtica Nacional de Mobilidade Urbana  (lei 12.587\/12), defendida pela Reforma Urbana, pode resultar num barateamento das tarifas em pelo menos 50% dos custos para garantir inclus\u00e3o social.<\/p>\n<p>\u201cDesta forma, \u00e9 poss\u00edvel garantir espa\u00e7os institucionais de controle social dos investimentos, servi\u00e7o, planilhas tarif\u00e1rias, informa\u00e7\u00e3o aos usu\u00e1rios\u201d.<\/p>\n<p>Metas<\/p>\n<p>A proposta da manifesta\u00e7\u00e3o \u00e9 exigir o cumprimento da fun\u00e7\u00e3o social da cidade, por meio da realiza\u00e7\u00e3o de medidas como:<\/p>\n<p>&#8211; a imediata suspens\u00e3o dos despejos das fam\u00edlias para Copa de 2014, Olimp\u00edadas de 2016 e nos grandes projetos de infraestrutura urbana;<br \/>\n&#8211; destina\u00e7\u00e3o dos im\u00f3veis p\u00fablicos vazios ou subutilizados para habita\u00e7\u00e3o de interesse social e demais necessidades sociais dos habitantes da cidade;<br \/>\n&#8211; aprova\u00e7\u00e3o das emendas no projeto de Reforma do C\u00f3digo de Processo Civil (PL 8.064\/2010) para mudan\u00e7as no procedimento de reintegra\u00e7\u00e3o de posse, exigindo o cumprimento da fun\u00e7\u00e3o social da propriedade e a realiza\u00e7\u00e3o de audi\u00eancia pr\u00e9via  para possibilitar a solu\u00e7\u00e3o pac\u00edfica do conflito;<br \/>\n&#8211; transporte p\u00fablico de qualidade, sustent\u00e1vel e barato;<br \/>\nefetiva participa\u00e7\u00e3o e controle social em todas as pol\u00edticas urbanas \u2013 de desenvolvimento, saneamento, mobilidade e habita\u00e7\u00e3o;<br \/>\n&#8211; fim do genoc\u00eddio da juventude negra nas periferias.<br \/>\n<a href=\"http:\/\/por.habitants.org\/news\/habitantes_das_americas\/marcha_nacional_de_reforma_urbana_ocorrera_em_todo_o_pais\"><br \/>\nhttp:\/\/por.habitants.org\/news\/habitantes_das_americas\/marcha_nacional_de_reforma_urbana_ocorrera_em_todo_o_pais<\/a><\/p>\n","protected":false},"excerpt":{"rendered":"<p>Segunda-Feira, 26 de Agosto de 2013 Autor Fuente: http:\/\/www.forumreformaurbana.org.br\/ Moradia digna, transporte p\u00fablico de qualidade e cidades justas para todos. Esses s\u00e3o os pilares da Marcha Nacional pela Reforma Urbana, que ocorrer\u00e1 no pr\u00f3ximo dia 28 (quarta-feira), em todo o Brasil. O ato organizado pelo FNRU (F\u00f3rum Nacional de Reforma Urbana) ocorrer\u00e1 nas cidades de [&hellip;]<\/p>\n","protected":false},"author":13,"featured_media":0,"comment_status":"open","ping_status":"closed","sticky":false,"template":"","format":"standard","meta":{"inline_featured_image":false,"footnotes":""},"categories":[1],"tags":[],"anos":[],"projetos":[],"autorias":[],"eixos_tematicos":[],"locais":[],"pessoas":[],"estado":[],"academia":[],"sociedade_civil":[],"class_list":["post-6910","post","type-post","status-publish","format-standard","hentry","category-noticias"],"_links":{"self":[{"href":"https:\/\/forumjustica.com.br\/es\/wp-json\/wp\/v2\/posts\/6910","targetHints":{"allow":["GET"]}}],"collection":[{"href":"https:\/\/forumjustica.com.br\/es\/wp-json\/wp\/v2\/posts"}],"about":[{"href":"https:\/\/forumjustica.com.br\/es\/wp-json\/wp\/v2\/types\/post"}],"author":[{"embeddable":true,"href":"https:\/\/forumjustica.com.br\/es\/wp-json\/wp\/v2\/users\/13"}],"replies":[{"embeddable":true,"href":"https:\/\/forumjustica.com.br\/es\/wp-json\/wp\/v2\/comments?post=6910"}],"version-history":[{"count":1,"href":"https:\/\/forumjustica.com.br\/es\/wp-json\/wp\/v2\/posts\/6910\/revisions"}],"predecessor-version":[{"id":17536,"href":"https:\/\/forumjustica.com.br\/es\/wp-json\/wp\/v2\/posts\/6910\/revisions\/17536"}],"wp:attachment":[{"href":"https:\/\/forumjustica.com.br\/es\/wp-json\/wp\/v2\/media?parent=6910"}],"wp:term":[{"taxonomy":"category","embeddable":true,"href":"https:\/\/forumjustica.com.br\/es\/wp-json\/wp\/v2\/categories?post=6910"},{"taxonomy":"post_tag","embeddable":true,"href":"https:\/\/forumjustica.com.br\/es\/wp-json\/wp\/v2\/tags?post=6910"},{"taxonomy":"anos","embeddable":true,"href":"https:\/\/forumjustica.com.br\/es\/wp-json\/wp\/v2\/anos?post=6910"},{"taxonomy":"projetos","embeddable":true,"href":"https:\/\/forumjustica.com.br\/es\/wp-json\/wp\/v2\/projetos?post=6910"},{"taxonomy":"autorias","embeddable":true,"href":"https:\/\/forumjustica.com.br\/es\/wp-json\/wp\/v2\/autorias?post=6910"},{"taxonomy":"eixos_tematicos","embeddable":true,"href":"https:\/\/forumjustica.com.br\/es\/wp-json\/wp\/v2\/eixos_tematicos?post=6910"},{"taxonomy":"locais","embeddable":true,"href":"https:\/\/forumjustica.com.br\/es\/wp-json\/wp\/v2\/locais?post=6910"},{"taxonomy":"pessoas","embeddable":true,"href":"https:\/\/forumjustica.com.br\/es\/wp-json\/wp\/v2\/pessoas?post=6910"},{"taxonomy":"estado","embeddable":true,"href":"https:\/\/forumjustica.com.br\/es\/wp-json\/wp\/v2\/estado?post=6910"},{"taxonomy":"academia","embeddable":true,"href":"https:\/\/forumjustica.com.br\/es\/wp-json\/wp\/v2\/academia?post=6910"},{"taxonomy":"sociedade_civil","embeddable":true,"href":"https:\/\/forumjustica.com.br\/es\/wp-json\/wp\/v2\/sociedade_civil?post=6910"}],"curies":[{"name":"wp","href":"https:\/\/api.w.org\/{rel}","templated":true}]}}