{"id":6923,"date":"2013-08-30T09:00:37","date_gmt":"2013-08-30T11:00:37","guid":{"rendered":"https:\/\/forumjustica.vlannetwork.com\/?p=6923"},"modified":"2022-09-04T21:16:13","modified_gmt":"2022-09-05T00:16:13","slug":"conclui-se-a-decima-terceira-edicao-da-oficina-de-formacao-de-lideres-afrodescendentes-nas-americas","status":"publish","type":"post","link":"https:\/\/forumjustica.com.br\/es\/conclui-se-a-decima-terceira-edicao-da-oficina-de-formacao-de-lideres-afrodescendentes-nas-americas\/","title":{"rendered":"Conclui-se a d\u00e9cima terceira edi\u00e7\u00e3o da Oficina de Forma\u00e7\u00e3o de L\u00edderes Afrodescendentes nas Am\u00e9ricas"},"content":{"rendered":"<p><a href=\"https:\/\/forumjustica.com.br\/wp-content\/uploads\/2013\/08\/boletines_informativos_Afrodescendientes_curso_lideres_brasil_jul-2013_1.jpg\"><img loading=\"lazy\" decoding=\"async\" src=\"https:\/\/forumjustica.com.br\/wp-content\/uploads\/2013\/08\/boletines_informativos_Afrodescendientes_curso_lideres_brasil_jul-2013_1-300x198-1.jpg\" alt=\"\" title=\"boletines_informativos_Afrodescendientes_curso_lideres_brasil_jul-2013_1\" width=\"300\" height=\"198\" class=\"aligncenter size-medium wp-image-6924\" \/><\/a><\/p>\n<p>De 29 a 31 de julho foi realizado o Primeiro Curso de Forma\u00e7\u00e3o de L\u00edderes Afrodescendentes do Brasil, na regi\u00e3o Nordeste, Estado da Bahia. O evento foi organizado pelo Instituto de A\u00e7\u00e3o Social e Cidadania M\u00e3o Amiga e contou com o apoio t\u00e9cnico do Departamento de Direito Internacional da OEA e os ausp\u00edcios da Secretaria da Justi\u00e7a, Cidadania e Direitos Humanos do Estado da Bahia, da Secretaria de Promo\u00e7\u00e3o da Igualdade Racial do Estado da Bahia, da Secretaria Municipal da Repara\u00e7\u00e3o de Salvador e Fundo Baob\u00e1 para Equidade Racial.<\/p>\n<p> Primeiro Curso de Forma\u00e7\u00e3o de L\u00edderes Afrodescendentes do Brasil, na regi\u00e3o Nordeste<\/p>\n<p>A abertura teve a presen\u00e7a do Senhor Ademir Santos, Presidente do Instituto de A\u00e7\u00e3o Social e Cidadania M\u00e3o Amiga; do Doutor Dante Negro, Diretor do Departamento de Direito Internacional da OEA; do Doutor Almiro Sena, Secret\u00e1rio da Justi\u00e7a, Cidadania e Direitos Humanos do Estado da Bahia; do Doutor Elias Sampaio, Secret\u00e1rio de Promo\u00e7\u00e3o da Igualdade Racial do Estado da Bahia; da Professora Ivete Sacramento, Secret\u00e1ria Municipal da Repara\u00e7\u00e3o de Salvador; e da Professora Vilma Reis, Vice Presidenta do Conselho de Desenvolvimento da Comunidade Negra do Estado da Bahia.<\/p>\n<p>Cerca de 50 l\u00edderes e observadores do Estado da Bahia, Brasil, e de outras cidades participaram. O objetivo da oficina foi proporcionar aos l\u00edderes afrodescendentes as ferramentas necess\u00e1rias para o acesso ao Sistema Interamericano e para maior participa\u00e7\u00e3o e influ\u00eancia nos \u00f3rg\u00e3os pol\u00edticos, especialmente no que diz respeito aos assuntos de interesse dessa comunidade.<\/p>\n<p>O evento foi realizado no \u00e2mbito do Projeto de Forma\u00e7\u00e3o de L\u00edderes Afrodescendentes das Am\u00e9ricas, implementado pelo Departamento de Direito Internacional. Em mar\u00e7o de 2012, foi realizada a primeira oficina, na Cidade do Panam\u00e1, com o prop\u00f3sito de formar l\u00edderes que pudessem \u00abmultiplicar\u00bb o modelo e por sua vez formar outros l\u00edderes.<\/p>\n<p>O evento realizado em Salvador, Bahia, a cidade com a maior popula\u00e7\u00e3o afrodescendente das Am\u00e9ricas, consiste na d\u00e9cima terceira edi\u00e7\u00e3o realizada no \u00e2mbito do projeto executado pelo Departamento de Direito Internacional, e espera-se que no futuro sejam realizadas outras edi\u00e7\u00f5es com vistas a alcan\u00e7ar mais l\u00edderes afrodescendentes da regi\u00e3o. As edi\u00e7\u00f5es anteriores aconteceram na Col\u00f4mbia, Nicar\u00e1gua, Honduras, Equador e Brasil.<\/p>\n<p>O Departamento de Direito Internacional vem trabalhando com a tem\u00e1tica afrodescendente desde 2008, realizando diversos tipos de atividades a fim de dar maior visibilidade aos afrodescendentes no \u00e2mbito do Sistema Interamericano e possibilitar que participem mais efetivamente de suas iniciativas.<\/p>\n<p>Cumpre lembrar que a Assembleia Geral da OEA adotou, por ocasi\u00e3o de seu \u00faltimo per\u00edodo ordin\u00e1rio de sess\u00f5es, a resolu\u00e7\u00e3o AG\/RES. 2784 (XLIII-O\/13), \u201cReconhecimento e promo\u00e7\u00e3o dos direitos dos afrodescendentes nas Am\u00e9ricas\u00bb, a qual, entre outros temas, reafirma a import\u00e2ncia da plena participa\u00e7\u00e3o, livre e em igualdade de condi\u00e7\u00f5es, dos afrodescendentes em todos os aspectos da vida pol\u00edtica, econ\u00f4mica, social e cultural nos pa\u00edses das Am\u00e9ricas.<\/p>\n<p>Clique a seguir para ver o <a href=\"http:\/\/www.oas.org\/es\/sla\/ddi\/docs\/afrodescendientes_proyecto_tematica_actividades_ejecutadas_curso_lideres_brasil_jul-2013_programa.pdf\">programa do curso<\/a> \u00bb<\/p>\n<p>Clique a seguir para ver as <a href=\"http:\/\/www.oas.org\/es\/sla\/ddi\/afrodescendientes_proyecto_tematica_actividades_ejecutadas_curso_lideres_brasil_jul-2013_fotos.asp\">fotos do curso<\/a> \u00bb<\/p>\n<p>Para obter mais informa\u00e7\u00f5es sobre afrodescendentes, visite nossa <a href=\"http:\/\/www.oas.org\/dil\/port\/afrodescendentes.htm\">p\u00e1gina na internet<\/a> \u00bb<\/p>\n<p><a href=\"http:\/\/www.oas.org\/pt\/sla\/ddi\/boletim_informativo_Afrodescendentes_curso_formacao_lideres_Brasil_jul-2013.html\">http:\/\/www.oas.org\/pt\/sla\/ddi\/boletim_informativo_Afrodescendentes_curso_formacao_lideres_Brasil_jul-2013.html<\/a><\/p>","protected":false},"excerpt":{"rendered":"<p>De 29 a 31 de julho foi realizado o Primeiro Curso de Forma\u00e7\u00e3o de L\u00edderes Afrodescendentes do Brasil, na regi\u00e3o Nordeste, Estado da Bahia. O evento foi organizado pelo Instituto de A\u00e7\u00e3o Social e Cidadania M\u00e3o Amiga e contou com o apoio t\u00e9cnico do Departamento de Direito Internacional da OEA e os ausp\u00edcios da Secretaria [&hellip;]<\/p>\n","protected":false},"author":13,"featured_media":0,"comment_status":"open","ping_status":"closed","sticky":false,"template":"","format":"standard","meta":{"inline_featured_image":false,"footnotes":""},"categories":[1],"tags":[],"anos":[],"projetos":[],"autorias":[],"eixos_tematicos":[],"locais":[],"pessoas":[],"estado":[],"academia":[],"sociedade_civil":[],"class_list":["post-6923","post","type-post","status-publish","format-standard","hentry","category-noticias"],"_links":{"self":[{"href":"https:\/\/forumjustica.com.br\/es\/wp-json\/wp\/v2\/posts\/6923","targetHints":{"allow":["GET"]}}],"collection":[{"href":"https:\/\/forumjustica.com.br\/es\/wp-json\/wp\/v2\/posts"}],"about":[{"href":"https:\/\/forumjustica.com.br\/es\/wp-json\/wp\/v2\/types\/post"}],"author":[{"embeddable":true,"href":"https:\/\/forumjustica.com.br\/es\/wp-json\/wp\/v2\/users\/13"}],"replies":[{"embeddable":true,"href":"https:\/\/forumjustica.com.br\/es\/wp-json\/wp\/v2\/comments?post=6923"}],"version-history":[{"count":1,"href":"https:\/\/forumjustica.com.br\/es\/wp-json\/wp\/v2\/posts\/6923\/revisions"}],"predecessor-version":[{"id":17531,"href":"https:\/\/forumjustica.com.br\/es\/wp-json\/wp\/v2\/posts\/6923\/revisions\/17531"}],"wp:attachment":[{"href":"https:\/\/forumjustica.com.br\/es\/wp-json\/wp\/v2\/media?parent=6923"}],"wp:term":[{"taxonomy":"category","embeddable":true,"href":"https:\/\/forumjustica.com.br\/es\/wp-json\/wp\/v2\/categories?post=6923"},{"taxonomy":"post_tag","embeddable":true,"href":"https:\/\/forumjustica.com.br\/es\/wp-json\/wp\/v2\/tags?post=6923"},{"taxonomy":"anos","embeddable":true,"href":"https:\/\/forumjustica.com.br\/es\/wp-json\/wp\/v2\/anos?post=6923"},{"taxonomy":"projetos","embeddable":true,"href":"https:\/\/forumjustica.com.br\/es\/wp-json\/wp\/v2\/projetos?post=6923"},{"taxonomy":"autorias","embeddable":true,"href":"https:\/\/forumjustica.com.br\/es\/wp-json\/wp\/v2\/autorias?post=6923"},{"taxonomy":"eixos_tematicos","embeddable":true,"href":"https:\/\/forumjustica.com.br\/es\/wp-json\/wp\/v2\/eixos_tematicos?post=6923"},{"taxonomy":"locais","embeddable":true,"href":"https:\/\/forumjustica.com.br\/es\/wp-json\/wp\/v2\/locais?post=6923"},{"taxonomy":"pessoas","embeddable":true,"href":"https:\/\/forumjustica.com.br\/es\/wp-json\/wp\/v2\/pessoas?post=6923"},{"taxonomy":"estado","embeddable":true,"href":"https:\/\/forumjustica.com.br\/es\/wp-json\/wp\/v2\/estado?post=6923"},{"taxonomy":"academia","embeddable":true,"href":"https:\/\/forumjustica.com.br\/es\/wp-json\/wp\/v2\/academia?post=6923"},{"taxonomy":"sociedade_civil","embeddable":true,"href":"https:\/\/forumjustica.com.br\/es\/wp-json\/wp\/v2\/sociedade_civil?post=6923"}],"curies":[{"name":"wp","href":"https:\/\/api.w.org\/{rel}","templated":true}]}}