{"id":6974,"date":"2013-09-04T14:11:53","date_gmt":"2013-09-04T16:11:53","guid":{"rendered":"https:\/\/forumjustica.vlannetwork.com\/?p=6974"},"modified":"2022-09-04T21:16:13","modified_gmt":"2022-09-05T00:16:13","slug":"renap-ce-denuncia-caso-do-coco-ao-ppddh","status":"publish","type":"post","link":"https:\/\/forumjustica.com.br\/es\/renap-ce-denuncia-caso-do-coco-ao-ppddh\/","title":{"rendered":"RENAP-CE denuncia caso do Coc\u00f3 ao Programa de Prote\u00e7\u00e3o de Defensores de Direitos Humanos"},"content":{"rendered":"<p>A Rede Nacional de Advogados e Advogadas Populares no Cear\u00e1, o N\u00facleo da Associa\u00e7\u00e3o dos Ju\u00edzes para a Democracia no Cear\u00e1  protocolaram den\u00fancia contra a\u00e7\u00e3o ilegal de desocupa\u00e7\u00e3o realizada pela Guarda Municipal da Prefeitura de Fortaleza e Policia Militar do Cear\u00e1, aos manifestantes do chamado \u00abOcupeoCoc\u00f3\u00bb, na madrugada do dia 08 de agosto. A a\u00e7\u00e3o foi feita de forma diversa ao que havia recomendado Minist\u00e9rio P\u00fablico Estadual e Defensoria P\u00fablica da Uni\u00e3o, que dizer, fora do que determina o ordenamento jur\u00eddica. Isto decorreu em viola\u00e7\u00e3o de direitos fundamentais de defensores de direitos humanos, defensores do direito humano ao meio ambiente.<\/p>\n<p><a href='https:\/\/forumjustica.com.br\/wp-content\/uploads\/2013\/09\/Representa\u00e7\u00e3o_.pdf'>Clique aqui<\/a> para conhecer o dossi\u00ea apresentado.<\/p>\n<p>Rodrigo de Medeiros<br \/>\nRENAP-CE<\/p>\n","protected":false},"excerpt":{"rendered":"<p>A Rede Nacional de Advogados e Advogadas Populares no Cear\u00e1, o N\u00facleo da Associa\u00e7\u00e3o dos Ju\u00edzes para a Democracia no Cear\u00e1 protocolaram den\u00fancia contra a\u00e7\u00e3o ilegal de desocupa\u00e7\u00e3o realizada pela Guarda Municipal da Prefeitura de Fortaleza e Policia Militar do Cear\u00e1, aos manifestantes do chamado \u00abOcupeoCoc\u00f3\u00bb, na madrugada do dia 08 de agosto. A a\u00e7\u00e3o [&hellip;]<\/p>\n","protected":false},"author":13,"featured_media":0,"comment_status":"open","ping_status":"closed","sticky":false,"template":"","format":"standard","meta":{"inline_featured_image":false,"footnotes":""},"categories":[1],"tags":[],"anos":[],"projetos":[],"autorias":[],"eixos_tematicos":[],"locais":[],"pessoas":[],"estado":[],"academia":[],"sociedade_civil":[],"class_list":["post-6974","post","type-post","status-publish","format-standard","hentry","category-noticias"],"_links":{"self":[{"href":"https:\/\/forumjustica.com.br\/es\/wp-json\/wp\/v2\/posts\/6974","targetHints":{"allow":["GET"]}}],"collection":[{"href":"https:\/\/forumjustica.com.br\/es\/wp-json\/wp\/v2\/posts"}],"about":[{"href":"https:\/\/forumjustica.com.br\/es\/wp-json\/wp\/v2\/types\/post"}],"author":[{"embeddable":true,"href":"https:\/\/forumjustica.com.br\/es\/wp-json\/wp\/v2\/users\/13"}],"replies":[{"embeddable":true,"href":"https:\/\/forumjustica.com.br\/es\/wp-json\/wp\/v2\/comments?post=6974"}],"version-history":[{"count":1,"href":"https:\/\/forumjustica.com.br\/es\/wp-json\/wp\/v2\/posts\/6974\/revisions"}],"predecessor-version":[{"id":17526,"href":"https:\/\/forumjustica.com.br\/es\/wp-json\/wp\/v2\/posts\/6974\/revisions\/17526"}],"wp:attachment":[{"href":"https:\/\/forumjustica.com.br\/es\/wp-json\/wp\/v2\/media?parent=6974"}],"wp:term":[{"taxonomy":"category","embeddable":true,"href":"https:\/\/forumjustica.com.br\/es\/wp-json\/wp\/v2\/categories?post=6974"},{"taxonomy":"post_tag","embeddable":true,"href":"https:\/\/forumjustica.com.br\/es\/wp-json\/wp\/v2\/tags?post=6974"},{"taxonomy":"anos","embeddable":true,"href":"https:\/\/forumjustica.com.br\/es\/wp-json\/wp\/v2\/anos?post=6974"},{"taxonomy":"projetos","embeddable":true,"href":"https:\/\/forumjustica.com.br\/es\/wp-json\/wp\/v2\/projetos?post=6974"},{"taxonomy":"autorias","embeddable":true,"href":"https:\/\/forumjustica.com.br\/es\/wp-json\/wp\/v2\/autorias?post=6974"},{"taxonomy":"eixos_tematicos","embeddable":true,"href":"https:\/\/forumjustica.com.br\/es\/wp-json\/wp\/v2\/eixos_tematicos?post=6974"},{"taxonomy":"locais","embeddable":true,"href":"https:\/\/forumjustica.com.br\/es\/wp-json\/wp\/v2\/locais?post=6974"},{"taxonomy":"pessoas","embeddable":true,"href":"https:\/\/forumjustica.com.br\/es\/wp-json\/wp\/v2\/pessoas?post=6974"},{"taxonomy":"estado","embeddable":true,"href":"https:\/\/forumjustica.com.br\/es\/wp-json\/wp\/v2\/estado?post=6974"},{"taxonomy":"academia","embeddable":true,"href":"https:\/\/forumjustica.com.br\/es\/wp-json\/wp\/v2\/academia?post=6974"},{"taxonomy":"sociedade_civil","embeddable":true,"href":"https:\/\/forumjustica.com.br\/es\/wp-json\/wp\/v2\/sociedade_civil?post=6974"}],"curies":[{"name":"wp","href":"https:\/\/api.w.org\/{rel}","templated":true}]}}