{"id":7015,"date":"2013-09-10T19:22:02","date_gmt":"2013-09-10T21:22:02","guid":{"rendered":"https:\/\/forumjustica.vlannetwork.com\/?p=7015"},"modified":"2022-09-04T21:16:13","modified_gmt":"2022-09-05T00:16:13","slug":"nota-de-apoio-a-potiretama","status":"publish","type":"post","link":"https:\/\/forumjustica.com.br\/es\/nota-de-apoio-a-potiretama\/","title":{"rendered":"NOTA DE APOIO A POTIRETAMA"},"content":{"rendered":"<p>A CAMINHADA DO POVO EM POTIRETAMA E O PODER MUNICIPAL<br \/>\n\u00abEu quero agito nas dioceses,<br \/>\nque voc\u00eas saiam \u00e0s ruas.<br \/>\nEu quero que a Igreja v\u00e1 para as ruas,<br \/>\neu quero que n\u00f3s nos defendamos de toda acomoda\u00e7\u00e3o,<br \/>\n imobilidade, clericalismo.\u201d<br \/>\nPapa Francisco<\/p>\n<p>O que nos une e nos mant\u00e9m fortes no engajamento \u00e9 a vontade de ver a justi\u00e7a prevalecer e o esp\u00edrito de crist\u00e3os e crist\u00e3s comprometidos com um mundo mais fraterno e feliz. Essa foi a causa que moveu homens e mulheres de Potiretama por diversas caminhadas at\u00e9 hoje. O que realizamos:<br \/>\n1.\tConversas e reflex\u00f5es sobre a realidade do povo: seus sofrimentos, alegrias, a\u00e7\u00f5es do dia-a-dia, problemas e poss\u00edveis solu\u00e7\u00f5es;<br \/>\n2.\tRomaria das \u00e1guas como um grito dos que sofrem e querem promover o bem-estar em nossa sociedade;<br \/>\n3.\tReuni\u00f5es com as comunidades para fazer para identificar os principais problemas que trazem injusti\u00e7as para os pobres;<br \/>\n4.\tGrande audi\u00eancia p\u00fablica para debater esses problemas e buscar o comprometimento dos \u00f3rg\u00e3os p\u00fablicos de Potiretama em busca de solu\u00e7\u00f5es.<\/p>\n<p>Quais s\u00e3o as vit\u00f3rias do povo que luta dia-a-dia para melhorar as condi\u00e7\u00f5es de vida e promover a justi\u00e7a social?<\/p>\n<p>\u2022\tMaior compreens\u00e3o da realidade dos que est\u00e3o vivendo: falta d\u2019\u00e1gua; falta de transporte escolar digno; falta de atendimento na \u00e1rea da sa\u00fade, etc;<br \/>\n\u2022\tApoio aos homens e mulheres que corajosamente denunciam essa realidade, enfrentando aqueles que n\u00e3o querem falar dessa realidade, mas encobrir todos os problemas, apresentando um para\u00edso que n\u00e3o existe;<br \/>\n\u2022\tTrazer os \u00f3rg\u00e3os p\u00fablicos para fazer o debate dos problemas que as comunidades enfrentam. Esses foram momentos de verdadeira cidadania: o povo participando e reivindicando;<br \/>\n\u2022\tParceria com a C\u00e1ritas Diocesana de Limoeiro do Norte, Par\u00f3quia Nossa Senhora do Perp\u00e9tuo Socorro, Diocese de Limoeiro do Norte, Sindicatos dos trabalhadores e Trabalhadoras Rurais de Potiretama e outras entidades que fortalecem nossas lutas e nos ajuda a construir uma sociedade melhor. A exemplo, citamos os projetos: forma\u00e7\u00e3o em pol\u00edticas p\u00fablicas, forma\u00e7\u00e3o da juventude, casa de sementes, quintais produtivos, sistema agroflorestal, cisternas cal\u00e7ad\u00e3o, cisternas de placas, farm\u00e1cia viva, f\u00e1brica de reciclagem e feira da agricultura familiar.<\/p>\n<p>Quais s\u00e3o os desafios para o povo de Potiretama?<\/p>\n<p>\u2022\tTrazer a Prefeitura Municipal para apresentar o que j\u00e1 foi feito e o que est\u00e1 sendo encaminhado pela Prefeitura sobre as reivindica\u00e7\u00f5es do povo;<br \/>\n\u2022\tFortalecer a luta pela justi\u00e7a como povo de Deus que se junta aos oprimidos e enfrenta os poderosos.<\/p>\n<p>Alguns questionamentos:<br \/>\n\u2022\tPor que a prefeitura com suas secretarias n\u00e3o participaram da \u00faltima audi\u00eancia p\u00fablica no dia 29 de agosto convocada pelas comunidades?<br \/>\n\u2022\tPor que o prefeito fica em sil\u00eancio quando perguntamos sobre a\u00e7\u00f5es e projeto que devem ser encaminhados pela prefeitura?<br \/>\n\u2022\tPor que tantas acusa\u00e7\u00f5es, onde o povo s\u00f3 quer transpar\u00eancia e democracia no desejo de colaborar, pois as a\u00e7\u00f5es n\u00e3o s\u00e3o negativas s\u00e3o para ajudar na caminhada?<\/p>\n<p>N\u00e3o pervertam o direito,<br \/>\nn\u00e3o fa\u00e7a diferen\u00e7a entre as pessoas nem aceite suborno,<br \/>\npois os subornos cega os olhos dos s\u00e1bios e faceia a causa dos justos.<br \/>\nDeuteron\u00f4mio 16,19<br \/>\nPotiretama, 06 de setembro de 2013.<\/p>\n<p>Assinam esta Nota:<br \/>\nDom Jos\u00e9 Haring \u2013 Bispo Diocese de Limoeiro do Norte, C\u00e1ritas Diocesana de Limoeiro do Norte, Par\u00f3quia Nossa Senhora do Perpetuo Socorro de Potiretama, Sindicato dos Trabalhadores\/as Rurais de Potiretama, Federa\u00e7\u00e3o dos Trabalhadores\/as do Cear\u00e1-FETRAECE,  Sindicato dos Trabalhadores\/as Rurais de Jaguaribe, Projeto Ser-t\u00e3o. Universidade do Estado do Rio Grande do Norte, Par\u00f3quia N. Senhora do Ros\u00e1rio de Russas, Grupo de Estudos em Direito Cr\u00edtico &#8211; GEDIC, da UFERSA, Organiza\u00e7\u00e3o Barreiras Amigos Solid\u00e1rios \u2013 OBAS, F\u00f3rum Cearense Pela Vida no Semi\u00e1rido \u2013 FCVSA, F\u00f3rum Microrregional Vale do Jaguaribe, C\u00e1ritas Brasileira Regional Cear\u00e1, Comiss\u00e3o Pastoral da Terra Regional- CPT, Cooperativa de Produ\u00e7\u00e3o e Comercializa\u00e7\u00e3o Agroecol\u00f3gica e Solid\u00e1ria- BODEGA, Redes Bodegas, Rede de Advogado\/as Populares no Cear\u00e1- RENAP, Faculdade de Filosofia Dom Aureliano Matos &#8211; FAFIDAM, Grupo Trabalho, Meio Ambiente e Sa\u00fade Para a Sustentabilidade-Tramas, Movimento dos Atingidos por Barragens-MAB e Associa\u00e7\u00e3o comit\u00ea de defesa do Meio Ambiente de Flores-CODEMAF.<\/p>\n","protected":false},"excerpt":{"rendered":"<p>A CAMINHADA DO POVO EM POTIRETAMA E O PODER MUNICIPAL \u00abEu quero agito nas dioceses, que voc\u00eas saiam \u00e0s ruas. Eu quero que a Igreja v\u00e1 para as ruas, eu quero que n\u00f3s nos defendamos de toda acomoda\u00e7\u00e3o, imobilidade, clericalismo.\u201d Papa Francisco O que nos une e nos mant\u00e9m fortes no engajamento \u00e9 a vontade [&hellip;]<\/p>\n","protected":false},"author":13,"featured_media":0,"comment_status":"open","ping_status":"closed","sticky":false,"template":"","format":"standard","meta":{"inline_featured_image":false,"footnotes":""},"categories":[1],"tags":[],"anos":[],"projetos":[],"autorias":[],"eixos_tematicos":[],"locais":[],"pessoas":[],"estado":[],"academia":[],"sociedade_civil":[],"class_list":["post-7015","post","type-post","status-publish","format-standard","hentry","category-noticias"],"_links":{"self":[{"href":"https:\/\/forumjustica.com.br\/es\/wp-json\/wp\/v2\/posts\/7015","targetHints":{"allow":["GET"]}}],"collection":[{"href":"https:\/\/forumjustica.com.br\/es\/wp-json\/wp\/v2\/posts"}],"about":[{"href":"https:\/\/forumjustica.com.br\/es\/wp-json\/wp\/v2\/types\/post"}],"author":[{"embeddable":true,"href":"https:\/\/forumjustica.com.br\/es\/wp-json\/wp\/v2\/users\/13"}],"replies":[{"embeddable":true,"href":"https:\/\/forumjustica.com.br\/es\/wp-json\/wp\/v2\/comments?post=7015"}],"version-history":[{"count":1,"href":"https:\/\/forumjustica.com.br\/es\/wp-json\/wp\/v2\/posts\/7015\/revisions"}],"predecessor-version":[{"id":17519,"href":"https:\/\/forumjustica.com.br\/es\/wp-json\/wp\/v2\/posts\/7015\/revisions\/17519"}],"wp:attachment":[{"href":"https:\/\/forumjustica.com.br\/es\/wp-json\/wp\/v2\/media?parent=7015"}],"wp:term":[{"taxonomy":"category","embeddable":true,"href":"https:\/\/forumjustica.com.br\/es\/wp-json\/wp\/v2\/categories?post=7015"},{"taxonomy":"post_tag","embeddable":true,"href":"https:\/\/forumjustica.com.br\/es\/wp-json\/wp\/v2\/tags?post=7015"},{"taxonomy":"anos","embeddable":true,"href":"https:\/\/forumjustica.com.br\/es\/wp-json\/wp\/v2\/anos?post=7015"},{"taxonomy":"projetos","embeddable":true,"href":"https:\/\/forumjustica.com.br\/es\/wp-json\/wp\/v2\/projetos?post=7015"},{"taxonomy":"autorias","embeddable":true,"href":"https:\/\/forumjustica.com.br\/es\/wp-json\/wp\/v2\/autorias?post=7015"},{"taxonomy":"eixos_tematicos","embeddable":true,"href":"https:\/\/forumjustica.com.br\/es\/wp-json\/wp\/v2\/eixos_tematicos?post=7015"},{"taxonomy":"locais","embeddable":true,"href":"https:\/\/forumjustica.com.br\/es\/wp-json\/wp\/v2\/locais?post=7015"},{"taxonomy":"pessoas","embeddable":true,"href":"https:\/\/forumjustica.com.br\/es\/wp-json\/wp\/v2\/pessoas?post=7015"},{"taxonomy":"estado","embeddable":true,"href":"https:\/\/forumjustica.com.br\/es\/wp-json\/wp\/v2\/estado?post=7015"},{"taxonomy":"academia","embeddable":true,"href":"https:\/\/forumjustica.com.br\/es\/wp-json\/wp\/v2\/academia?post=7015"},{"taxonomy":"sociedade_civil","embeddable":true,"href":"https:\/\/forumjustica.com.br\/es\/wp-json\/wp\/v2\/sociedade_civil?post=7015"}],"curies":[{"name":"wp","href":"https:\/\/api.w.org\/{rel}","templated":true}]}}