{"id":7021,"date":"2013-09-11T12:00:29","date_gmt":"2013-09-11T14:00:29","guid":{"rendered":"https:\/\/forumjustica.vlannetwork.com\/?p=7021"},"modified":"2022-09-04T21:16:13","modified_gmt":"2022-09-05T00:16:13","slug":"ce-ana-virginia-reeleita-ouvidora-geral-da-defensoria-publica-para-o-bienio-20132015","status":"publish","type":"post","link":"https:\/\/forumjustica.com.br\/es\/ce-ana-virginia-reeleita-ouvidora-geral-da-defensoria-publica-para-o-bienio-20132015\/","title":{"rendered":"CE \u2013 Ana Virg\u00ednia reeleita Ouvidora Geral da Defensoria P\u00fablica para o bi\u00eanio 2013\/2015"},"content":{"rendered":"<p>Por racismoambiental, 10\/09\/2013 07:57<br \/>\n<div id=\"attachment_7022\" style=\"width: 210px\" class=\"wp-caption alignleft\"><a href=\"https:\/\/forumjustica.com.br\/wp-content\/uploads\/2013\/09\/Ana-Virg\u00ednia-Ferreira-Carmo.jpg\"><img loading=\"lazy\" decoding=\"async\" aria-describedby=\"caption-attachment-7022\" src=\"https:\/\/forumjustica.com.br\/wp-content\/uploads\/2013\/09\/Ana-Virg\u00ednia-Ferreira-Carmo.jpg\" alt=\"\" title=\"Ana-Virg\u00ednia-Ferreira-Carmo\" width=\"200\" height=\"300\" class=\"size-full wp-image-7022\" \/><\/a><p id=\"caption-attachment-7022\" class=\"wp-caption-text\">Ana Virg\u00ednia Ferreira Carmo, Ouvidora Geral (Externa) da DP do Cear\u00e1<\/p><\/div> <em>Como deve ser bom viver em um estado onde a Defensoria P\u00fablica respeita a lei federal que a regulamentou e age de fato de forma a garantir os direitos coletivos! E o faz come\u00e7ando por acatar a conquista da sociedade civil de indicar, em lista tr\u00edplice, a pessoa que ocupa a Ouvidoria Geral e que, obrigatoriamente, n\u00e3o pode ser membro da carreira, ativo ou aposentado\u2026 Ah, que sadia inveja! Parab\u00e9ns ao Cear\u00e1 e aos outros estados onde o corporativismo n\u00e3o prevalece. (Tania Pacheco)<\/em><\/p>\n<p>Em Sess\u00e3o do Conselho Superior da Defensoria P\u00fablica Geral, CONSUP, que ocorreu nesta segunda-feira, 2 de setembro, \u00e0s 9h, na sede do \u00f3rg\u00e3o, a Sra. Ana Virg\u00ednia  Ferreira Carmo foi reconduzida ao cargo de Ouvidor-Geral da Defensoria para o bi\u00eanio 2013\/2015.<\/p>\n<p>A presidente do CONSUP, Dra. Andrea Coelho prop\u00f4s voto de elogio aos integrantes comiss\u00e3o eleitoral pelos trabalhos realizados, tendo sido votado \u00e0 unanimidade pelos demais Conselheiros. Na oportunidade parabenizou ainda a Sra. Ana Virg\u00ednia Ferreira Carmo pelo excelente trabalho desenvolvido e pelo fortalecimento da Ouvidoria, tendo sido reconduzida ao cargo, pelo voto un\u00e2nime dos Conselheiros.<br \/>\n<strong><br \/>\nConhe\u00e7a mais sobre a Ouvidora:<\/strong><\/p>\n<p>Bibliotec\u00e1ria, graduada pela a Universidade Federal do Cear\u00e1 \u2013 UFC em 2005, especialista em Democracia Participativa, Rep\u00fablica e Movimentos Sociais na UFMG, no Programa de Forma\u00e7\u00e3o de Conselheiros Nacionais (EAD).<\/p>\n<p>Militante desde 1996, no movimento estudantil secundarista, gr\u00eamios, congressos de entidades estudantis, luta pela a meia passagem e tamb\u00e9m no movimento estudantil universit\u00e1rio.<\/p>\n<p>Diretora do Diret\u00f3rio Central da Universidade Federal do Cear\u00e1 \u2013 DCE \u2013 UFC por tr\u00eas gest\u00f5es e tamb\u00e9m Presidente do Centro Acad\u00eamico de Biblioteconomia por uma gest\u00e3o.<\/p>\n<p>Fundadora e coordenadora estadual e nacional do Movimento de Lutas nos Bairros, Vilas e Favelas \u2013 MLB desde 2001, movimento comunit\u00e1rio e popular, existente em 14 estados do Brasil que tem como tem\u00e1tica a luta pela a Reforma Urbana e pelo o Socialismo.<\/p>\n<p>Integrante da comiss\u00e3o animadora do F\u00f3rum Nacional e Estadual de Reforma Urbana, N\u00facleo de Habita\u00e7\u00e3o e Meio Ambiente \u2013 NUHAB, tamb\u00e9m coordenadora da Central de Movimentos Populares- CMP dentre outras articula\u00e7\u00f5es. Tamb\u00e9m membro da comiss\u00e3o de Mem\u00f3ria e Verdade da Assembl\u00e9ia Legislativa do Cear\u00e1, comiss\u00e3o de Direitos Humanos.<\/p>\n<p>http:\/\/racismoambiental.net.br\/2013\/09\/ce-ana-virginia-reeleita-ouvidora-geral-da-defensoria-publica-para-o-bienio-20132015\/<\/p>","protected":false},"excerpt":{"rendered":"<p>Por racismoambiental, 10\/09\/2013 07:57 Como deve ser bom viver em um estado onde a Defensoria P\u00fablica respeita a lei federal que a regulamentou e age de fato de forma a garantir os direitos coletivos! E o faz come\u00e7ando por acatar a conquista da sociedade civil de indicar, em lista tr\u00edplice, a pessoa que ocupa a [&hellip;]<\/p>\n","protected":false},"author":13,"featured_media":0,"comment_status":"open","ping_status":"closed","sticky":false,"template":"","format":"standard","meta":{"inline_featured_image":false,"footnotes":""},"categories":[1],"tags":[],"anos":[],"projetos":[],"autorias":[],"eixos_tematicos":[],"locais":[],"pessoas":[],"estado":[],"academia":[],"sociedade_civil":[],"class_list":["post-7021","post","type-post","status-publish","format-standard","hentry","category-noticias"],"_links":{"self":[{"href":"https:\/\/forumjustica.com.br\/es\/wp-json\/wp\/v2\/posts\/7021","targetHints":{"allow":["GET"]}}],"collection":[{"href":"https:\/\/forumjustica.com.br\/es\/wp-json\/wp\/v2\/posts"}],"about":[{"href":"https:\/\/forumjustica.com.br\/es\/wp-json\/wp\/v2\/types\/post"}],"author":[{"embeddable":true,"href":"https:\/\/forumjustica.com.br\/es\/wp-json\/wp\/v2\/users\/13"}],"replies":[{"embeddable":true,"href":"https:\/\/forumjustica.com.br\/es\/wp-json\/wp\/v2\/comments?post=7021"}],"version-history":[{"count":1,"href":"https:\/\/forumjustica.com.br\/es\/wp-json\/wp\/v2\/posts\/7021\/revisions"}],"predecessor-version":[{"id":17517,"href":"https:\/\/forumjustica.com.br\/es\/wp-json\/wp\/v2\/posts\/7021\/revisions\/17517"}],"wp:attachment":[{"href":"https:\/\/forumjustica.com.br\/es\/wp-json\/wp\/v2\/media?parent=7021"}],"wp:term":[{"taxonomy":"category","embeddable":true,"href":"https:\/\/forumjustica.com.br\/es\/wp-json\/wp\/v2\/categories?post=7021"},{"taxonomy":"post_tag","embeddable":true,"href":"https:\/\/forumjustica.com.br\/es\/wp-json\/wp\/v2\/tags?post=7021"},{"taxonomy":"anos","embeddable":true,"href":"https:\/\/forumjustica.com.br\/es\/wp-json\/wp\/v2\/anos?post=7021"},{"taxonomy":"projetos","embeddable":true,"href":"https:\/\/forumjustica.com.br\/es\/wp-json\/wp\/v2\/projetos?post=7021"},{"taxonomy":"autorias","embeddable":true,"href":"https:\/\/forumjustica.com.br\/es\/wp-json\/wp\/v2\/autorias?post=7021"},{"taxonomy":"eixos_tematicos","embeddable":true,"href":"https:\/\/forumjustica.com.br\/es\/wp-json\/wp\/v2\/eixos_tematicos?post=7021"},{"taxonomy":"locais","embeddable":true,"href":"https:\/\/forumjustica.com.br\/es\/wp-json\/wp\/v2\/locais?post=7021"},{"taxonomy":"pessoas","embeddable":true,"href":"https:\/\/forumjustica.com.br\/es\/wp-json\/wp\/v2\/pessoas?post=7021"},{"taxonomy":"estado","embeddable":true,"href":"https:\/\/forumjustica.com.br\/es\/wp-json\/wp\/v2\/estado?post=7021"},{"taxonomy":"academia","embeddable":true,"href":"https:\/\/forumjustica.com.br\/es\/wp-json\/wp\/v2\/academia?post=7021"},{"taxonomy":"sociedade_civil","embeddable":true,"href":"https:\/\/forumjustica.com.br\/es\/wp-json\/wp\/v2\/sociedade_civil?post=7021"}],"curies":[{"name":"wp","href":"https:\/\/api.w.org\/{rel}","templated":true}]}}