{"id":7051,"date":"2013-09-12T12:00:05","date_gmt":"2013-09-12T14:00:05","guid":{"rendered":"https:\/\/forumjustica.vlannetwork.com\/?p=7051"},"modified":"2022-09-04T21:16:13","modified_gmt":"2022-09-05T00:16:13","slug":"oab-anuncia-que-vai-recorrer-ao-tj-para-derrubar-veto-a-mascaras-em-protestos","status":"publish","type":"post","link":"https:\/\/forumjustica.com.br\/es\/oab-anuncia-que-vai-recorrer-ao-tj-para-derrubar-veto-a-mascaras-em-protestos\/","title":{"rendered":"OAB anuncia que vai recorrer ao TJ para derrubar veto a m\u00e1scaras em protestos"},"content":{"rendered":"<p>1\/09\/2013 00:21:46 &#8211; O DIA<\/p>\n<p>Rio &#8211; Antes do projeto de lei que pro\u00edbe mascarados nas manifesta\u00e7\u00f5es ser levado \u00e0 san\u00e7\u00e3o do governador S\u00e9rgio Cabral, a Ordem dos Advogados do Brasil (OAB-RJ) j\u00e1 se mostra contra a iniciativa. Uma representa\u00e7\u00e3o no \u00d3rg\u00e3o Especial do Tribunal de Justi\u00e7a por inconsticionalidade j\u00e1 est\u00e1 sendo articulada e dever\u00e1 ser entregue at\u00e9 sexta-feira.<\/p>\n<p>\u201cEssa lei impede o direito do cidad\u00e3o \u00e0 livre manifesta\u00e7\u00e3o\u201d, afirmou Breno Costa, presidente da Comiss\u00e3o de Seguran\u00e7a P\u00fablica da entidade. Ele frisou que a OAB defende a pris\u00e3o de quem for pego em flagrante cometendo delitos.<\/p>\n<div id=\"attachment_7052\" style=\"width: 310px\" class=\"wp-caption aligncenter\"><a href=\"https:\/\/forumjustica.com.br\/wp-content\/uploads\/2013\/09\/ci350zga5srwxjg4gplmb9xm9.jpg\"><img loading=\"lazy\" decoding=\"async\" aria-describedby=\"caption-attachment-7052\" src=\"https:\/\/forumjustica.com.br\/wp-content\/uploads\/2013\/09\/ci350zga5srwxjg4gplmb9xm9-300x200-1.jpg\" alt=\"\" title=\"ci350zga5srwxjg4gplmb9xm9\" width=\"300\" height=\"200\" class=\"size-medium wp-image-7052\" \/><\/a><p id=\"caption-attachment-7052\" class=\"wp-caption-text\">Do lado de fora, rapaz que usava m\u00e1scara \u00e9 abordado por policial, se identifica e guarda o apetrecho Foto:  Ag\u00eancia O Dia<\/p><\/div>\n<p>Medida causou pol\u00eamica na Alerj<\/p>\n<p>Nem o pedido de Caetano Veloso adiantou: o projeto de lei que pro\u00edbe o uso de m\u00e1scaras em manifesta\u00e7\u00f5es foi aprovado nesta ter\u00e7a-feira pela Assembleia Legislativa do Rio de Janeiro (Alerj), com apenas 12 votos contr\u00e1rios entre os 62 presentes.<\/p>\n<p>A assessoria do governador S\u00e9rgio Cabral informou que o texto ser\u00e1 sancionado. Nele, uma emenda autoriza o uso de m\u00e1scaras em eventos culturais previstos no calend\u00e1rio oficial do Estado, como o Carnaval.<br \/>\nOutra emenda inclu\u00edda no texto estabelece que as manifesta\u00e7\u00f5es poder\u00e3o ocorrer desde que convocadas pela internet com pelo menos dois dias de anteced\u00eancia.  Do lado de fora, manifestantes foram impedidos de entrar na Alerj. Um extintor de inc\u00eandio chegou a ser usado para dispersar quem tentava entrar na Casa.<\/p>\n<p>O deputado Paulo Melo (PMDB), presidente da Alerj, disse que eles portavam pedras, mesmo sem a revista ter sido feita, e a entrada foi limitada a 75 pessoas (todas favor\u00e1veis \u00e0 lei).<\/p>\n<p><div id=\"attachment_7053\" style=\"width: 310px\" class=\"wp-caption aligncenter\"><a href=\"https:\/\/forumjustica.com.br\/wp-content\/uploads\/2013\/09\/ej7hifu989t5w91wm0n0pma03.jpg\"><img loading=\"lazy\" decoding=\"async\" aria-describedby=\"caption-attachment-7053\" src=\"https:\/\/forumjustica.com.br\/wp-content\/uploads\/2013\/09\/ej7hifu989t5w91wm0n0pma03-300x200-1.jpg\" alt=\"\" title=\"ej7hifu989t5w91wm0n0pma03\" width=\"300\" height=\"200\" class=\"size-medium wp-image-7053\" \/><\/a><p id=\"caption-attachment-7053\" class=\"wp-caption-text\">A deputada Clarissa Garotinho usou uma m\u00e1scara de Jos\u00e9 Dirceu durante a vota\u00e7\u00e3o na Alerj Foto:  Ag\u00eancia O Dia<\/p><\/div><br \/>\nNo plen\u00e1rio, esconder o rosto n\u00e3o era proibido. A deputada Clarissa Garotinho (PR) usou uma m\u00e1scara do ex-ministro Jos\u00e9 Dirceu, um dos condenados no esc\u00e2ndalo do Mensal\u00e3o. \u201cIsso \u00e9 para mostrar que a m\u00e1scara \u00e9 protesto, e n\u00e3o anonimato. Existem v\u00e2ndalos que n\u00e3o cobrem o rosto\u201d, afirmou Clarissa. Segundo ela, a lei \u00e9 inconstitucional.<br \/>\nJ\u00e1 Marcelo Freixo (Psol) classificou o projeto como um \u201cgrande equ\u00edvoco, que poder\u00e1 aumentar o conflito entre manifestantes e a pol\u00edcia\u201d. Ele lembrou que a Justi\u00e7a j\u00e1 havia autorizado a identifica\u00e7\u00e3o de mascarados. \u201cEsse projeto de lei \u00e9 inconsequente\u201d, resumiu.<br \/>\nDomingos Braz\u00e3o (PMDB), autor da lei, disse que o objetivo n\u00e3o \u00e9 proibir as manifesta\u00e7\u00f5es, e sim incentiv\u00e1-las. \u201cNingu\u00e9m tem a ilus\u00e3o de que as manifesta\u00e7\u00f5es ir\u00e3o parar. N\u00f3s queremos acabar com esse pequeno grupo que vandaliza\u201d, frisou Braz\u00e3o.<\/p>\n<p>Ap\u00f3s a sess\u00e3o, um grupo de 60 pessoas aguardou a sa\u00edda dos parlamentares. Um manifestante mascarado foi abordado por um PM, mas mostrou identifica\u00e7\u00e3o e foi autorizado a ficar no local.<\/p>\n<p><a href=\"http:\/\/odia.ig.com.br\/noticia\/rio-de-janeiro\/2013-09-11\/oab-anuncia-que-vai-recorrer-ao-tj-para-derrubar-veto-a-mascaras-em-protestos.html?fb_action_ids=10201922519568043&#038;fb_action_types=og.recommends&#038;fb_source=other_multiline&#038;action_object_map=%7B%2210201922519568043%22%3A232072023610409%7D&#038;action_type_map=%7B%2210201922519568043%22%3A%22og.recommends%22%7D&#038;action_ref_map=%5B%5D\">http:\/\/odia.ig.com.br\/noticia\/rio-de-janeiro\/2013-09-11\/oab-anuncia-que-vai-recorrer-ao-tj-para-derrubar-veto-a-mascaras-em-protestos.html?fb_action_ids=10201922519568043&#038;fb_action_types=og.recommends&#038;fb_source=other_multiline&#038;action_object_map=%7B%2210201922519568043%22%3A232072023610409%7D&#038;action_type_map=%7B%2210201922519568043%22%3A%22og.recommends%22%7D&#038;action_ref_map=%5B%5D<\/a><\/p>","protected":false},"excerpt":{"rendered":"<p>1\/09\/2013 00:21:46 &#8211; O DIA Rio &#8211; Antes do projeto de lei que pro\u00edbe mascarados nas manifesta\u00e7\u00f5es ser levado \u00e0 san\u00e7\u00e3o do governador S\u00e9rgio Cabral, a Ordem dos Advogados do Brasil (OAB-RJ) j\u00e1 se mostra contra a iniciativa. Uma representa\u00e7\u00e3o no \u00d3rg\u00e3o Especial do Tribunal de Justi\u00e7a por inconsticionalidade j\u00e1 est\u00e1 sendo articulada e dever\u00e1 [&hellip;]<\/p>\n","protected":false},"author":13,"featured_media":0,"comment_status":"open","ping_status":"closed","sticky":false,"template":"","format":"standard","meta":{"inline_featured_image":false,"footnotes":""},"categories":[1],"tags":[],"anos":[],"projetos":[],"autorias":[],"eixos_tematicos":[],"locais":[],"pessoas":[],"estado":[],"academia":[],"sociedade_civil":[],"class_list":["post-7051","post","type-post","status-publish","format-standard","hentry","category-noticias"],"_links":{"self":[{"href":"https:\/\/forumjustica.com.br\/es\/wp-json\/wp\/v2\/posts\/7051","targetHints":{"allow":["GET"]}}],"collection":[{"href":"https:\/\/forumjustica.com.br\/es\/wp-json\/wp\/v2\/posts"}],"about":[{"href":"https:\/\/forumjustica.com.br\/es\/wp-json\/wp\/v2\/types\/post"}],"author":[{"embeddable":true,"href":"https:\/\/forumjustica.com.br\/es\/wp-json\/wp\/v2\/users\/13"}],"replies":[{"embeddable":true,"href":"https:\/\/forumjustica.com.br\/es\/wp-json\/wp\/v2\/comments?post=7051"}],"version-history":[{"count":1,"href":"https:\/\/forumjustica.com.br\/es\/wp-json\/wp\/v2\/posts\/7051\/revisions"}],"predecessor-version":[{"id":17515,"href":"https:\/\/forumjustica.com.br\/es\/wp-json\/wp\/v2\/posts\/7051\/revisions\/17515"}],"wp:attachment":[{"href":"https:\/\/forumjustica.com.br\/es\/wp-json\/wp\/v2\/media?parent=7051"}],"wp:term":[{"taxonomy":"category","embeddable":true,"href":"https:\/\/forumjustica.com.br\/es\/wp-json\/wp\/v2\/categories?post=7051"},{"taxonomy":"post_tag","embeddable":true,"href":"https:\/\/forumjustica.com.br\/es\/wp-json\/wp\/v2\/tags?post=7051"},{"taxonomy":"anos","embeddable":true,"href":"https:\/\/forumjustica.com.br\/es\/wp-json\/wp\/v2\/anos?post=7051"},{"taxonomy":"projetos","embeddable":true,"href":"https:\/\/forumjustica.com.br\/es\/wp-json\/wp\/v2\/projetos?post=7051"},{"taxonomy":"autorias","embeddable":true,"href":"https:\/\/forumjustica.com.br\/es\/wp-json\/wp\/v2\/autorias?post=7051"},{"taxonomy":"eixos_tematicos","embeddable":true,"href":"https:\/\/forumjustica.com.br\/es\/wp-json\/wp\/v2\/eixos_tematicos?post=7051"},{"taxonomy":"locais","embeddable":true,"href":"https:\/\/forumjustica.com.br\/es\/wp-json\/wp\/v2\/locais?post=7051"},{"taxonomy":"pessoas","embeddable":true,"href":"https:\/\/forumjustica.com.br\/es\/wp-json\/wp\/v2\/pessoas?post=7051"},{"taxonomy":"estado","embeddable":true,"href":"https:\/\/forumjustica.com.br\/es\/wp-json\/wp\/v2\/estado?post=7051"},{"taxonomy":"academia","embeddable":true,"href":"https:\/\/forumjustica.com.br\/es\/wp-json\/wp\/v2\/academia?post=7051"},{"taxonomy":"sociedade_civil","embeddable":true,"href":"https:\/\/forumjustica.com.br\/es\/wp-json\/wp\/v2\/sociedade_civil?post=7051"}],"curies":[{"name":"wp","href":"https:\/\/api.w.org\/{rel}","templated":true}]}}