{"id":7117,"date":"2013-09-24T09:00:04","date_gmt":"2013-09-24T11:00:04","guid":{"rendered":"https:\/\/forumjustica.vlannetwork.com\/?p=7117"},"modified":"2022-09-04T21:16:12","modified_gmt":"2022-09-05T00:16:12","slug":"seminario-transformacoes-territoriais-no-rio-do-seculo-xxi-25-e-26-setembro-na-uerj","status":"publish","type":"post","link":"https:\/\/forumjustica.com.br\/es\/seminario-transformacoes-territoriais-no-rio-do-seculo-xxi-25-e-26-setembro-na-uerj\/","title":{"rendered":"Semin\u00e1rio &#8211; &quot;Transforma\u00e7\u00f5es Territoriais no Rio do S\u00e9culo XXI&quot;, 25 e 26 setembro na UERJ"},"content":{"rendered":"<p><a href=\"https:\/\/forumjustica.com.br\/wp-content\/uploads\/2013\/09\/transforma\u00e7\u00f5es-territoriais.jpg\"><img loading=\"lazy\" decoding=\"async\" src=\"https:\/\/forumjustica.com.br\/wp-content\/uploads\/2013\/09\/transforma\u00e7\u00f5es-territoriais.jpg\" alt=\"\" title=\"transforma\u00e7\u00f5es territoriais\" width=\"664\" height=\"960\" class=\"aligncenter size-full wp-image-7118\" \/><\/a><\/p>","protected":false},"excerpt":{"rendered":"","protected":false},"author":13,"featured_media":0,"comment_status":"open","ping_status":"closed","sticky":false,"template":"","format":"standard","meta":{"inline_featured_image":false,"footnotes":""},"categories":[1],"tags":[],"anos":[],"projetos":[],"autorias":[],"eixos_tematicos":[],"locais":[],"pessoas":[],"estado":[],"academia":[],"sociedade_civil":[],"class_list":["post-7117","post","type-post","status-publish","format-standard","hentry","category-noticias"],"_links":{"self":[{"href":"https:\/\/forumjustica.com.br\/es\/wp-json\/wp\/v2\/posts\/7117","targetHints":{"allow":["GET"]}}],"collection":[{"href":"https:\/\/forumjustica.com.br\/es\/wp-json\/wp\/v2\/posts"}],"about":[{"href":"https:\/\/forumjustica.com.br\/es\/wp-json\/wp\/v2\/types\/post"}],"author":[{"embeddable":true,"href":"https:\/\/forumjustica.com.br\/es\/wp-json\/wp\/v2\/users\/13"}],"replies":[{"embeddable":true,"href":"https:\/\/forumjustica.com.br\/es\/wp-json\/wp\/v2\/comments?post=7117"}],"version-history":[{"count":1,"href":"https:\/\/forumjustica.com.br\/es\/wp-json\/wp\/v2\/posts\/7117\/revisions"}],"predecessor-version":[{"id":17505,"href":"https:\/\/forumjustica.com.br\/es\/wp-json\/wp\/v2\/posts\/7117\/revisions\/17505"}],"wp:attachment":[{"href":"https:\/\/forumjustica.com.br\/es\/wp-json\/wp\/v2\/media?parent=7117"}],"wp:term":[{"taxonomy":"category","embeddable":true,"href":"https:\/\/forumjustica.com.br\/es\/wp-json\/wp\/v2\/categories?post=7117"},{"taxonomy":"post_tag","embeddable":true,"href":"https:\/\/forumjustica.com.br\/es\/wp-json\/wp\/v2\/tags?post=7117"},{"taxonomy":"anos","embeddable":true,"href":"https:\/\/forumjustica.com.br\/es\/wp-json\/wp\/v2\/anos?post=7117"},{"taxonomy":"projetos","embeddable":true,"href":"https:\/\/forumjustica.com.br\/es\/wp-json\/wp\/v2\/projetos?post=7117"},{"taxonomy":"autorias","embeddable":true,"href":"https:\/\/forumjustica.com.br\/es\/wp-json\/wp\/v2\/autorias?post=7117"},{"taxonomy":"eixos_tematicos","embeddable":true,"href":"https:\/\/forumjustica.com.br\/es\/wp-json\/wp\/v2\/eixos_tematicos?post=7117"},{"taxonomy":"locais","embeddable":true,"href":"https:\/\/forumjustica.com.br\/es\/wp-json\/wp\/v2\/locais?post=7117"},{"taxonomy":"pessoas","embeddable":true,"href":"https:\/\/forumjustica.com.br\/es\/wp-json\/wp\/v2\/pessoas?post=7117"},{"taxonomy":"estado","embeddable":true,"href":"https:\/\/forumjustica.com.br\/es\/wp-json\/wp\/v2\/estado?post=7117"},{"taxonomy":"academia","embeddable":true,"href":"https:\/\/forumjustica.com.br\/es\/wp-json\/wp\/v2\/academia?post=7117"},{"taxonomy":"sociedade_civil","embeddable":true,"href":"https:\/\/forumjustica.com.br\/es\/wp-json\/wp\/v2\/sociedade_civil?post=7117"}],"curies":[{"name":"wp","href":"https:\/\/api.w.org\/{rel}","templated":true}]}}