{"id":7128,"date":"2013-09-26T19:47:48","date_gmt":"2013-09-26T21:47:48","guid":{"rendered":"https:\/\/forumjustica.vlannetwork.com\/?p=7128"},"modified":"2022-09-04T21:16:12","modified_gmt":"2022-09-05T00:16:12","slug":"xi-cndp-comissao-cientifica-aprova-teses-e-praticas-para-serem-apresentadas-durante-congresso","status":"publish","type":"post","link":"https:\/\/forumjustica.com.br\/es\/xi-cndp-comissao-cientifica-aprova-teses-e-praticas-para-serem-apresentadas-durante-congresso\/","title":{"rendered":"XI CNDP: Comiss\u00e3o Cient\u00edfica aprova teses e pr\u00e1ticas para serem apresentadas durante Congresso"},"content":{"rendered":"<table id=\"tabCentro\" border=\"0\" cellspacing=\"0\" cellpadding=\"0\" width=\"100%\">\n<tbody>\n<tr>\n<td id=\"colEsquerda\" width=\"100%\">\n<div>\n<table cellspacing=\"0\" cellpadding=\"0\">\n<tbody>\n<tr>\n<td><img decoding=\"async\" src=\"http:\/\/www.anadep.org.br\/wtksite\/cms\/conteudo\/18206\/logo_defensores_publicos_aprovada_final_-_maio_2013.jpg\" alt=\"\" \/><\/td>\n<\/tr>\n<\/tbody>\n<\/table>\n<div>A comiss\u00e3o cient\u00edfica respons\u00e1vel pela organiza\u00e7\u00e3o e elabora\u00e7\u00e3o das atividades do\u00a0<strong>XI Congresso Nacional de Defensores P\u00fablicos<\/strong>divulgou nesta ter\u00e7a-feira (24) que todos os trabalhos inscritos no concurso de teses e pr\u00e1ticas foram aprovados para serem apresentados e julgados durante o evento. Ao todo, foram avaliados 27 trabalhos de defensores p\u00fablicos de estados como: Cear\u00e1, Distrito Federal, Esp\u00edrito Santo, Mato Grosso, Minas Gerais, Par\u00e1, Rio Grande do Sul, Rio de Janeiro, Roraima, Rio Grande do Norte e S\u00e3o Paulo.<\/div>\n<div>Segundo o vice-presidente da Associa\u00e7\u00e3o dos Defensores P\u00fablicos do Esp\u00edrito Santo (ADEPES), Paulo Antonio, os trabalhos inscritos revelam um alto padr\u00e3o de pesquisa, ilustrando tamb\u00e9m a atua\u00e7\u00e3o da Defensoria P\u00fablica em v\u00e1rios segmentos. \u201cTodos demonstram um alta qualidade e destacam temas relevantes para a Institui\u00e7\u00e3o\u201d, pontua.<\/div>\n<div>J\u00e1 para Adriana Burger, que ficar\u00e1 \u00e0 frente da coordena\u00e7\u00e3o da banca examinadora das pr\u00e1ticas, os trabalhos est\u00e3o bastante diversificados. \u00abRecebemos pr\u00e1ticas de diversos estados, e apesar de a realidade parecer diferente e\/ou distante, os problemas s\u00e3o os mesmos. E as pr\u00e1ticas apresentadas pelos defensores s\u00e3o solu\u00e7\u00f5es eficazes e simples que podem ser replicadas. Fico feliz com o resultado que obtivemos. As pr\u00e1ticas s\u00e3o resultado de um trabalho que deve ser multiplicado por todas as Defensorias\u00bb, destacou a defensora.<\/div>\n<div>Ponto alto das edi\u00e7\u00f5es dos congressos, os concursos s\u00e3o ferramentas de promo\u00e7\u00e3o do interc\u00e2mbio de ideias e troca de informa\u00e7\u00f5es acerca da atua\u00e7\u00e3o dos Defensores P\u00fablicos em todo o pa\u00eds. O concurso de Teses visa fomentar a produ\u00e7\u00e3o te\u00f3rica sobre Defensoria P\u00fablica. J\u00e1 o concurso de Pr\u00e1ticas Exitosas tem por objetivo compartilhar internamente as experi\u00eancias dos defensores.<\/div>\n<div>Veja a lista completa dos trabalhos\u00a0<a href=\"http:\/\/www.anadep.org.br\/wtksite\/grm\/envio\/1662\/Lista_completa_-_.pdf\" target=\"_blank\" rel=\"noopener\"><strong>aqui. <\/strong><\/a><\/div>\n<div><strong>Banca Examinadora \u2013<\/strong> A apresenta\u00e7\u00e3o das teses acontecer\u00e1 no Audit\u00f3rio Penedo 1 do Centro de Conven\u00e7\u00f5es de Vit\u00f3ria\/ES, pontualmente \u00e0s 09h do dia 14 de novembro de 2013 (quinta-feira) enquanto as pr\u00e1ticas ser\u00e3o apresentadas no mesmo local e hor\u00e1rio do dia 15 de novembro de 2013 (sexta-feira). Cada defendente ter\u00e1 dez minutos para apresenta\u00e7\u00e3o oral e a Comiss\u00e3o Julgadora deliberar\u00e1 sobre as notas e anunciar\u00e1 os tr\u00eas primeiros colocados. O primeiro colocado receber\u00e1 men\u00e7\u00e3o honrosa.<\/div>\n<div>Para fundamentar ainda mais os debates, a ANADEP e a ADEPES escolheram uma gabaritada comiss\u00e3o julgadora para formar a banca examinadora, respons\u00e1vel pelo julgamento dos trabalhos sobre atua\u00e7\u00e3o e experi\u00eancia dos defensores p\u00fablicos.<\/div>\n<div>Confira a banca examinadora\u00a0<a href=\"http:\/\/www.anadep.org.br\/wtksite\/grm\/envio\/1662\/Tabela_banca_examinadora.pdf\" target=\"_blank\" rel=\"noopener\"><strong>aqui.<\/strong><\/a><\/div>\n<\/div>\n<\/td>\n<\/tr>\n<\/tbody>\n<\/table>\n<p><a href=\"http:\/\/www.anadep.org.br\/wtk\/pagina\/materia?id=18206\">http:\/\/www.anadep.org.br\/wtk\/pagina\/materia?id=18206<\/a><\/p>\n","protected":false},"excerpt":{"rendered":"<p>A comiss\u00e3o cient\u00edfica respons\u00e1vel pela organiza\u00e7\u00e3o e elabora\u00e7\u00e3o das atividades do\u00a0XI Congresso Nacional de Defensores P\u00fablicosdivulgou nesta ter\u00e7a-feira (24) que todos os trabalhos inscritos no concurso de teses e pr\u00e1ticas foram aprovados para serem apresentados e julgados durante o evento. Ao todo, foram avaliados 27 trabalhos de defensores p\u00fablicos de estados como: Cear\u00e1, Distrito Federal, [&hellip;]<\/p>\n","protected":false},"author":13,"featured_media":0,"comment_status":"open","ping_status":"closed","sticky":false,"template":"","format":"standard","meta":{"inline_featured_image":false,"footnotes":""},"categories":[1],"tags":[],"anos":[],"projetos":[],"autorias":[],"eixos_tematicos":[],"locais":[],"pessoas":[],"estado":[],"academia":[],"sociedade_civil":[],"class_list":["post-7128","post","type-post","status-publish","format-standard","hentry","category-noticias"],"_links":{"self":[{"href":"https:\/\/forumjustica.com.br\/es\/wp-json\/wp\/v2\/posts\/7128","targetHints":{"allow":["GET"]}}],"collection":[{"href":"https:\/\/forumjustica.com.br\/es\/wp-json\/wp\/v2\/posts"}],"about":[{"href":"https:\/\/forumjustica.com.br\/es\/wp-json\/wp\/v2\/types\/post"}],"author":[{"embeddable":true,"href":"https:\/\/forumjustica.com.br\/es\/wp-json\/wp\/v2\/users\/13"}],"replies":[{"embeddable":true,"href":"https:\/\/forumjustica.com.br\/es\/wp-json\/wp\/v2\/comments?post=7128"}],"version-history":[{"count":1,"href":"https:\/\/forumjustica.com.br\/es\/wp-json\/wp\/v2\/posts\/7128\/revisions"}],"predecessor-version":[{"id":17501,"href":"https:\/\/forumjustica.com.br\/es\/wp-json\/wp\/v2\/posts\/7128\/revisions\/17501"}],"wp:attachment":[{"href":"https:\/\/forumjustica.com.br\/es\/wp-json\/wp\/v2\/media?parent=7128"}],"wp:term":[{"taxonomy":"category","embeddable":true,"href":"https:\/\/forumjustica.com.br\/es\/wp-json\/wp\/v2\/categories?post=7128"},{"taxonomy":"post_tag","embeddable":true,"href":"https:\/\/forumjustica.com.br\/es\/wp-json\/wp\/v2\/tags?post=7128"},{"taxonomy":"anos","embeddable":true,"href":"https:\/\/forumjustica.com.br\/es\/wp-json\/wp\/v2\/anos?post=7128"},{"taxonomy":"projetos","embeddable":true,"href":"https:\/\/forumjustica.com.br\/es\/wp-json\/wp\/v2\/projetos?post=7128"},{"taxonomy":"autorias","embeddable":true,"href":"https:\/\/forumjustica.com.br\/es\/wp-json\/wp\/v2\/autorias?post=7128"},{"taxonomy":"eixos_tematicos","embeddable":true,"href":"https:\/\/forumjustica.com.br\/es\/wp-json\/wp\/v2\/eixos_tematicos?post=7128"},{"taxonomy":"locais","embeddable":true,"href":"https:\/\/forumjustica.com.br\/es\/wp-json\/wp\/v2\/locais?post=7128"},{"taxonomy":"pessoas","embeddable":true,"href":"https:\/\/forumjustica.com.br\/es\/wp-json\/wp\/v2\/pessoas?post=7128"},{"taxonomy":"estado","embeddable":true,"href":"https:\/\/forumjustica.com.br\/es\/wp-json\/wp\/v2\/estado?post=7128"},{"taxonomy":"academia","embeddable":true,"href":"https:\/\/forumjustica.com.br\/es\/wp-json\/wp\/v2\/academia?post=7128"},{"taxonomy":"sociedade_civil","embeddable":true,"href":"https:\/\/forumjustica.com.br\/es\/wp-json\/wp\/v2\/sociedade_civil?post=7128"}],"curies":[{"name":"wp","href":"https:\/\/api.w.org\/{rel}","templated":true}]}}