{"id":7132,"date":"2013-09-28T16:00:27","date_gmt":"2013-09-28T18:00:27","guid":{"rendered":"https:\/\/forumjustica.vlannetwork.com\/?p=7132"},"modified":"2022-09-04T21:16:12","modified_gmt":"2022-09-05T00:16:12","slug":"defensora-publica-lanca-livro-sobre-os-fundamentos-da-instituicao","status":"publish","type":"post","link":"https:\/\/forumjustica.com.br\/es\/defensora-publica-lanca-livro-sobre-os-fundamentos-da-instituicao\/","title":{"rendered":"Defensora P\u00fablica lan\u00e7a livro sobre os fundamentos da institui\u00e7\u00e3o"},"content":{"rendered":"<div>\n<table cellspacing=\"0\" cellpadding=\"0\">\n<tbody>\n<tr>\n<td><img decoding=\"async\" src=\"http:\/\/www.anadep.org.br\/wtksite\/cms\/conteudo\/18223\/mostrarimagem.jpg\" alt=\"\" \/><\/td>\n<\/tr>\n<\/tbody>\n<\/table>\n<p>Titular do N\u00facleo de Direitos Humanos e A\u00e7\u00f5es Coletivas no Cear\u00e1, a defensora Am\u00e9lia Soares da Rocha acaba de lan\u00e7ar o livro\u00a0<strong>Defensoria P\u00fablica: Fundamentos, Organiza\u00e7\u00e3o e Funcionamento. <\/strong>O texto aborda a Constitui\u00e7\u00e3o de 1988 e o avan\u00e7o na cria\u00e7\u00e3o de um discurso jur\u00eddico voltado para uma pragm\u00e1tica emancipat\u00f3ria e para os Direitos Humanos Fundamentais.<\/p>\n<p>&nbsp;<\/p>\n<p>O livro traz um olhar diferenciado para o tema mostrando o princ\u00edpio da Defensoria P\u00fablica e as suas linhas de atua\u00e7\u00e3o, bem como seu funcionamento institucional, estrutura org\u00e2nica, na esfera federal e estadual. Todas as informa\u00e7\u00f5es est\u00e3o sistematizadas em linguagem acess\u00edvel e em uma abordagem pioneira.<\/p>\n<p>&nbsp;<\/p>\n<p>Am\u00e9lia Soares \u00e9 Defensora P\u00fablica titular do N\u00facleo de Direitos Humanos e A\u00e7\u00f5es Coletivas e Professora-pesquisadora da Universidade de Fortaleza (UNIFOR) e tamb\u00e9m \u00e9 Membro eleita do Conselho Superior da Defensoria P\u00fablica do Cear\u00e1 para o bi\u00eanio 2012\/2014 e Membro do Conselho Consultivo da Escola Nacional de Media\u00e7\u00e3o e Concilia\u00e7\u00e3o &#8211; ENAM do MJ\/CNJ. Foi diretora acad\u00eamico-institucional da Associac\u00e3o Nacional dos Defensores P\u00fablicos (ANADEP), Diretora do Centro de Estudos Jur\u00eddicos da Defensoria P\u00fablica Estadual do Cear\u00e1 e assessora especial da Secretaria de Justi\u00e7a e Cidadania no Estado do Cear\u00e1.<\/p>\n<p>&nbsp;<\/p>\n<div>Para comprar o livro clique\u00a0<a href=\"http:\/\/www.editoraatlas.com.br\/atlas\/webapp\/detalhes_produto.aspx?prd_des_ean13=9788522479887\" target=\"_blank\" rel=\"noopener\"><strong>aqui. <\/strong><\/a><\/div>\n<\/div>\n<p><a href=\"http:\/\/www.anadep.org.br\/wtk\/pagina\/materia?id=18223\" target=\"_blank\" rel=\"noopener\">http:\/\/www.anadep.org.br\/wtk\/pagina\/materia?id=18223<\/a><\/p>\n","protected":false},"excerpt":{"rendered":"<p>Titular do N\u00facleo de Direitos Humanos e A\u00e7\u00f5es Coletivas no Cear\u00e1, a defensora Am\u00e9lia Soares da Rocha acaba de lan\u00e7ar o livro\u00a0Defensoria P\u00fablica: Fundamentos, Organiza\u00e7\u00e3o e Funcionamento. O texto aborda a Constitui\u00e7\u00e3o de 1988 e o avan\u00e7o na cria\u00e7\u00e3o de um discurso jur\u00eddico voltado para uma pragm\u00e1tica emancipat\u00f3ria e para os Direitos Humanos Fundamentais. &nbsp; [&hellip;]<\/p>\n","protected":false},"author":13,"featured_media":0,"comment_status":"open","ping_status":"closed","sticky":false,"template":"","format":"standard","meta":{"inline_featured_image":false,"footnotes":""},"categories":[1],"tags":[],"anos":[],"projetos":[],"autorias":[],"eixos_tematicos":[],"locais":[],"pessoas":[],"estado":[],"academia":[],"sociedade_civil":[],"class_list":["post-7132","post","type-post","status-publish","format-standard","hentry","category-noticias"],"_links":{"self":[{"href":"https:\/\/forumjustica.com.br\/es\/wp-json\/wp\/v2\/posts\/7132","targetHints":{"allow":["GET"]}}],"collection":[{"href":"https:\/\/forumjustica.com.br\/es\/wp-json\/wp\/v2\/posts"}],"about":[{"href":"https:\/\/forumjustica.com.br\/es\/wp-json\/wp\/v2\/types\/post"}],"author":[{"embeddable":true,"href":"https:\/\/forumjustica.com.br\/es\/wp-json\/wp\/v2\/users\/13"}],"replies":[{"embeddable":true,"href":"https:\/\/forumjustica.com.br\/es\/wp-json\/wp\/v2\/comments?post=7132"}],"version-history":[{"count":1,"href":"https:\/\/forumjustica.com.br\/es\/wp-json\/wp\/v2\/posts\/7132\/revisions"}],"predecessor-version":[{"id":17499,"href":"https:\/\/forumjustica.com.br\/es\/wp-json\/wp\/v2\/posts\/7132\/revisions\/17499"}],"wp:attachment":[{"href":"https:\/\/forumjustica.com.br\/es\/wp-json\/wp\/v2\/media?parent=7132"}],"wp:term":[{"taxonomy":"category","embeddable":true,"href":"https:\/\/forumjustica.com.br\/es\/wp-json\/wp\/v2\/categories?post=7132"},{"taxonomy":"post_tag","embeddable":true,"href":"https:\/\/forumjustica.com.br\/es\/wp-json\/wp\/v2\/tags?post=7132"},{"taxonomy":"anos","embeddable":true,"href":"https:\/\/forumjustica.com.br\/es\/wp-json\/wp\/v2\/anos?post=7132"},{"taxonomy":"projetos","embeddable":true,"href":"https:\/\/forumjustica.com.br\/es\/wp-json\/wp\/v2\/projetos?post=7132"},{"taxonomy":"autorias","embeddable":true,"href":"https:\/\/forumjustica.com.br\/es\/wp-json\/wp\/v2\/autorias?post=7132"},{"taxonomy":"eixos_tematicos","embeddable":true,"href":"https:\/\/forumjustica.com.br\/es\/wp-json\/wp\/v2\/eixos_tematicos?post=7132"},{"taxonomy":"locais","embeddable":true,"href":"https:\/\/forumjustica.com.br\/es\/wp-json\/wp\/v2\/locais?post=7132"},{"taxonomy":"pessoas","embeddable":true,"href":"https:\/\/forumjustica.com.br\/es\/wp-json\/wp\/v2\/pessoas?post=7132"},{"taxonomy":"estado","embeddable":true,"href":"https:\/\/forumjustica.com.br\/es\/wp-json\/wp\/v2\/estado?post=7132"},{"taxonomy":"academia","embeddable":true,"href":"https:\/\/forumjustica.com.br\/es\/wp-json\/wp\/v2\/academia?post=7132"},{"taxonomy":"sociedade_civil","embeddable":true,"href":"https:\/\/forumjustica.com.br\/es\/wp-json\/wp\/v2\/sociedade_civil?post=7132"}],"curies":[{"name":"wp","href":"https:\/\/api.w.org\/{rel}","templated":true}]}}