{"id":7165,"date":"2013-10-04T09:00:12","date_gmt":"2013-10-04T11:00:12","guid":{"rendered":"https:\/\/forumjustica.vlannetwork.com\/?p=7165"},"modified":"2022-09-04T21:15:54","modified_gmt":"2022-09-05T00:15:54","slug":"vi-festival-de-direitos-2013-por-que-estudar-direito-hoje","status":"publish","type":"post","link":"https:\/\/forumjustica.com.br\/es\/vi-festival-de-direitos-2013-por-que-estudar-direito-hoje\/","title":{"rendered":"VI Festival de Direitos &#8211; 2013 &#8211; Por que Estudar Direito Hoje?"},"content":{"rendered":"<p>VEM A\u00cd O VI FESTIVAL DE DIREITOS 2013<\/p>\n<p>Entre os dias 29 de Outubro e 01 de Novembro de 2013, a Universidade Federal do Oeste do Par\u00e1, no audit\u00f3rio Wilson Fonseca, sediar\u00e1 o VI Festival de Direitos, com o tema: \u201cPOR QUE ESTUDAR DIREITO HOJE? Por um Direito achado na beira do rio\u201d. Evento organizado pelo N\u00facleo de Assessoria Jur\u00eddica Universit\u00e1ria Popular &#8211; NAJUP Cabano.<\/p>\n<p>Durante os quatro dias, a comiss\u00e3o organizadora espera reunir a comunidade participante em volta de uma ampla programa\u00e7\u00e3o de debates, grupos tem\u00e1ticos, apresenta\u00e7\u00e3o de trabalhos, al\u00e9m de atividades culturais.<\/p>\n<p>Os palestrantes\/debatedores ser\u00e3o do quadro docente da UFOPA, bem como de pesquisadores e profissionais externos atuantes na \u00e1rea.<\/p>\n<p>Surgido a partir da necessidade de um f\u00f3rum para debater os principais assuntos jur\u00eddicos e sociais da regi\u00e3o, de maneira cr\u00edtica e te\u00f3rica, sobretudo em se tratando da regi\u00e3o Amaz\u00f4nia, o Festival de Direitos deste ano traz o tema \u201cPOR QUE ESTUDAR DIREITO HOJE? Por um Direito achado na beira do rio\u201d. Esta tem\u00e1tica tem o objetivo de desmascarar uma das mentiras mais comuns com que se depara o estudante de direito, a de que ele deve primeiro conhecer bem as leis e os costumes da classe, grupos e povos dominantes e s\u00f3 depois, se quiser, trat\u00e1-los em mais largas perspectivas, sociol\u00f3gicas, filos\u00f3ficas e cr\u00edticas.<\/p>\n<p>Sabemos que o sistema jur\u00eddico n\u00e3o \u00e9 um sistema pleno e herm\u00e9tico que s\u00f3 nos cabe determinar-lhe o sentido exato, o discurso da norma, tanto quanto o discurso do int\u00e9rprete e do aplicador est\u00e3o inseridos em um contexto que os condiciona e, por isso, o procedimento interpretativo \u00e9 material criativo e n\u00e3o simplesmente verificativo.<\/p>\n<p>E neste vi\u00e9s, h\u00e1, sempre, direitos al\u00e9m e acima da lei, at\u00e9 contra elas, como o direito de resist\u00eancia. Faz-se assim necess\u00e1rio encontrar o padr\u00e3o objetivo (mas n\u00e3o imut\u00e1vel) do Direito interno, no momento hist\u00f3rico determinado.<\/p>\n<p>O grande equ\u00edvoco, evidentemente, \u00e9 confundir o Direito com aquilo que a pseudoci\u00eancia dogm\u00e1tica isola, para enfocar apenas um aspecto mutilado do Direito, que urge recompor.<\/p>\n<p>Ainda \u00e9 preciso alertar que a ci\u00eancia, pois, nunca deixa de portar certas contradi\u00e7\u00f5es ideol\u00f3gicas, tal como a ideologia n\u00e3o deixa de transmitir certas verdades deformadas. Mas n\u00e3o se trata de descartar o Direito em si, afinal, como dizem os ingleses, \u00e9 preciso ter cuidado para n\u00e3o jogar fora o beb\u00ea junto com a \u00e1gua do banho.<\/p>\n<p>Por fim, queremos mostrar que o Direito \u00e9 desenganadamente pol\u00edtica, e a quest\u00e3o n\u00e3o \u00e9 ser pol\u00edtico ou n\u00e3o s\u00ea-lo, pois n\u00e3o s\u00ea-lo \u00e9 um disfarce que adota a op\u00e7\u00e3o pol\u00edtica de natureza conservadora.<\/p>\n<p>N\u00f3s, da Comiss\u00e3o Organizadora, convidamos a todos para participar de mais um Festival, Sejam Bem Vindos novamente.<\/p>\n","protected":false},"excerpt":{"rendered":"<p>VEM A\u00cd O VI FESTIVAL DE DIREITOS 2013 Entre os dias 29 de Outubro e 01 de Novembro de 2013, a Universidade Federal do Oeste do Par\u00e1, no audit\u00f3rio Wilson Fonseca, sediar\u00e1 o VI Festival de Direitos, com o tema: \u201cPOR QUE ESTUDAR DIREITO HOJE? Por um Direito achado na beira do rio\u201d. Evento organizado [&hellip;]<\/p>\n","protected":false},"author":13,"featured_media":0,"comment_status":"open","ping_status":"closed","sticky":false,"template":"","format":"standard","meta":{"inline_featured_image":false,"footnotes":""},"categories":[1],"tags":[],"anos":[],"projetos":[],"autorias":[],"eixos_tematicos":[],"locais":[],"pessoas":[],"estado":[],"academia":[],"sociedade_civil":[],"class_list":["post-7165","post","type-post","status-publish","format-standard","hentry","category-noticias"],"_links":{"self":[{"href":"https:\/\/forumjustica.com.br\/es\/wp-json\/wp\/v2\/posts\/7165","targetHints":{"allow":["GET"]}}],"collection":[{"href":"https:\/\/forumjustica.com.br\/es\/wp-json\/wp\/v2\/posts"}],"about":[{"href":"https:\/\/forumjustica.com.br\/es\/wp-json\/wp\/v2\/types\/post"}],"author":[{"embeddable":true,"href":"https:\/\/forumjustica.com.br\/es\/wp-json\/wp\/v2\/users\/13"}],"replies":[{"embeddable":true,"href":"https:\/\/forumjustica.com.br\/es\/wp-json\/wp\/v2\/comments?post=7165"}],"version-history":[{"count":1,"href":"https:\/\/forumjustica.com.br\/es\/wp-json\/wp\/v2\/posts\/7165\/revisions"}],"predecessor-version":[{"id":17488,"href":"https:\/\/forumjustica.com.br\/es\/wp-json\/wp\/v2\/posts\/7165\/revisions\/17488"}],"wp:attachment":[{"href":"https:\/\/forumjustica.com.br\/es\/wp-json\/wp\/v2\/media?parent=7165"}],"wp:term":[{"taxonomy":"category","embeddable":true,"href":"https:\/\/forumjustica.com.br\/es\/wp-json\/wp\/v2\/categories?post=7165"},{"taxonomy":"post_tag","embeddable":true,"href":"https:\/\/forumjustica.com.br\/es\/wp-json\/wp\/v2\/tags?post=7165"},{"taxonomy":"anos","embeddable":true,"href":"https:\/\/forumjustica.com.br\/es\/wp-json\/wp\/v2\/anos?post=7165"},{"taxonomy":"projetos","embeddable":true,"href":"https:\/\/forumjustica.com.br\/es\/wp-json\/wp\/v2\/projetos?post=7165"},{"taxonomy":"autorias","embeddable":true,"href":"https:\/\/forumjustica.com.br\/es\/wp-json\/wp\/v2\/autorias?post=7165"},{"taxonomy":"eixos_tematicos","embeddable":true,"href":"https:\/\/forumjustica.com.br\/es\/wp-json\/wp\/v2\/eixos_tematicos?post=7165"},{"taxonomy":"locais","embeddable":true,"href":"https:\/\/forumjustica.com.br\/es\/wp-json\/wp\/v2\/locais?post=7165"},{"taxonomy":"pessoas","embeddable":true,"href":"https:\/\/forumjustica.com.br\/es\/wp-json\/wp\/v2\/pessoas?post=7165"},{"taxonomy":"estado","embeddable":true,"href":"https:\/\/forumjustica.com.br\/es\/wp-json\/wp\/v2\/estado?post=7165"},{"taxonomy":"academia","embeddable":true,"href":"https:\/\/forumjustica.com.br\/es\/wp-json\/wp\/v2\/academia?post=7165"},{"taxonomy":"sociedade_civil","embeddable":true,"href":"https:\/\/forumjustica.com.br\/es\/wp-json\/wp\/v2\/sociedade_civil?post=7165"}],"curies":[{"name":"wp","href":"https:\/\/api.w.org\/{rel}","templated":true}]}}