{"id":7175,"date":"2013-10-02T10:56:51","date_gmt":"2013-10-02T12:56:51","guid":{"rendered":"https:\/\/forumjustica.vlannetwork.com\/?p=7175"},"modified":"2022-09-04T21:15:54","modified_gmt":"2022-09-05T00:15:54","slug":"vandalismo-de-estado-contra-a-educacao-na-cidade","status":"publish","type":"post","link":"https:\/\/forumjustica.com.br\/es\/vandalismo-de-estado-contra-a-educacao-na-cidade\/","title":{"rendered":"Vandalismo de estado contra a educa\u00e7\u00e3o na cidade"},"content":{"rendered":"<p>01\/10\/2013<br \/>\nPor Redes e ruas<br \/>\n<div id=\"attachment_7176\" style=\"width: 310px\" class=\"wp-caption alignleft\"><a href=\"https:\/\/forumjustica.com.br\/wp-content\/uploads\/2013\/10\/ocupac\u00e2mara-300x224.jpg\"><img loading=\"lazy\" decoding=\"async\" aria-describedby=\"caption-attachment-7176\" src=\"https:\/\/forumjustica.com.br\/wp-content\/uploads\/2013\/10\/ocupac\u00e2mara-300x224.jpg\" alt=\"\" title=\"ocupac\u00e2mara-300x224\" width=\"300\" height=\"224\" class=\"size-full wp-image-7176\" \/><\/a><p id=\"caption-attachment-7176\" class=\"wp-caption-text\">Foto: Rio na Rua<\/p><\/div><\/p>\n<p>\u00ab Para tr\u00e1s! Nem um passo a mais! Sabem voc\u00eas para onde levam esses passos, para onde atrai este caminho brilhante?\u00bb Nietzsche em Escritos sobre educa\u00e7\u00e3o<\/p>\n<p>Ontem, dia 28, os professores foram removidos da C\u00e2mara dos Vereadores como determina o figurino: brutalmente, sob amea\u00e7as, g\u00e1s e pauladas. Removidos como lixo. Colocaram grades para isol\u00e1-los. Chamados de v\u00e2ndalos. Os professores e outros profissionais da educa\u00e7\u00e3o foram chamados de v\u00e2ndalos e removidos.<\/p>\n<p>\u00c9 uma completa invers\u00e3o de valores. Vivemos numa cidade em que as mil\u00edcias amea\u00e7am e matam para assegurar o controle de territ\u00f3rios e contratos, a pol\u00edcia espanca os insatisfeitos em nome do \u201ccidad\u00e3o de bem\u201d, e o poder punitivo chega a acus\u00e1-los de quadrilhas armadas, e tudo isso \u00e9 entendido como necess\u00e1rio e oportuno pelos governantes. A m\u00eddia corporativa e seus \u201cjornalistas de bem\u201d, t\u00e3o policialescos quanto os milicianos \u00e0 sombra do poder, n\u00e3o cessam um segundo sequer de fazer o jogo da ordem constitu\u00edda. Todos seus notici\u00e1rios mostram quem exerce o direito de resistir como baderneiros. A cobertura continua focada no \u201cvandalismo\u201d, como se fosse o principal problema da cidade, em vez da situa\u00e7\u00e3o dos transportes coletivos, a sa\u00fade p\u00fablica, o sistema de educa\u00e7\u00e3o, a farsa dos contratos, licita\u00e7\u00f5es e arranjos mafiosos de governo.<\/p>\n<p>Que democracia \u00e9 essa? No playground de rico em que pretendem transformar o Rio, os manifestantes n\u00e3o t\u00eam mais o direito de ocupar lugares p\u00fablicos. Nem mesmo casa legislativa. Sinal de que o ciclo de lutas acuou os poderes constitu\u00eddos. N\u00e3o reprimem apenas aqueles que, ousadamente mascarados e vestidos de preto, se organizam para a autodefesa da multid\u00e3o; como tamb\u00e9m reprimem a simples presen\u00e7a na rua, a ousadia de n\u00e3o ficar em casa assistindo \u00e0 cobertura verdadeiramente v\u00e2ndala da m\u00eddia, removendo ocupa\u00e7\u00f5es e acampamentos pac\u00edficos, com pautas afirmativas de direitos, lutas leg\u00edtimas e reconhecidas pela popula\u00e7\u00e3o. Os professores s\u00e3o mais um grupo que, fora do lugar em que \u201cdeveriam estar\u201d (ensinando calados), n\u00e3o podem ser tolerados. Mas eles n\u00e3o aceitam a imposi\u00e7\u00e3o, e resistem.<\/p>\n<p>O preenchimento das ruas \u00e9 tamb\u00e9m o preenchimento de uma democracia at\u00e9 pouco tempo reduzida aos rituais mutilados da representa\u00e7\u00e3o: conchavos, negociatas, \u201chorizontalidade\u201d entre p\u00fablico e privado, caixas pretas, mil\u00edcias e m\u00e1fias, e a grande imprensa a convencer-nos que tudo vai bem, que estamos \u201cprogredindo\u201d. A quem eles pensam enganar? Meses de ininterrupta criminaliza\u00e7\u00e3o da democracia das ruas, acionando as engrenagens de um poder punitivo brutal, e ainda assim o apoio \u00e0s manifesta\u00e7\u00f5es, mesmo em suas vertentes mais incisivas, continua disseminado. N\u00e3o h\u00e1 pra\u00e7a, bar ou ocasi\u00e3o informal em que muitas pessoas n\u00e3o comentem de sua alegria em ver as mobiliza\u00e7\u00f5es e agita\u00e7\u00f5es, \u2014 embora sejam sabiamente mais discretas diante de c\u00e2meras e pesquisas pouco confi\u00e1veis.<\/p>\n<p>A democracia n\u00e3o interessa a quem lucra f\u00e1bulas em cima do progresso higienista da cidade: contra pobre, preto, \u00edndio, mulher, LGBT, camel\u00f4, sem teto, dependente qu\u00edmico, black bloc, midialivrista, fantasia de super-her\u00f3i. As tr\u00eas esferas de governo n\u00e3o admitem a for\u00e7a das manifesta\u00e7\u00f5es recentes no pa\u00eds. Quando se trata de interpretar e se relacionar com a for\u00e7a das ruas, se forma uma \u201ctr\u00edplice entente\u201d, um coeso bloco de poder envolvendo autoridades, governos, mafiosos, empres\u00e1rios e jornalistas. Multiplicam-se os caf\u00e9s da manh\u00e3 e os \u201cgabinetes de crise\u201d, para orquestrar a persegui\u00e7\u00e3o pol\u00edtica. Reconhecem as manifesta\u00e7\u00f5es apenas para melhor monitorar, individualizar, criminalizar, desacredit\u00e1-las.<\/p>\n<p>Nesse terremoto pol\u00edtico come\u00e7ado em junho, se assenta tamb\u00e9m esta greve dos professores, al\u00e9m de qualquer pauta corporativa. Uma greve selvagem: n\u00e3o por desorganizada, mas por decidida em transformar a cidade em que se vive, ao inv\u00e9s de apenas pleitear benef\u00edcios da categoria. Fazem uma luta pela educa\u00e7\u00e3o que \u00e9 imediatamente reivindica\u00e7\u00e3o \u00e0 cidade. Reivindica-se a capacidade de autoconstitui\u00e7\u00e3o do conhecimento da cidade, da positividade da vida urbana, propiciando condi\u00e7\u00f5es para continuar lutando e materializando a democracia. Mas os \u201cdonos do Rio\u201d n\u00e3o pretendem regenerar-se a partir do desejo da plebe. Preferem acreditar que, gra\u00e7as ao esfor\u00e7o orquestrado de criminaliza\u00e7\u00e3o e desacredita\u00e7\u00e3o, tudo v\u00e1 passar como uma ressaca terr\u00edvel, a ser esquecida o mais r\u00e1pido poss\u00edvel. De prefer\u00eancia, antes da Copa e das elei\u00e7\u00f5es de 2014: eis o horizonte m\u00edope do poder.<\/p>\n<p>Se tanto vandalismo de estado nos deixa mudos, at\u00f4nitos, pessimistas!, \u00e9 porque imagin\u00e1vamos ingenuamente que haveria limites para a ditadura constitu\u00edda. A soberba e a tranquilidade com que mobilizam as guardas, fardas e mil\u00edcias demonstram mais uma vez o grau de degrada\u00e7\u00e3o \u00e9tica e pol\u00edtica dos representantes. N\u00e3o h\u00e1 limites autoimpostos pelo poder: apenas aqueles que as lutas conseguem arrancar, diretamente na rela\u00e7\u00e3o de for\u00e7a. Ent\u00e3o, sem ingenuidades, \u00e9 preciso reafirmar o prop\u00f3sito de continuar lutando. N\u00e3o h\u00e1 outro caminho para a conquista de direitos. N\u00e3o existe outra maneira eficaz para contrapor-se a neg\u00f3cios consolidados esquemas de controle dos transportes, sa\u00fade e educa\u00e7\u00e3o. Para refrear o assanhamento fascista, somente n\u00f3s. E se h\u00e1 pessimismo, que seja organizado como recusa e beliger\u00e2ncia.<\/p>\n<p>A educa\u00e7\u00e3o perpassa as ruas e a cidade em sua pluralidade v\u00edvida de sujeitos e processos. Lugar de professor n\u00e3o \u00e9 s\u00f3 na sala de aula. Lugar de estudante n\u00e3o \u00e9 na sala de aula. A educa\u00e7\u00e3o ganhou a rua. Isso eles v\u00e3o ter que aprender de uma forma ou de outra. N\u00e3o vamos ficar quietos no nosso lugar. Nem aceitaremos castigos pela emp\u00e1fia de questionar a asfixia desta cidade maravilhosamente insubmissa.<\/p>\n<p><a href=\"http:\/\/uninomade.net\/tenda\/vandalismo-de-estado-contra-a-educacao-na-cidade\/\">http:\/\/uninomade.net\/tenda\/vandalismo-de-estado-contra-a-educacao-na-cidade\/<\/a><\/p>\n<p><\/p>","protected":false},"excerpt":{"rendered":"<p>01\/10\/2013 Por Redes e ruas \u00ab Para tr\u00e1s! Nem um passo a mais! Sabem voc\u00eas para onde levam esses passos, para onde atrai este caminho brilhante?\u00bb Nietzsche em Escritos sobre educa\u00e7\u00e3o Ontem, dia 28, os professores foram removidos da C\u00e2mara dos Vereadores como determina o figurino: brutalmente, sob amea\u00e7as, g\u00e1s e pauladas. Removidos como lixo. [&hellip;]<\/p>\n","protected":false},"author":13,"featured_media":0,"comment_status":"open","ping_status":"closed","sticky":false,"template":"","format":"standard","meta":{"inline_featured_image":false,"footnotes":""},"categories":[1],"tags":[],"anos":[],"projetos":[],"autorias":[],"eixos_tematicos":[],"locais":[],"pessoas":[],"estado":[],"academia":[],"sociedade_civil":[],"class_list":["post-7175","post","type-post","status-publish","format-standard","hentry","category-noticias"],"_links":{"self":[{"href":"https:\/\/forumjustica.com.br\/es\/wp-json\/wp\/v2\/posts\/7175","targetHints":{"allow":["GET"]}}],"collection":[{"href":"https:\/\/forumjustica.com.br\/es\/wp-json\/wp\/v2\/posts"}],"about":[{"href":"https:\/\/forumjustica.com.br\/es\/wp-json\/wp\/v2\/types\/post"}],"author":[{"embeddable":true,"href":"https:\/\/forumjustica.com.br\/es\/wp-json\/wp\/v2\/users\/13"}],"replies":[{"embeddable":true,"href":"https:\/\/forumjustica.com.br\/es\/wp-json\/wp\/v2\/comments?post=7175"}],"version-history":[{"count":1,"href":"https:\/\/forumjustica.com.br\/es\/wp-json\/wp\/v2\/posts\/7175\/revisions"}],"predecessor-version":[{"id":17493,"href":"https:\/\/forumjustica.com.br\/es\/wp-json\/wp\/v2\/posts\/7175\/revisions\/17493"}],"wp:attachment":[{"href":"https:\/\/forumjustica.com.br\/es\/wp-json\/wp\/v2\/media?parent=7175"}],"wp:term":[{"taxonomy":"category","embeddable":true,"href":"https:\/\/forumjustica.com.br\/es\/wp-json\/wp\/v2\/categories?post=7175"},{"taxonomy":"post_tag","embeddable":true,"href":"https:\/\/forumjustica.com.br\/es\/wp-json\/wp\/v2\/tags?post=7175"},{"taxonomy":"anos","embeddable":true,"href":"https:\/\/forumjustica.com.br\/es\/wp-json\/wp\/v2\/anos?post=7175"},{"taxonomy":"projetos","embeddable":true,"href":"https:\/\/forumjustica.com.br\/es\/wp-json\/wp\/v2\/projetos?post=7175"},{"taxonomy":"autorias","embeddable":true,"href":"https:\/\/forumjustica.com.br\/es\/wp-json\/wp\/v2\/autorias?post=7175"},{"taxonomy":"eixos_tematicos","embeddable":true,"href":"https:\/\/forumjustica.com.br\/es\/wp-json\/wp\/v2\/eixos_tematicos?post=7175"},{"taxonomy":"locais","embeddable":true,"href":"https:\/\/forumjustica.com.br\/es\/wp-json\/wp\/v2\/locais?post=7175"},{"taxonomy":"pessoas","embeddable":true,"href":"https:\/\/forumjustica.com.br\/es\/wp-json\/wp\/v2\/pessoas?post=7175"},{"taxonomy":"estado","embeddable":true,"href":"https:\/\/forumjustica.com.br\/es\/wp-json\/wp\/v2\/estado?post=7175"},{"taxonomy":"academia","embeddable":true,"href":"https:\/\/forumjustica.com.br\/es\/wp-json\/wp\/v2\/academia?post=7175"},{"taxonomy":"sociedade_civil","embeddable":true,"href":"https:\/\/forumjustica.com.br\/es\/wp-json\/wp\/v2\/sociedade_civil?post=7175"}],"curies":[{"name":"wp","href":"https:\/\/api.w.org\/{rel}","templated":true}]}}