{"id":7273,"date":"2013-10-15T09:00:01","date_gmt":"2013-10-15T11:00:01","guid":{"rendered":"https:\/\/forumjustica.vlannetwork.com\/?p=7273"},"modified":"2022-09-04T21:15:53","modified_gmt":"2022-09-05T00:15:53","slug":"semana-de-eventos-prezado-mandela","status":"publish","type":"post","link":"https:\/\/forumjustica.com.br\/es\/semana-de-eventos-prezado-mandela\/","title":{"rendered":"Semana de eventos &quot;Prezado Mandela&quot;"},"content":{"rendered":"<p><a href=\"https:\/\/forumjustica.com.br\/wp-content\/uploads\/2013\/10\/prezado-Mandela-cartaz-email.jpg\"><img loading=\"lazy\" decoding=\"async\" src=\"https:\/\/forumjustica.com.br\/wp-content\/uploads\/2013\/10\/prezado-Mandela-cartaz-email-203x300-1.jpg\" alt=\"\" title=\"prezado Mandela - cartaz email\" width=\"203\" height=\"300\" class=\"alignleft size-medium wp-image-7274\" \/><\/a><br \/>\nDo dia 4 ao dia 9 de Novembro de 2013, estaremos exibindo o document\u00e1rio \u201cPrezado Mandela\u201d (Pagina oficial do filme: http:\/\/www.dearmandela.com Trailer com legenda em Portugu\u00eas dispon\u00edvel aqui: http:\/\/vimeo.com\/73384945). O filme retrata a trajet\u00f3ria do maior movimento de favelados da \u00c1frica do Sul &#8211; Abahlali baseMjondolo (<a href=\"http:\/\/www.abahlali.org\/\">http:\/\/www.abahlali.org<\/a>) \u2013 e sua luta contra remo\u00e7\u00f5es e o direito de acesso e perman\u00eancia nas cidades. As exibi\u00e7\u00f5es ser\u00e3o sempre seguidas de debates com a presen\u00e7a de dois membros da Abahlali, S\u2019bu Zikode e Bandile Mdlalose. Al\u00e9m dos membros da Abahlali, contaremos com a presen\u00e7a de diversas pessoas envolvidas no processo de mobiliza\u00e7\u00e3o e a\u00e7\u00e3o contra remo\u00e7\u00f5es (incluindo, ativistas, advogados, acad\u00eamicos, membros de comunidades j\u00e1 mobilizadas, etc), destacando suas experienciais e orientando sob formas de mobiliza\u00e7\u00e3o.<\/p>\n<p>Atualmente a agenda do evento j\u00e1 conta com exibi\u00e7\u00f5es confirmadas nos seguintes locais:<\/p>\n<p>Segunda-feira: 04 Novembro 2013<br \/>\n09:30<br \/>\nIPPUR \u2013 UFRJ<br \/>\nLocal: 3o andar  Audit\u00f3rio  Archimedes Mem\u00f3ria<br \/>\nAv. Pedro Calmon, 550  &#8211; Ilha do Fund\u00e3o<\/p>\n<p>Ter\u00e7a-feira: 05 Novembro 2013<br \/>\n14:00<br \/>\nUERJ \/ FEBEF<br \/>\nLocal: Rua General Manuel Rabelo, s\/n, Vila S\u00e3o Lu\u00eds, Duque de Caxias (Refer\u00eancia: pr\u00f3ximo a pra\u00e7a da Vila S\u00e3o Lu\u00eds)<\/p>\n<p>Quarta-feira: 06 Novembro 2013<br \/>\n18:00<br \/>\nPUC Rio<br \/>\nLocal: Audit\u00f3rio B6 &#8211; Ala Frings, 6\u00b0 andar<br \/>\nR. Marqu\u00eas de S\u00e3o Vicente, 225 \u2013 G\u00e1vea<\/p>\n<p>Quinta-feira: 07 Novembro 2013<br \/>\n19:00<br \/>\nMorro do Borel e Indiana<br \/>\nLocal: Jocum Borel \u2013 Estrada da Independencia, 98, Tijuca<br \/>\n(Referencia: Terreirao)<\/p>\n<p>Sexta-feira: 08 Novembro 2013<br \/>\n19:00<br \/>\nSanta Marta<br \/>\nLocal: Campinho do Pico do Santa Marta, Botafogo (Refer\u00eancia: 5\u00aa esta\u00e7\u00e3o da Plano Inclinado). Em caso de chuva: Sal\u00e3o da Unape -Anchieta &#8211; Rua Marechal Francisco de Moura, 183, Botafogo<\/p>\n<p>S\u00e1bado: 09 Novembro 2013<br \/>\n11:00<br \/>\nComplexo do Alem\u00e3o<br \/>\nLocal: Avenida Central, 68 &#8211; Morro do Alem\u00e3o &#8211; Complexo do Alem\u00e3o (Refer\u00eancia: pr\u00f3ximo \u00e0 esta\u00e7\u00e3o do Morro do Alem\u00e3o)<br \/>\n <\/p>","protected":false},"excerpt":{"rendered":"<p>Do dia 4 ao dia 9 de Novembro de 2013, estaremos exibindo o document\u00e1rio \u201cPrezado Mandela\u201d (Pagina oficial do filme: http:\/\/www.dearmandela.com Trailer com legenda em Portugu\u00eas dispon\u00edvel aqui: http:\/\/vimeo.com\/73384945). O filme retrata a trajet\u00f3ria do maior movimento de favelados da \u00c1frica do Sul &#8211; Abahlali baseMjondolo (http:\/\/www.abahlali.org) \u2013 e sua luta contra remo\u00e7\u00f5es e o [&hellip;]<\/p>\n","protected":false},"author":13,"featured_media":0,"comment_status":"open","ping_status":"closed","sticky":false,"template":"","format":"standard","meta":{"inline_featured_image":false,"footnotes":""},"categories":[1],"tags":[],"anos":[],"projetos":[],"autorias":[],"eixos_tematicos":[],"locais":[],"pessoas":[],"estado":[],"academia":[],"sociedade_civil":[],"class_list":["post-7273","post","type-post","status-publish","format-standard","hentry","category-noticias"],"_links":{"self":[{"href":"https:\/\/forumjustica.com.br\/es\/wp-json\/wp\/v2\/posts\/7273","targetHints":{"allow":["GET"]}}],"collection":[{"href":"https:\/\/forumjustica.com.br\/es\/wp-json\/wp\/v2\/posts"}],"about":[{"href":"https:\/\/forumjustica.com.br\/es\/wp-json\/wp\/v2\/types\/post"}],"author":[{"embeddable":true,"href":"https:\/\/forumjustica.com.br\/es\/wp-json\/wp\/v2\/users\/13"}],"replies":[{"embeddable":true,"href":"https:\/\/forumjustica.com.br\/es\/wp-json\/wp\/v2\/comments?post=7273"}],"version-history":[{"count":1,"href":"https:\/\/forumjustica.com.br\/es\/wp-json\/wp\/v2\/posts\/7273\/revisions"}],"predecessor-version":[{"id":17476,"href":"https:\/\/forumjustica.com.br\/es\/wp-json\/wp\/v2\/posts\/7273\/revisions\/17476"}],"wp:attachment":[{"href":"https:\/\/forumjustica.com.br\/es\/wp-json\/wp\/v2\/media?parent=7273"}],"wp:term":[{"taxonomy":"category","embeddable":true,"href":"https:\/\/forumjustica.com.br\/es\/wp-json\/wp\/v2\/categories?post=7273"},{"taxonomy":"post_tag","embeddable":true,"href":"https:\/\/forumjustica.com.br\/es\/wp-json\/wp\/v2\/tags?post=7273"},{"taxonomy":"anos","embeddable":true,"href":"https:\/\/forumjustica.com.br\/es\/wp-json\/wp\/v2\/anos?post=7273"},{"taxonomy":"projetos","embeddable":true,"href":"https:\/\/forumjustica.com.br\/es\/wp-json\/wp\/v2\/projetos?post=7273"},{"taxonomy":"autorias","embeddable":true,"href":"https:\/\/forumjustica.com.br\/es\/wp-json\/wp\/v2\/autorias?post=7273"},{"taxonomy":"eixos_tematicos","embeddable":true,"href":"https:\/\/forumjustica.com.br\/es\/wp-json\/wp\/v2\/eixos_tematicos?post=7273"},{"taxonomy":"locais","embeddable":true,"href":"https:\/\/forumjustica.com.br\/es\/wp-json\/wp\/v2\/locais?post=7273"},{"taxonomy":"pessoas","embeddable":true,"href":"https:\/\/forumjustica.com.br\/es\/wp-json\/wp\/v2\/pessoas?post=7273"},{"taxonomy":"estado","embeddable":true,"href":"https:\/\/forumjustica.com.br\/es\/wp-json\/wp\/v2\/estado?post=7273"},{"taxonomy":"academia","embeddable":true,"href":"https:\/\/forumjustica.com.br\/es\/wp-json\/wp\/v2\/academia?post=7273"},{"taxonomy":"sociedade_civil","embeddable":true,"href":"https:\/\/forumjustica.com.br\/es\/wp-json\/wp\/v2\/sociedade_civil?post=7273"}],"curies":[{"name":"wp","href":"https:\/\/api.w.org\/{rel}","templated":true}]}}