{"id":7313,"date":"2013-10-24T09:00:19","date_gmt":"2013-10-24T11:00:19","guid":{"rendered":"https:\/\/forumjustica.vlannetwork.com\/?p=7313"},"modified":"2022-09-04T21:15:53","modified_gmt":"2022-09-05T00:15:53","slug":"ouvidor-condena-indiciamento-de-manifestantes-pela-lei-de-organizacoes-criminosas","status":"publish","type":"post","link":"https:\/\/forumjustica.com.br\/es\/ouvidor-condena-indiciamento-de-manifestantes-pela-lei-de-organizacoes-criminosas\/","title":{"rendered":"Ouvidor condena indiciamento de manifestantes pela Lei de Organiza\u00e7\u00f5es Criminosas"},"content":{"rendered":"<p>Declara\u00e7\u00e3o mostra que a quest\u00e3o n\u00e3o \u00e9 consenso no governo federal<\/p>\n<p>S\u00c3O PAULO &#8211; O ouvidor nacional de Direitos Humanos do governo federal, Bruno Renato Teixeira, condenou nesta segunda-feira o enquadramento de manifestantes na Lei de Organiza\u00e7\u00f5es Criminosas durante um semin\u00e1rio internacional sobre a viol\u00eancia contra jornalistas em S\u00e3o Paulo. A declara\u00e7\u00e3o do representante da Secretaria Nacional de Direitos Humanos da Presid\u00eancia da Rep\u00fablica no evento mostra que a quest\u00e3o n\u00e3o \u00e9 consenso no governo federal.<\/p>\n<p>&#8211; A aplica\u00e7\u00e3o da Lei de Organiza\u00e7\u00f5es Criminosas e a absurda aplica\u00e7\u00e3o da Lei de Seguran\u00e7a Nacional, n\u00e3o recepcionada pela Constitui\u00e7\u00e3o de 1988, s\u00e3o quest\u00f5es que est\u00e3o colocadas na ordem do dia e que precisamos avan\u00e7ar. N\u00f3s repudiamos esse tipo de entendimento. Acreditamos que essa pr\u00e1tica n\u00e3o deve perdurar na sociedade e, por isso, queremos discutir seguran\u00e7a p\u00fablica sob a \u00f3tica dos direitos humanos &#8211; afirmou Teixeira.<\/p>\n<p>Na semana passada, o ministro da Justi\u00e7a, Jos\u00e9 Eduardo Cardozo, defendeu o uso pelas autoridades policiais da Lei de Organiza\u00e7\u00f5es Criminosas no indiciamento de manifestantes. No Rio, 70 detidos foram enquadrados na nova lei.<\/p>\n<p>Para Teixeira, n\u00e3o h\u00e1 como tipificar as condutas como de organiza\u00e7\u00e3o criminosa no contexto das manifesta\u00e7\u00f5es, porque as a\u00e7\u00f5es violentas n\u00e3o parecem ser planejadas previamente pelos envolvidos, crit\u00e9rio fundamental para o enquadramento na lei em quest\u00e3o. Ele defende a puni\u00e7\u00e3o para os autores de vandalismo, mas ap\u00f3s investiga\u00e7\u00e3o que permita individualizar as responsabilidades de cada acusado nos atos criminosos.<\/p>\n<p><a href=\"http:\/\/oglobo.globo.com\/rio\/ouvidor-condena-indiciamento-de-manifestantes-pela-lei-de-organizacoes-criminosas-10460102\">http:\/\/oglobo.globo.com\/rio\/ouvidor-condena-indiciamento-de-manifestantes-pela-lei-de-organizacoes-criminosas-10460102<\/a><\/p>\n","protected":false},"excerpt":{"rendered":"<p>Declara\u00e7\u00e3o mostra que a quest\u00e3o n\u00e3o \u00e9 consenso no governo federal S\u00c3O PAULO &#8211; O ouvidor nacional de Direitos Humanos do governo federal, Bruno Renato Teixeira, condenou nesta segunda-feira o enquadramento de manifestantes na Lei de Organiza\u00e7\u00f5es Criminosas durante um semin\u00e1rio internacional sobre a viol\u00eancia contra jornalistas em S\u00e3o Paulo. A declara\u00e7\u00e3o do representante da [&hellip;]<\/p>\n","protected":false},"author":13,"featured_media":0,"comment_status":"open","ping_status":"closed","sticky":false,"template":"","format":"standard","meta":{"inline_featured_image":false,"footnotes":""},"categories":[1],"tags":[],"anos":[],"projetos":[],"autorias":[],"eixos_tematicos":[],"locais":[],"pessoas":[],"estado":[],"academia":[],"sociedade_civil":[],"class_list":["post-7313","post","type-post","status-publish","format-standard","hentry","category-noticias"],"_links":{"self":[{"href":"https:\/\/forumjustica.com.br\/es\/wp-json\/wp\/v2\/posts\/7313","targetHints":{"allow":["GET"]}}],"collection":[{"href":"https:\/\/forumjustica.com.br\/es\/wp-json\/wp\/v2\/posts"}],"about":[{"href":"https:\/\/forumjustica.com.br\/es\/wp-json\/wp\/v2\/types\/post"}],"author":[{"embeddable":true,"href":"https:\/\/forumjustica.com.br\/es\/wp-json\/wp\/v2\/users\/13"}],"replies":[{"embeddable":true,"href":"https:\/\/forumjustica.com.br\/es\/wp-json\/wp\/v2\/comments?post=7313"}],"version-history":[{"count":1,"href":"https:\/\/forumjustica.com.br\/es\/wp-json\/wp\/v2\/posts\/7313\/revisions"}],"predecessor-version":[{"id":17470,"href":"https:\/\/forumjustica.com.br\/es\/wp-json\/wp\/v2\/posts\/7313\/revisions\/17470"}],"wp:attachment":[{"href":"https:\/\/forumjustica.com.br\/es\/wp-json\/wp\/v2\/media?parent=7313"}],"wp:term":[{"taxonomy":"category","embeddable":true,"href":"https:\/\/forumjustica.com.br\/es\/wp-json\/wp\/v2\/categories?post=7313"},{"taxonomy":"post_tag","embeddable":true,"href":"https:\/\/forumjustica.com.br\/es\/wp-json\/wp\/v2\/tags?post=7313"},{"taxonomy":"anos","embeddable":true,"href":"https:\/\/forumjustica.com.br\/es\/wp-json\/wp\/v2\/anos?post=7313"},{"taxonomy":"projetos","embeddable":true,"href":"https:\/\/forumjustica.com.br\/es\/wp-json\/wp\/v2\/projetos?post=7313"},{"taxonomy":"autorias","embeddable":true,"href":"https:\/\/forumjustica.com.br\/es\/wp-json\/wp\/v2\/autorias?post=7313"},{"taxonomy":"eixos_tematicos","embeddable":true,"href":"https:\/\/forumjustica.com.br\/es\/wp-json\/wp\/v2\/eixos_tematicos?post=7313"},{"taxonomy":"locais","embeddable":true,"href":"https:\/\/forumjustica.com.br\/es\/wp-json\/wp\/v2\/locais?post=7313"},{"taxonomy":"pessoas","embeddable":true,"href":"https:\/\/forumjustica.com.br\/es\/wp-json\/wp\/v2\/pessoas?post=7313"},{"taxonomy":"estado","embeddable":true,"href":"https:\/\/forumjustica.com.br\/es\/wp-json\/wp\/v2\/estado?post=7313"},{"taxonomy":"academia","embeddable":true,"href":"https:\/\/forumjustica.com.br\/es\/wp-json\/wp\/v2\/academia?post=7313"},{"taxonomy":"sociedade_civil","embeddable":true,"href":"https:\/\/forumjustica.com.br\/es\/wp-json\/wp\/v2\/sociedade_civil?post=7313"}],"curies":[{"name":"wp","href":"https:\/\/api.w.org\/{rel}","templated":true}]}}