{"id":7355,"date":"2013-11-04T08:36:36","date_gmt":"2013-11-04T10:36:36","guid":{"rendered":"https:\/\/forumjustica.vlannetwork.com\/?p=7355"},"modified":"2022-09-04T21:15:53","modified_gmt":"2022-09-05T00:15:53","slug":"exibicao-do-documentario-prezado-mandela","status":"publish","type":"post","link":"https:\/\/forumjustica.com.br\/es\/exibicao-do-documentario-prezado-mandela\/","title":{"rendered":"Exibi\u00e7\u00e3o do document\u00e1rio &#8216;Prezado Mandela&#8217;"},"content":{"rendered":"<p><em>NOTA: As exibi\u00e7\u00f5es v\u00e3o ocorrer  na cidade do Rio de Janeiro, de 3 a 9 novembro, conforme programa\u00e7\u00e3o indicada abaixo. Para mais detalhes, conhe\u00e7a e divulgue a p\u00e1gina do evento no facebook:  <a href=\"https:\/\/www.facebook.com\/events\/412446962211684\/?ref_dashboard_filter=calenda\">https:\/\/www.facebook.com\/events\/412446962211684\/?ref_dashboard_filter=calenda<\/a>r<\/em><\/p>\n<p><a href=\"https:\/\/forumjustica.com.br\/wp-content\/uploads\/2013\/11\/prezado-mandela.jpg\"><img loading=\"lazy\" decoding=\"async\" src=\"https:\/\/forumjustica.com.br\/wp-content\/uploads\/2013\/11\/prezado-mandela-203x300.jpg\" alt=\"\" title=\"prezado mandela\" width=\"203\" height=\"300\" class=\"aligncenter size-medium wp-image-7359\" \/><\/a><\/p>\n<p>Ol\u00e1 pessoal,<\/p>\n<p>A partir do dia 03 de novembro come\u00e7a a turn\u00ea de exibi\u00e7\u00e3o do premiado filme Dear Mandela, em v\u00e1rios locais do Rio de Janeiro (ver programa\u00e7\u00e3o abaixo).<\/p>\n<p>A PUC-RJ, atrav\u00e9s do Departamento de Servi\u00e7o Social e do Direito, receber\u00e1 a turn\u00ea no dia 06.11, quarta-feira, a partir de 18:00, com um debate entre S\u2019bu Zikode e Bandile Mdlalose, (membros fundadores do movimento social Sul-Africano Abahlali baseMjondolo), Altair Guimar\u00e3es (Vila Aut\u00f3dromo) e Martins (Rocinha Sem Fronteiras e Funda\u00e7\u00e3o Bento Rubi\u00e3o).<\/p>\n<p>Pretendemos fomentar um di\u00e1logo entre movimentos de resist\u00eancia contra as remo\u00e7\u00f5es for\u00e7adas da Africa do Sul e do Rio de Janeiro. A exibi\u00e7\u00e3o do document\u00e1rio e o debate ocorrer\u00e3o no audit\u00f3rio B6, sexto andar, Ala Frings.<\/p>\n<p>Nos vemos l\u00e1!<\/p>\n<p>Abra\u00e7os,<\/p>\n<p>Alexandre F. Mendes &#8211; Prof. do Direito &#8211; PUC-RJ<br \/>\nRafael Gon\u00e7alves &#8211; Prof. do Servi\u00e7o Social &#8211; PUC-RJ<\/p>\n<p><strong>Sleeping Giant apresenta:<\/strong><\/p>\n<p>A turn\u00ea de exibi\u00e7\u00e3o do premiado filme document\u00e1rio \u201cDear Mandela\u201d (Caro Mandela) em favelas de toda a cidade do Rio de Janeiro, Brasil.<\/p>\n<p>3 de novembro &#8211; 9 de novembro, 2013<br \/>\n* Estr\u00e9ia brasileira. O filme ser\u00e1 exibido pela primeira vez na rec\u00e9m conclu\u00edda vers\u00e3o em Portugu\u00eas do Brasil.<\/p>\n<p>Ap\u00f3s a exibi\u00e7\u00e3o do filme haver\u00e1 debate com:<br \/>\nS\u2019bu Zikode e Bandile Mdlalose, membros fundadores do movimento social Sul-Africano Abahlali baseMjondolo<br \/>\nO Sr. Zikode e a Sra. Mdlalose estar\u00e3o dispon\u00edveis para entrevistas durante toda a turn\u00ea.<\/p>\n<p><strong>DEAR MANDELA<\/strong><br \/>\nDir. Dara Kell &#038; Christopher Nizza<br \/>\nFilme document\u00e1rio. Dura\u00e7\u00e3o: 53 min.<\/p>\n<p>Os diretores Dara Kell &#038; Christopher Nizza estar\u00e3o dispon\u00edveis para entrevistas por telefone \/ Skype<br \/>\nQuando o governo Sul-Africano promete &#8216;erradicar as favelas\u2019 e come\u00e7a a desalojar os moradores dos seus barracos para fora da cidade, tr\u00eas amigos que vivem em grandes favelas de Durban se recusam a sair. Dear Mandela segue a trajet\u00f3ria deles desde seus barracos at\u00e9 o mais alto tribunal do pa\u00eds, `a medida em que evocam o exemplo de Nelson Mandela e se tornam l\u00edderes de um crescente movimento social. Alternando momentos inspiradores, devastadores e engra\u00e7ados, o filme oferece uma nova perspectiva sobre o papel que os jovens podem desempenhar na mudan\u00e7a pol\u00edtica e \u00e9 um retrato fascinante da mais recente \u00c1frica do Sul.<br \/>\nAssista o trailer em Portugu\u00eas: <a href=\"https:\/\/vimeo.com\/73384945\">https:\/\/vimeo.com\/73384945<\/a><br \/>\nAssista o trailer em Ingl\u00eas: <a href=\"https:\/\/vimeo.com\/26538549\">https:\/\/vimeo.com\/26538549<\/a><br \/>\nVencedor de v\u00e1rios pr\u00eamios, incluindo Melhor Document\u00e1rio Sul-Africano no Festival Internacional de Cinema de Durban, e a indica\u00e7\u00e3o para Melhor Document\u00e1rio no Pr\u00eamio African Academy Awards, CARO MANDELA foi exibido em 35 pa\u00edses e traduzido para 10 idiomas.<\/p>\n<p>\u00abVARIETY: \u00abComovente &#8230; sugestivamente filmado, lucidamente editado.\u00bb<br \/>\n\u00abFascinante, inesperado &#8230; tanto uma chamada para a\u00e7\u00e3o, como tamb\u00e9m para a acusa\u00e7\u00e3o de um governo que perdeu o seu rumo \u00bb &#8211; Charl Blignaut, City Press<br \/>\n\u00abEncantador\u00bb &#8211; Mahala Magazine<br \/>\n\u00abDeixa-nos com perguntas que poucos se atreveram a perguntar sobre a nova \u00c1frica do Sul\u00bb &#8211; Marie Huchzermeyer, autora de Cities With &#8216;Slums&#8217;<br \/>\nSobre Abahlali baseMjondolo:<\/p>\n<p>Abahlali baseMjondolo, tamb\u00e9m conhecido como AbM ou \u2018red shirts\u2019, \u00e9 um movimento de moradores de assentamentos informais  da \u00c1frica do Sul. Ele \u00e9 conhecido por fazer campanha contra os desalojamentos e a favor de moradia social. O movimento cresceu a partir do bloqueio da via Kennedy Road, organizado pelo assentamento de mesmo nome na cidade de Durban no in\u00edcio de 2005, e \u00e9 hoje a maior organiza\u00e7\u00e3o demoradores de assentamentos informais da \u00c1frica do Sul. AbM faz campanhas para melhorar as condi\u00e7\u00f5es de vida da popula\u00e7\u00e3o pobre e para democratizar a sociedade a partir de baixo. O movimento \u00e9 contra pol\u00edticas partid\u00e1rias e boicota elei\u00e7\u00f5es. Sua reivindica\u00e7\u00e3o fundamental \u00e9 que o valor social da terra urbana deve ter prioridade sobre o valor comercial, pressionando a expropria\u00e7\u00e3o das grandes propriedades privadas.Segundo o jornal The Times, o movimento \u00ababalou o cen\u00e1rio pol\u00edtico da \u00c1frica do Sul\u00bb. No entanto, o movimento tem enfrentado constante e, muitas vezes, violenta repress\u00e3o, e est\u00e1 passando nesse momento pela fase mais brutal de despejos e assassinatos nas m\u00e3os da pol\u00edcia desde a sua funda\u00e7\u00e3o.<br \/>\nTr\u00eas membros da AbM foram assassinados em circunst\u00e2ncias obscuras ou foram mortos pela pol\u00edcia desde junho. Nqobile Nzuza, uma menina de 17 anos de idade, foi baleada nas costas por um policial durante um protesto na regi\u00e3o de Cato Crest, em Durban, e morreu no \u00faltimo dia de setembro. Nenhum inqu\u00e9rito foi aberto como consequ\u00eancia de qualquer um desses casos. Muitos outros membros foram feridos em tiroteios e presos durante os protestos por moradia ao longo dos \u00faltimos meses.<br \/>\nToda exibi\u00e7\u00e3o do filme na turn\u00ea ser\u00e1 seguida de debate com dois membros fundadores do movimento Abahlali, S\u2019bu Zikode e Bandile Mdlalose.<\/p>\n<p>Ambos os l\u00edderes t\u00eam sido diretamente afetados pela recente onda de repress\u00e3o do Estado. Conforme documentado no filme, a casa da fam\u00edlia de S&#8217;bu, que fica no Assentamento Informal de Kennedy Road, foi destru\u00edda por agentes do partido ANC em setembro de 2009 e eles foram for\u00e7ados a se esconder depois de repetidas amea\u00e7as p\u00fabilcas de morte. Atualmente eles est\u00e3o de volta a clandestinidade devido `a novas amea\u00e7as de morte, algumas vindo de l\u00edderes do ANC, em Durban. Bandile tamb\u00e9m foi for\u00e7ada a mudar com a sua fam\u00edlia para longe de onde estavam hospedados ap\u00f3s amea\u00e7as semelhantes. Al\u00e9m disso, ela foi marcada para ser presa em um protesto por moradia e mantida na cadeia por uma semana no in\u00edcio de outubro.<br \/>\nA turn\u00ea de exibi\u00e7\u00e3o do filme re\u00fane membros das comunidades e ativistas do Rio e da \u00c1frica do Sul para discutir os despejos for\u00e7ados no Rio de Janeiro, Durban, e ao redor do mundo, colocando em contato as pessoas que vivem sob o risco de serem despejadas for\u00e7adamente no mundo inteiro, e fortalecendo os movimentos sociais que trabalham pelo o direito \u00e0 moradia e dignidade para todos.<\/p>\n<p>Junte- se a n\u00f3s!<br \/>\nSiga a turn\u00ea no Facebook, Twitter, Instagram &#038; Tumblr. (@dearmandela)<br \/>\nAll screening information at: http:\/\/dearmandela.tumblr.com\/.<br \/>\nP\u00e1gina do evento no Facebook: http:\/\/on.fb.me\/1idJpPt<br \/>\nEsse projeto tem o apoio do Sundance Institute, Funda\u00e7\u00e3o Ford e Chicken &#038; Egg Pictures. Sleeping Giant \u00e9 uma empresa de produ\u00e7\u00e3o de novas m\u00eddias e de document\u00e1rios com base em Nova York.<\/p>\n<p><strong>CALEND\u00c1RIO DOS EVENTOS<\/strong><\/p>\n<p>DOMINGO, 3 DE NOVEMBRO<br \/>\n19:30: Ocupa\u00e7\u00e3o Quilombo das Guerreiras<br \/>\nAvenida Francisco Bicalho, 49 (Referencia: pr\u00f3ximo \u00e0 Rodovi\u00e1ria Novo Rio).<\/p>\n<p>SEGUNDA, 4 DE NOVEMBRO<br \/>\n9:30: IPPUR-UFRJ<br \/>\n3o andar  Audit\u00f3rio  Archimedes Mem\u00f3ria, Av. Pedro Calmon, 550  &#8211; Ilha do Fund\u00e3o<br \/>\n18:00: Morro da Provid\u00eancia<br \/>\nLargo da Igreja, Final da escadaria, Alto do Morro da Provid\u00eancia, Centro<\/p>\n<p>TER\u00c7A, 5 DE NOVEMBRO<br \/>\n14:00: UERJ\/FEBEF<br \/>\nRua General Manuel Rabelo, s\/n, Vila S\u00e3o Lu\u00eds, Duque de Caxias (Refer\u00eancia: pr\u00f3ximo a pra\u00e7a da Vila S\u00e3o Lu\u00eds)<br \/>\n19:00 Magalh\u00e3es Bastos<br \/>\nLocal: R. Salustiano Silva, 27<\/p>\n<p>QUARTA, 6 DE NOVEMBRO<br \/>\n18:00: PUC Rio<br \/>\nAudit\u00f3rio B6 &#8211; Ala Frings, 6\u00b0 andar R. Marqu\u00eas de S\u00e3o Vicente, 225, G\u00e1vea<\/p>\n<p>QUINTA, 7 DE NOVEMBRO<br \/>\n19:00: Morro do Borel e Indiana<br \/>\nJocum Borel \u2013 Estrada da Independ\u00eancia, 98, Tijuca (Referencia: Terreir\u00e3o)<\/p>\n<p>SEXTA, 8 DE NOVEMBRO<br \/>\n15:00: UniRio<br \/>\nAudit\u00f3rio do CCJP \u2013 Rua Volunt\u00e1rios da P\u00e1tria, 197, Botafogo<br \/>\n19:00: Santa Marta<br \/>\nCampinho do Pico do Santa Marta, Botafogo (Refer\u00eancia: 5\u00aa esta\u00e7\u00e3o da Plano Inclinado). Em caso de chuva: Sal\u00e3o da Unape -Anchieta &#8211; Rua Marechal Francisco de Moura, 183, Botafogo<\/p>\n<p>S\u00c1BADO, 9 DE NOVEMBRO<br \/>\n11:00: Complexo do Alem\u00e3o<br \/>\nAvenida Central, 68 &#8211; Morro do Alem\u00e3o &#8211; Complexo do Alem\u00e3o (Refer\u00eancia: pr\u00f3ximo \u00e0 esta\u00e7\u00e3o do Morro do Alem\u00e3o)<\/p>\n<p>Qualquer d\u00favida, entre em contato conosco.<br \/>\nContato para imprensa:<br \/>\nLilly Sullivan<br \/>\nProdutora, Dear Mandela<br \/>\nlrsullivan@gmail.com<br \/>\n+1  (831) 818-6787<br \/>\nLaura Burocco<br \/>\n+55 21 982684173<br \/>\nbrasil_aura@yahoo.com.br<br \/>\nPara Consultas Internacionais:<br \/>\nDara Kell<br \/>\nProdutora \/ Diretora, Dear Mandela<br \/>\n+ 1 (917) 582-1620<br \/>\ndara@dearmandela.com<br \/>\nSkype: darakell<\/p>","protected":false},"excerpt":{"rendered":"<p>NOTA: As exibi\u00e7\u00f5es v\u00e3o ocorrer na cidade do Rio de Janeiro, de 3 a 9 novembro, conforme programa\u00e7\u00e3o indicada abaixo. Para mais detalhes, conhe\u00e7a e divulgue a p\u00e1gina do evento no facebook: https:\/\/www.facebook.com\/events\/412446962211684\/?ref_dashboard_filter=calendar Ol\u00e1 pessoal, A partir do dia 03 de novembro come\u00e7a a turn\u00ea de exibi\u00e7\u00e3o do premiado filme Dear Mandela, em v\u00e1rios locais [&hellip;]<\/p>\n","protected":false},"author":13,"featured_media":0,"comment_status":"open","ping_status":"closed","sticky":false,"template":"","format":"standard","meta":{"inline_featured_image":false,"footnotes":""},"categories":[1],"tags":[],"anos":[],"projetos":[],"autorias":[],"eixos_tematicos":[],"locais":[],"pessoas":[],"estado":[],"academia":[],"sociedade_civil":[],"class_list":["post-7355","post","type-post","status-publish","format-standard","hentry","category-noticias"],"_links":{"self":[{"href":"https:\/\/forumjustica.com.br\/es\/wp-json\/wp\/v2\/posts\/7355","targetHints":{"allow":["GET"]}}],"collection":[{"href":"https:\/\/forumjustica.com.br\/es\/wp-json\/wp\/v2\/posts"}],"about":[{"href":"https:\/\/forumjustica.com.br\/es\/wp-json\/wp\/v2\/types\/post"}],"author":[{"embeddable":true,"href":"https:\/\/forumjustica.com.br\/es\/wp-json\/wp\/v2\/users\/13"}],"replies":[{"embeddable":true,"href":"https:\/\/forumjustica.com.br\/es\/wp-json\/wp\/v2\/comments?post=7355"}],"version-history":[{"count":1,"href":"https:\/\/forumjustica.com.br\/es\/wp-json\/wp\/v2\/posts\/7355\/revisions"}],"predecessor-version":[{"id":17462,"href":"https:\/\/forumjustica.com.br\/es\/wp-json\/wp\/v2\/posts\/7355\/revisions\/17462"}],"wp:attachment":[{"href":"https:\/\/forumjustica.com.br\/es\/wp-json\/wp\/v2\/media?parent=7355"}],"wp:term":[{"taxonomy":"category","embeddable":true,"href":"https:\/\/forumjustica.com.br\/es\/wp-json\/wp\/v2\/categories?post=7355"},{"taxonomy":"post_tag","embeddable":true,"href":"https:\/\/forumjustica.com.br\/es\/wp-json\/wp\/v2\/tags?post=7355"},{"taxonomy":"anos","embeddable":true,"href":"https:\/\/forumjustica.com.br\/es\/wp-json\/wp\/v2\/anos?post=7355"},{"taxonomy":"projetos","embeddable":true,"href":"https:\/\/forumjustica.com.br\/es\/wp-json\/wp\/v2\/projetos?post=7355"},{"taxonomy":"autorias","embeddable":true,"href":"https:\/\/forumjustica.com.br\/es\/wp-json\/wp\/v2\/autorias?post=7355"},{"taxonomy":"eixos_tematicos","embeddable":true,"href":"https:\/\/forumjustica.com.br\/es\/wp-json\/wp\/v2\/eixos_tematicos?post=7355"},{"taxonomy":"locais","embeddable":true,"href":"https:\/\/forumjustica.com.br\/es\/wp-json\/wp\/v2\/locais?post=7355"},{"taxonomy":"pessoas","embeddable":true,"href":"https:\/\/forumjustica.com.br\/es\/wp-json\/wp\/v2\/pessoas?post=7355"},{"taxonomy":"estado","embeddable":true,"href":"https:\/\/forumjustica.com.br\/es\/wp-json\/wp\/v2\/estado?post=7355"},{"taxonomy":"academia","embeddable":true,"href":"https:\/\/forumjustica.com.br\/es\/wp-json\/wp\/v2\/academia?post=7355"},{"taxonomy":"sociedade_civil","embeddable":true,"href":"https:\/\/forumjustica.com.br\/es\/wp-json\/wp\/v2\/sociedade_civil?post=7355"}],"curies":[{"name":"wp","href":"https:\/\/api.w.org\/{rel}","templated":true}]}}