{"id":7367,"date":"2013-11-04T09:20:30","date_gmt":"2013-11-04T11:20:30","guid":{"rendered":"https:\/\/forumjustica.vlannetwork.com\/?p=7367"},"modified":"2022-09-04T21:15:53","modified_gmt":"2022-09-05T00:15:53","slug":"prefeitura-do-rio-forja-manifestacao-de-moradores-para-remover-vila-autodromo","status":"publish","type":"post","link":"https:\/\/forumjustica.com.br\/es\/prefeitura-do-rio-forja-manifestacao-de-moradores-para-remover-vila-autodromo\/","title":{"rendered":"PREFEITURA DO RIO FORJA MANIFESTA\u00c7\u00c3O DE MORADORES PARA REMOVER VILA AUT\u00d3DROMO"},"content":{"rendered":"<h1><\/h1>\n<h2>31 de outubro de 2013<\/h2>\n<dl>\n<dt><a rel=\"lightbox\" href=\"http:\/\/rio.portalpopulardacopa.org.br\/wp-content\/uploads\/2013\/10\/paes_moradores2-717x540.png\"><img loading=\"lazy\" decoding=\"async\" src=\"http:\/\/rio.portalpopulardacopa.org.br\/wp-content\/uploads\/2013\/10\/paes_moradores2-350x263.png\" alt=\"Moradores teriam sido levados pela Prefeitura para manifesta\u00e7\u00e3o (Imagem Reprodu\u00e7\u00e3o TV Globo)\" width=\"350\" height=\"263\" \/><\/a><\/dt>\n<dd>Moradores teriam sido levados pela Prefeitura para manifesta\u00e7\u00e3o (Imagem Reprodu\u00e7\u00e3o TV Globo)<\/dd>\n<dt><a rel=\"lightbox\" href=\"http:\/\/rio.portalpopulardacopa.org.br\/wp-content\/uploads\/2013\/10\/paes_moradores-719x540.png\"><img loading=\"lazy\" decoding=\"async\" src=\"http:\/\/rio.portalpopulardacopa.org.br\/wp-content\/uploads\/2013\/10\/paes_moradores-350x262.png\" alt=\"Paes d\u00e1 entrevista ap\u00f3s reuni\u00e3o com moradores da Vila Aut\u00f3dromo (Imagem Reprodu\u00e7\u00e3o TV Globo)\" width=\"350\" height=\"262\" \/><\/a><\/dt>\n<dd>Paes d\u00e1 entrevista ap\u00f3s reuni\u00e3o com moradores da Vila Aut\u00f3dromo (Imagem Reprodu\u00e7\u00e3o TV Globo)<\/dd>\n<\/dl>\n<div>\n<p><em>Na mesma noite, assembleia na comunidade reiterou a inten\u00e7\u00e3o de ficar<\/em><\/p>\n<p>Uma manifesta\u00e7\u00e3o com cerca de 20 pessoas na porta da Prefeitura do Rio, ontem, mostrou que a Prefeitura do Rio n\u00e3o tem limites na tentativa de legitimar a remo\u00e7\u00e3o da Vila Aut\u00f3dromo. Os poucos presentes se diziam representantes de 150 fam\u00edlias que querem sair, mas na mesma noite acontecia mais uma assembleia dos moradores que lutam contra a remo\u00e7\u00e3o. A Comiss\u00e3o de Moradores, que ainda n\u00e3o passou por todas as ruas, j\u00e1 reuniu 198 assinaturas de fam\u00edlias que desejam ficar na Vila.<\/p>\n<p>Nos \u00faltimos meses, a Prefeitura do Rio vem colocando agentes diariamente na comunidade para convencer os moradores a sair, inclusive com a presen\u00e7a constante do sub-prefeito Tiago Mohamed. N\u00e3o haveria, portanto, motivo para qualquer tipo de manifesta\u00e7\u00e3o a favor da remo\u00e7\u00e3o, j\u00e1 que \u00e9 a pr\u00f3pria Prefeitura que deseja tir\u00e1-los dali. Moradores relataram que agentes da Prefeitura teriam viabilizado dois \u00f4nibus para levar os moradores \u00e0 Cidade Nova. Pessoas que estiveram no local perceberam que a manifesta\u00e7\u00e3o n\u00e3o se passava de uma encena\u00e7\u00e3o para a TV Globo, que fazia a cobertura.<\/p>\n<p>A Comiss\u00e3o de Moradores da Vila Aut\u00f3dromo est\u00e1 programando atividades reais para mostrar o que vem acontecendo na comunidade. Uma delas ser\u00e1 uma missa no domingo, dia 10\/11 \u00e0s 9h, celebrada pelo Arcebispo do Rio de Janeiro, Dom Orani, na comunidade.<\/p>\n<p><strong>Vila legal<\/strong> &gt; A comunidade Vila Aut\u00f3dromo possui t\u00edtulo de concess\u00e3o de direito real de uso, al\u00e9m de estar h\u00e1 pelo menos quatro d\u00e9cadas no local. Argumenta-se que seria necess\u00e1ria a remo\u00e7\u00e3o para os Jogos Ol\u00edmpicos, mas o projeto oficial desenvolvido pelo escrit\u00f3rio de arquitetura ingl\u00eas AECOM prev\u00ea a comunidade urbanizada como legado das Olimp\u00edadas. Al\u00e9m disso, h\u00e1 um projeto popular de urbaniza\u00e7\u00e3o desenvolvido por arquitetos e urbanistas da UFF e da UFRJ e moradores, que mostra a compatibilidade dos Jogos a exist\u00eancia da Vila.<\/p>\n<p><strong>Prefeitura quer remo\u00e7\u00e3o completa<\/strong> &gt; A assessoria das universidade demonstrou que proposta apresentada pela Prefeitura para os que querem permanecer \u00e9 tecnicamente invi\u00e1vel. No novo desenho, n\u00e3o h\u00e1 previs\u00e3o de acesso \u00e0s vias locais da comunidade e problemas de drenagem causados pelo Parque Ol\u00edmpico n\u00e3o s\u00e3o resolvidos. A prefeitura tamb\u00e9m resiste em afirmar publicamente que a comunidade ser\u00e1 urbanizada. Muitos dos que afirmam querer sair reclamam de problemas causados pela neglig\u00eancia de prefeitura na \u00e1rea.<\/p>\n<p><strong>Terra nobre<\/strong> &gt; A comunidade Vila Aut\u00f3dromo se localiza na \u00e1rea de maior valoriza\u00e7\u00e3o da Barra da Tijuca e que vai ser o centro dos Jogos Ol\u00edmpicos. A parceria p\u00fablico-privada que a Prefeitura do Rio assinou com as empreiteiras Norberto Odebrecht, Andrade Gutierrez e Carvalho Hosken prev\u00ea a transfer\u00eancia mais de 1 milh\u00e3o de m2 para o cons\u00f3rcio ap\u00f3s os Jogos. No terreno ser\u00e3o constru\u00eddos condom\u00ednios e hot\u00e9is de luxo, como consta no edital de licita\u00e7\u00e3o. Parte da \u00e1rea da Vila Aut\u00f3dromo faz parte da PPP e seria repassada \u00e0s empreiteiras.<\/p>\n<p><strong>Prefeito de remo\u00e7\u00e3o<\/strong> &gt; Eduardo Paes \u00e9 conhecido na Barra da Tijuca e Recreio da \u00e9poca em que era sub-prefeito, nos anos 90, por comandar remo\u00e7\u00f5es violentas na regi\u00e3o. O atual prefeito do Rio de Janeiro, em n\u00fameros absolutos, \u00e9 o que mais removeu moradores de favela na hist\u00f3ria da cidade; j\u00e1 s\u00e3o 65 mil desde 2009. Pelo menos 14 comunidades n\u00e3o existem mais. H\u00e1 muitas den\u00fancias de viola\u00e7\u00e3o de direitos, com indeniza\u00e7\u00f5es \u00ednfimas ou inexistentes, tortura psicol\u00f3gica e remo\u00e7\u00f5es ilegais. As informa\u00e7\u00f5es est\u00e3o num\u00a0<a href=\"http:\/\/bit.ly\/DossieRio2013\" target=\"_blank\" rel=\"noopener\">dossi\u00ea<\/a> entregue em m\u00e3os ao prefeito pelo Comit\u00ea Popular da Copa e Olimp\u00edadas.<\/p>\n<\/div>\n<p>&nbsp;<\/p>\n<p><a href=\"http:\/\/rio.portalpopulardacopa.org.br\/?p=2643\">http:\/\/rio.portalpopulardacopa.org.br\/?p=2643<\/a><\/p>\n","protected":false},"excerpt":{"rendered":"<p>31 de outubro de 2013 Moradores teriam sido levados pela Prefeitura para manifesta\u00e7\u00e3o (Imagem Reprodu\u00e7\u00e3o TV Globo) Paes d\u00e1 entrevista ap\u00f3s reuni\u00e3o com moradores da Vila Aut\u00f3dromo (Imagem Reprodu\u00e7\u00e3o TV Globo) Na mesma noite, assembleia na comunidade reiterou a inten\u00e7\u00e3o de ficar Uma manifesta\u00e7\u00e3o com cerca de 20 pessoas na porta da Prefeitura do Rio, [&hellip;]<\/p>\n","protected":false},"author":13,"featured_media":0,"comment_status":"open","ping_status":"closed","sticky":false,"template":"","format":"standard","meta":{"inline_featured_image":false,"footnotes":""},"categories":[1],"tags":[],"anos":[],"projetos":[],"autorias":[],"eixos_tematicos":[],"locais":[],"pessoas":[],"estado":[],"academia":[],"sociedade_civil":[],"class_list":["post-7367","post","type-post","status-publish","format-standard","hentry","category-noticias"],"_links":{"self":[{"href":"https:\/\/forumjustica.com.br\/es\/wp-json\/wp\/v2\/posts\/7367","targetHints":{"allow":["GET"]}}],"collection":[{"href":"https:\/\/forumjustica.com.br\/es\/wp-json\/wp\/v2\/posts"}],"about":[{"href":"https:\/\/forumjustica.com.br\/es\/wp-json\/wp\/v2\/types\/post"}],"author":[{"embeddable":true,"href":"https:\/\/forumjustica.com.br\/es\/wp-json\/wp\/v2\/users\/13"}],"replies":[{"embeddable":true,"href":"https:\/\/forumjustica.com.br\/es\/wp-json\/wp\/v2\/comments?post=7367"}],"version-history":[{"count":1,"href":"https:\/\/forumjustica.com.br\/es\/wp-json\/wp\/v2\/posts\/7367\/revisions"}],"predecessor-version":[{"id":17461,"href":"https:\/\/forumjustica.com.br\/es\/wp-json\/wp\/v2\/posts\/7367\/revisions\/17461"}],"wp:attachment":[{"href":"https:\/\/forumjustica.com.br\/es\/wp-json\/wp\/v2\/media?parent=7367"}],"wp:term":[{"taxonomy":"category","embeddable":true,"href":"https:\/\/forumjustica.com.br\/es\/wp-json\/wp\/v2\/categories?post=7367"},{"taxonomy":"post_tag","embeddable":true,"href":"https:\/\/forumjustica.com.br\/es\/wp-json\/wp\/v2\/tags?post=7367"},{"taxonomy":"anos","embeddable":true,"href":"https:\/\/forumjustica.com.br\/es\/wp-json\/wp\/v2\/anos?post=7367"},{"taxonomy":"projetos","embeddable":true,"href":"https:\/\/forumjustica.com.br\/es\/wp-json\/wp\/v2\/projetos?post=7367"},{"taxonomy":"autorias","embeddable":true,"href":"https:\/\/forumjustica.com.br\/es\/wp-json\/wp\/v2\/autorias?post=7367"},{"taxonomy":"eixos_tematicos","embeddable":true,"href":"https:\/\/forumjustica.com.br\/es\/wp-json\/wp\/v2\/eixos_tematicos?post=7367"},{"taxonomy":"locais","embeddable":true,"href":"https:\/\/forumjustica.com.br\/es\/wp-json\/wp\/v2\/locais?post=7367"},{"taxonomy":"pessoas","embeddable":true,"href":"https:\/\/forumjustica.com.br\/es\/wp-json\/wp\/v2\/pessoas?post=7367"},{"taxonomy":"estado","embeddable":true,"href":"https:\/\/forumjustica.com.br\/es\/wp-json\/wp\/v2\/estado?post=7367"},{"taxonomy":"academia","embeddable":true,"href":"https:\/\/forumjustica.com.br\/es\/wp-json\/wp\/v2\/academia?post=7367"},{"taxonomy":"sociedade_civil","embeddable":true,"href":"https:\/\/forumjustica.com.br\/es\/wp-json\/wp\/v2\/sociedade_civil?post=7367"}],"curies":[{"name":"wp","href":"https:\/\/api.w.org\/{rel}","templated":true}]}}