{"id":7378,"date":"2013-11-05T09:00:00","date_gmt":"2013-11-05T11:00:00","guid":{"rendered":"https:\/\/forumjustica.vlannetwork.com\/?p=7378"},"modified":"2022-09-04T21:15:53","modified_gmt":"2022-09-05T00:15:53","slug":"vivencias-ii-missao-cumprida","status":"publish","type":"post","link":"https:\/\/forumjustica.com.br\/es\/vivencias-ii-missao-cumprida\/","title":{"rendered":"Viv\u00eancias II, miss\u00e3o cumprida"},"content":{"rendered":"<p><strong><em>NOTA: Compartilhamos esse belo relato do professor Adriano Pilatti acerca de uma experi\u00eancia exitosa de aproxima\u00e7\u00e3o de universit\u00e1rios com os movimentos sociais, na esperan\u00e7a de que inspire pr\u00e1ticas semelhantes e contribua para a forma\u00e7\u00e3o de profissionais comprometidos com as necess\u00e1rias transforma\u00e7\u00f5es sociais em nosso pa\u00eds!<br \/>\n<\/em><\/strong><\/p>\n<p><a href=\"https:\/\/forumjustica.com.br\/wp-content\/uploads\/2013\/11\/vivencias2.jpg\"><img loading=\"lazy\" decoding=\"async\" class=\"aligncenter size-full wp-image-7379\" title=\"vivencias2\" src=\"https:\/\/forumjustica.com.br\/wp-content\/uploads\/2013\/11\/vivencias2.jpg\" alt=\"\" width=\"480\" height=\"360\" \/><\/a><\/p>\n<p>Encerramos hoje (27 de outubro) no Assentamento Roseli Nunes, Pira\u00ed fluminense, a 2\u00aa edi\u00e7\u00e3o do Projeto Viv\u00eancias, concebido pela brava colega e amiga das barricadas Mariana Trotta, e institu\u00eddo por Luiza Helena Nunes, diretora do Servi\u00e7o Social, e Francisco Guimar\u00e3es, do Direito da PUC-Rio, com entusiasmado apoio dos jesu\u00edtas.<\/p>\n<p>Ao longo de duas noites e dois dias, nosso(a)s 20 e poucos estudantes se hospedaram nas casas dos agricultores, conviveram e trabalharam com eles. Colheram aipim, plantaram milho, puxaram \u00e1gua, cozinharam, tran\u00e7aram balaios, limparam quintais. Fizeram excurs\u00e3o pela mata para colher as ervas curadeiras, riqueza infind\u00e1vel de nossa biodiversidade, que o assentado Daniel, por isto mesmo chamado de Bruxo, sabe identificar e utilizar com mestria de fitoterapeuta intuitivo, herdeiro de uma tradi\u00e7\u00e3o imemorial.<\/p>\n<p>Antes do almo\u00e7o bom demais, preparado em mutir\u00e3o, a conversa derradeira. O jovem e abnegado l\u00edder Marcelo (em p\u00e9, bon\u00e9 vermelho, \u00e0 esquerda rs), fez o balan\u00e7o do transcorrido entre outubro do ano passado, na primeira viv\u00eancia, e agora. Duro, aflitivo &#8211; n\u00e3o o Marcelo, sempre uma simpatia, inda mais agora que vai ser pai, mas o balan\u00e7o: os problemas com o INCRA e a Light, velhos de 7 anos, e j\u00e1 terr\u00edveis em 2012, permanecem os mesmos. O INCRA protela a expedi\u00e7\u00e3o dos t\u00edtulos, e sem eles a Light n\u00e3o \u00abliga\u00bb a luz, que sobra nas fazendas dos poderosos vizinhos. Vamos entrar nessa, na face extens\u00e3o-interven\u00e7\u00e3o do Projeto.<\/p>\n<p>Mas os problemas permanecem tamb\u00e9m quanto ao escoamento da produ\u00e7\u00e3o, n\u00e3o h\u00e1 apoio, o que torna os produtores assentados em toda a regi\u00e3o dependentes da extors\u00e3o dos atravessadores. Cr\u00e9dito rural, assist\u00eancia t\u00e9cnica? Zero. S\u00f3 o posto de sa\u00fade melhorou um pouco. Definitivamente, a reforma agr\u00e1ria n\u00e3o \u00e9 prioridade para esse Governo cada vez mais irreconhec\u00edvel.<\/p>\n<p>Nos relatos informais do(a)s estudantes ao longo do almo\u00e7o, a comovida vontade de fazer algo que possa ajudar, de retribuir a acolhida. O orgulho de ter arrancado do ch\u00e3o o dourado aipim que agora se desmanchava em nossas bocas. A percep\u00e7\u00e3o das contradi\u00e7\u00f5es demasiadamente humanas de toda comunidade, a humaniza\u00e7\u00e3o do(a) personagem \u00abagricultor(a) sem terra\u00bb em sua grandeza e pequenez, em suas vidas de feitos e desilus\u00f5es, uni\u00e3o e desmobiliza\u00e7\u00e3o, solidariedade e conflito. A constata\u00e7\u00e3o de que as quest\u00f5es de g\u00eanero e idade est\u00e3o em toda parte. A decep\u00e7\u00e3o com um modelo de Estado que s\u00f3 existe nas pe\u00e7as publicit\u00e1rias.<\/p>\n<p>Na hora da partida, depois da bela fala do assentado \u00abPadre\u00bb, quanta dificuldade para encerrar as despedidas. As meninas escondendo as l\u00e1grimas pra aparentar alegria diante das crian\u00e7as que choravam j\u00e1 de antecipada saudade. Camponeses e puqueanos irmanados em longos e comovidos abra\u00e7os, tirando intermin\u00e1veis fotografias. Sorrisos e n\u00f3s na garganta, olhos sempre brilhando. Os v\u00ednculos se tecem e a esp\u00e9cie se reaproxima de si mesma, quanta compreens\u00e3o de que as barreiras que separam humanos de humanos s\u00e3o rid\u00edculas e absurdas se viu por ali.<\/p>\n<p>Valeu, companheiro(a)s do MST, valeu, generoso(a)s menino(a)s da bela PUC-Rio, valeu compas. Arrancamos da indiferente roda do destino mais um pequeno naco de eternidade e mudan\u00e7a. Criamos outra leva de parcerias improv\u00e1veis at\u00e9 anteontem. Reduzimos um cent\u00edmetro do tamanho do abismo que separa ricos e pobres em terras fluminenses. Constitu\u00edmos mais um pouco de comum. Podemos descansar por hoje.<\/p>\n<p>Adriano Pilatti<\/p>\n<p>\u00a0<\/p>\n<p><strong>Leia mais sobre a prepara\u00e7\u00e3o para a Viv\u00eancia:<\/strong><\/p>\n<div id=\":398\">\n<div id=\":3i1\">\n<div id=\":3cu\">\n<div dir=\"ltr\">\n<div><\/div>\n<div>6 outubro 2013<\/div>\n<div><\/div>\n<p>Chegando em casa, depois de um s\u00e1bado pra n\u00e3o esquecer no p\u00f3lo avan\u00e7ado da PUC-Rio na Reserva Biol\u00f3gica do Tingu\u00e1, Nova Igua\u00e7u, Baixada Fluminense. Sa\u00edmos da G\u00e1vea \u00e0s 8:30, mais de 30 aluna(o)s &#8211; maioria docemente esmagadora de meninas, viva elas! &#8211; da gradua\u00e7\u00e3o em Direito, Servi\u00e7o Social, Pedagogia e Comunica\u00e7\u00e3o. Entre ela(e)s, Dona Zica, \u00a0militante dos movimentos fundi\u00e1rios e de dom\u00e9sticas de Bangu, aluna do 4\u00ba per\u00edodo de Servi\u00e7o Social, 80 anos de idade e lutas! Chegamos no para\u00edso da Mata Atl\u00e2ntica perto do fim da manh\u00e3, recepcionados pelo valoroso Flavio, ex-aluno na PUC, \u00a0administrador da \u00e1rea (e tamb\u00e9m corpo, alma e inspira\u00e7\u00e3o do valoroso bloco carnavalesco A Rocha da G\u00e1vea, a alegria \u00e9 a prova dos nove!). Depois do bom caf\u00e9 com p\u00e3o e saborosos recheios, a bela explica\u00e7\u00e3o do companheira\u00e7o \u00a0Flavio sobre a hist\u00f3ria da regi\u00e3o, que abrigou fazendas de \u00abengorda\u00bb de escravos e porto de escoamento de ouro e gente para o Rio. Come\u00e7amos ent\u00e3o o trabalho \u00abduro\u00bb (foto), uma prepara\u00e7\u00e3o da(o)s menina(o)s para a segunda Viv\u00eancia que organizamos (a primeira ano passado) no Assentamento Roseli Nunes, Pira\u00ed, nascido de ocupa\u00e7\u00e3o do MST em gleba abandonada entre fazendas de poderosos da cartolagem e da pol\u00edtica, que acontecer\u00e1 no \u00faltimo fds de outubro: de sexta a domingo, a(o)s futura(o)s advogada(o)s, magistrada(o)s, promotora(e)s, assistentes sociais, jornalistas e pedagogas far\u00e3o uma imers\u00e3o no assentamento, hospedados nas casas dos agricultores, para experimentar o cotidiano, as lutas, dificuldades, labutas, esperan\u00e7as e realiza\u00e7\u00f5es das fam\u00edlias resgatadas da exclus\u00e3o pela resist\u00eancia. Na primeira parte, fiz s\u00edntese da quest\u00e3o agr\u00e1ria no Brasil, do per\u00edodo colonial \u00e0 Constituinte de 1987-88, e a ex-aluna, valorosa colega e incans\u00e1vel militante Mariana Trotta exp\u00f4s as dificuldades e desafios da reforma agr\u00e1ria em terras fluminenses.Depois, o primeiro \u00abrol\u00ea\u00bb pelo s\u00edtio e o delicioso almo\u00e7o no refeit\u00f3rio, com arroz, feij\u00e3o, o melhor aipim do Rio, frango, bolinho de legumes, salada, refresco de caju e uma ador\u00e1vel del\u00edcia de lim\u00e3o na sobremesa (clandestinamente, devo confessar, provei as tr\u00eas variedades de cacha\u00e7a das Minas profundas, que Flavio guarda a sete chaves rs). \u00a0Na volta, aula-rel\u00e2mpago sobre manejo de serpentes (as naturais, menos assustadoras que as pol\u00edticas e acad\u00eamicas), que despertou a previs\u00edvel gritaria entre a mulherada (em breve, meu momento Alice Cooper aqui&#8230;). Depois, explana\u00e7\u00f5es sobre a hist\u00f3ria da ocupa\u00e7\u00e3o e do assentamento Roseli Nunes (em homenagem \u00e0 personagem t\u00edtulo do contundente document\u00e1rio Terra para Rose, tem no iutube), \u00a0feita tb por Mariana, e instru\u00e7\u00f5es pr\u00e1ticas sobre a Viv\u00eancia feitas pelo ex-aluno e militante Renato. Pra encerrar, a bela fala-s\u00edntese de Luiza Helena, diretora do Servi\u00e7o Social, criadora das Viv\u00eancias, for\u00e7a motriz e inspira\u00e7\u00e3o de tudo que a PUC-Rio faz de melhor em extens\u00e3o para os pobres e exclu\u00eddos do Rio e Baixada. Esclarecimento, emo\u00e7\u00e3o, sensibilidade despertada para os pequeninos que lutam, a fim de estimular na garotada \u00abessa contemporaneidade com o amanh\u00e3 dos que n\u00e3o t\u00eam ontem nem hoje\u00bb, de que falou insuperavelmente o centen\u00e1rio Vinicius de Moraes. J\u00e1 no Rio, noite instalada, nada mais decente do que brindar a \u00abjornada vitoriosa\u00bb (apud Fabio Zardo) com algumas gelad\u00edssimas no Pires, ex-Rainha do Mar, Gavea. \u00a0Muito mais do que a exaust\u00e3o (de s\u00e1bado passado a este estive em Caxias, Cinel\u00e2ndia, Sampa, Porto Alegre\/S\u00e3o Leopoldo e Nova Igua\u00e7u a propagar a luta pelos direitos), o que circula agora nas veteranas veias \u00e9 a alegria da entrega incondicional ao desejo de contribuir para a constru\u00e7\u00e3o de um mundo que certamente n\u00e3o verei, mas n\u00e3o importa: ele vir\u00e1, pelas m\u00e3os dessa(e)s menina(o)s, dessa jovem octogen\u00e1ria, e da(o)s que vir\u00e3o depois dela(e)s. Viva a vida, viva a resist\u00eancia, viva o poder constituinte que h\u00e1 25 anos fincou nova estaca de Direito na luta pela Justi\u00e7a! Boa noite e boa sorte!<\/p><\/div>\n<\/div>\n<\/div>\n<div>\n<div id=\":2x8\"><a id=\":3hx\" tabindex=\"-1\" href=\"https:\/\/mail.google.com\/mail\/u\/0\/?ui=2&#038;ik=a65cc00123&#038;view=att&#038;th=1422a1c7fae0c92e&#038;attid=0.1&#038;disp=safe&#038;realattid=f_hnnms5i40&#038;zw\" target=\"_blank\" rel=\"noopener\"><\/a><\/p>\n<div><a id=\":3hx\" tabindex=\"-1\" href=\"https:\/\/mail.google.com\/mail\/u\/0\/?ui=2&#038;ik=a65cc00123&#038;view=att&#038;th=1422a1c7fae0c92e&#038;attid=0.1&#038;disp=safe&#038;realattid=f_hnnms5i40&#038;zw\" target=\"_blank\" rel=\"noopener\"><img decoding=\"async\" id=\":3mh\" src=\"https:\/\/mail.google.com\/mail\/u\/0\/?ui=2&#038;ik=a65cc00123&#038;view=att&#038;th=1422a1c7fae0c92e&#038;attid=0.1&#038;disp=thd&#038;realattid=f_hnnms5i40&#038;zw\" alt=\"\" \/><\/a><\/p>\n<div id=\":3ft\">\n<div><a id=\":3hx\" tabindex=\"-1\" href=\"https:\/\/mail.google.com\/mail\/u\/0\/?ui=2&#038;ik=a65cc00123&#038;view=att&#038;th=1422a1c7fae0c92e&#038;attid=0.1&#038;disp=safe&#038;realattid=f_hnnms5i40&#038;zw\" target=\"_blank\" rel=\"noopener\"><img decoding=\"async\" id=\":37a\" title=\"Imagem\" src=\"https:\/\/ssl.gstatic.com\/docs\/doclist\/images\/mediatype\/icon_1_image_x16.png\" alt=\"\" \/><\/a><\/div>\n<div>\n<div><a id=\":3hx\" tabindex=\"-1\" href=\"https:\/\/mail.google.com\/mail\/u\/0\/?ui=2&#038;ik=a65cc00123&#038;view=att&#038;th=1422a1c7fae0c92e&#038;attid=0.1&#038;disp=safe&#038;realattid=f_hnnms5i40&#038;zw\" target=\"_blank\" rel=\"noopener\">vivenciasI.jpg<\/a><\/div>\n<\/div>\n<\/div>\n<\/div>\n<\/div>\n<\/div>\n<\/div>\n<p><\/p>","protected":false},"excerpt":{"rendered":"<p>NOTA: Compartilhamos esse belo relato do professor Adriano Pilatti acerca de uma experi\u00eancia exitosa de aproxima\u00e7\u00e3o de universit\u00e1rios com os movimentos sociais, na esperan\u00e7a de que inspire pr\u00e1ticas semelhantes e contribua para a forma\u00e7\u00e3o de profissionais comprometidos com as necess\u00e1rias transforma\u00e7\u00f5es sociais em nosso pa\u00eds! Encerramos hoje (27 de outubro) no Assentamento Roseli Nunes, Pira\u00ed [&hellip;]<\/p>\n","protected":false},"author":13,"featured_media":0,"comment_status":"open","ping_status":"closed","sticky":false,"template":"","format":"standard","meta":{"inline_featured_image":false,"footnotes":""},"categories":[1],"tags":[],"anos":[],"projetos":[],"autorias":[],"eixos_tematicos":[],"locais":[],"pessoas":[],"estado":[],"academia":[],"sociedade_civil":[],"class_list":["post-7378","post","type-post","status-publish","format-standard","hentry","category-noticias"],"_links":{"self":[{"href":"https:\/\/forumjustica.com.br\/es\/wp-json\/wp\/v2\/posts\/7378","targetHints":{"allow":["GET"]}}],"collection":[{"href":"https:\/\/forumjustica.com.br\/es\/wp-json\/wp\/v2\/posts"}],"about":[{"href":"https:\/\/forumjustica.com.br\/es\/wp-json\/wp\/v2\/types\/post"}],"author":[{"embeddable":true,"href":"https:\/\/forumjustica.com.br\/es\/wp-json\/wp\/v2\/users\/13"}],"replies":[{"embeddable":true,"href":"https:\/\/forumjustica.com.br\/es\/wp-json\/wp\/v2\/comments?post=7378"}],"version-history":[{"count":1,"href":"https:\/\/forumjustica.com.br\/es\/wp-json\/wp\/v2\/posts\/7378\/revisions"}],"predecessor-version":[{"id":17460,"href":"https:\/\/forumjustica.com.br\/es\/wp-json\/wp\/v2\/posts\/7378\/revisions\/17460"}],"wp:attachment":[{"href":"https:\/\/forumjustica.com.br\/es\/wp-json\/wp\/v2\/media?parent=7378"}],"wp:term":[{"taxonomy":"category","embeddable":true,"href":"https:\/\/forumjustica.com.br\/es\/wp-json\/wp\/v2\/categories?post=7378"},{"taxonomy":"post_tag","embeddable":true,"href":"https:\/\/forumjustica.com.br\/es\/wp-json\/wp\/v2\/tags?post=7378"},{"taxonomy":"anos","embeddable":true,"href":"https:\/\/forumjustica.com.br\/es\/wp-json\/wp\/v2\/anos?post=7378"},{"taxonomy":"projetos","embeddable":true,"href":"https:\/\/forumjustica.com.br\/es\/wp-json\/wp\/v2\/projetos?post=7378"},{"taxonomy":"autorias","embeddable":true,"href":"https:\/\/forumjustica.com.br\/es\/wp-json\/wp\/v2\/autorias?post=7378"},{"taxonomy":"eixos_tematicos","embeddable":true,"href":"https:\/\/forumjustica.com.br\/es\/wp-json\/wp\/v2\/eixos_tematicos?post=7378"},{"taxonomy":"locais","embeddable":true,"href":"https:\/\/forumjustica.com.br\/es\/wp-json\/wp\/v2\/locais?post=7378"},{"taxonomy":"pessoas","embeddable":true,"href":"https:\/\/forumjustica.com.br\/es\/wp-json\/wp\/v2\/pessoas?post=7378"},{"taxonomy":"estado","embeddable":true,"href":"https:\/\/forumjustica.com.br\/es\/wp-json\/wp\/v2\/estado?post=7378"},{"taxonomy":"academia","embeddable":true,"href":"https:\/\/forumjustica.com.br\/es\/wp-json\/wp\/v2\/academia?post=7378"},{"taxonomy":"sociedade_civil","embeddable":true,"href":"https:\/\/forumjustica.com.br\/es\/wp-json\/wp\/v2\/sociedade_civil?post=7378"}],"curies":[{"name":"wp","href":"https:\/\/api.w.org\/{rel}","templated":true}]}}