{"id":7440,"date":"2013-11-12T11:00:26","date_gmt":"2013-11-12T13:00:26","guid":{"rendered":"https:\/\/forumjustica.vlannetwork.com\/?p=7440"},"modified":"2022-09-04T21:15:53","modified_gmt":"2022-09-05T00:15:53","slug":"pesquisa-denuncia-perversidade-do-racismo-brasileiro","status":"publish","type":"post","link":"https:\/\/forumjustica.com.br\/es\/pesquisa-denuncia-perversidade-do-racismo-brasileiro\/","title":{"rendered":"Pesquisa denuncia perversidade do racismo brasileiro"},"content":{"rendered":"<p><a href=\"http:\/\/ujs.org.br\/portal\/wp-content\/uploads\/2013\/10\/genocidio_da_juventude_negra50576.jpg\"><img loading=\"lazy\" decoding=\"async\" title=\"genocidio_da_juventude_negra50576\" src=\"http:\/\/ujs.org.br\/portal\/wp-content\/uploads\/2013\/10\/genocidio_da_juventude_negra50576.jpg\" alt=\"\" width=\"600\" height=\"423\" \/><\/a><\/p>\n<p>O cap\u00edtulo Seguran\u00e7a P\u00fablica e Racismo Institucional, da quarta edi\u00e7\u00e3o do Boletim de An\u00e1lise Pol\u00edtico-Institucional (Bapi) do Instituto de Pesquisa econ\u00f4mica Aplicada (Ipea), divulgado nesta quinta-feira (17), mostra mais uma vez a necessidade de pol\u00edticas p\u00fablicas de combate ao racismo no pa\u00eds (saiba mais<a title=\"http:\/\/www.ipea.gov.br\/portal\/images\/stories\/PDFs\/boletim_analise_politico\/131017_bapi4_daniel_racismo.pdf\" href=\"http:\/\/www.ipea.gov.br\/portal\/images\/stories\/PDFs\/boletim_analise_politico\/131017_bapi4_daniel_racismo.pdf\" target=\"_blank\" rel=\"noopener\">aqui<\/a>).<\/p>\n<p>Os n\u00fameros s\u00e3o assustadores e apresentam a viol\u00eancia como principal tra\u00e7o da discrimina\u00e7\u00e3o, mesmo o racismo sendo considerado\u00a0<a title=\"http:\/\/www.planalto.gov.br\/ccivil_03\/leis\/l7716.htm\" href=\"http:\/\/www.planalto.gov.br\/ccivil_03\/leis\/l7716.htm\" target=\"_blank\" rel=\"noopener\">crime inafian\u00e7\u00e1vel <\/a>pela Constitui\u00e7\u00e3o Federal. A Pesquisa Nacional de Vitimiza\u00e7\u00e3o mostra que 6,5% dos negros que sofreram uma agress\u00e3o no ano anterior \u00e0 coleta dos dados pelo IBGE, em 2010, tiveram como agressores policiais ou seguran\u00e7as privados (que muitas vezes s\u00e3o policiais trabalhando nos hor\u00e1rios de folga), contra 3,7% dos brancos.<\/p>\n<p>O racismo brasileiro foi forjado no per\u00edodo do Brasil-col\u00f4nia para justificar a escravid\u00e3o, quando os negros eram coisificados, tratada como m\u00e1quinas produtivas somente. Essa ideologia fincou bases na elite branca durante os s\u00e9culos e permanece na mentalidade ainda hoje em muitos setores da sociedade. \u201cSer negro corresponde a fazer parte de uma popula\u00e7\u00e3o de risco: a cada tr\u00eas assassinatos, dois s\u00e3o de negros\u201d, afirmam os autores do estudo, Almir Oliveira J\u00fanior e Ver\u00f4nica Couto de Ara\u00fajo Lima.<\/p>\n<p>J\u00e1 o respons\u00e1vel pela pesquisa, Daniel Cerqueira afirma que \u201co negro \u00e9 discriminado duas vezes: pela condi\u00e7\u00e3o social e pela cor da pele\u201d. Para comprovar as afirma\u00e7\u00f5es, Cerqueira apresentou estat\u00edstica demonstrando que as maiores v\u00edtimas de homic\u00eddios no Brasil s\u00e3o homens jovens e negros, \u201cnuma propor\u00e7\u00e3o 135% maior do que os n\u00e3o negros: enquanto a taxa de homic\u00eddios de negros \u00e9 de 36,5 por 100 mil habitantes. No caso de brancos, a rela\u00e7\u00e3o \u00e9 de 15,5 por 100 mil habitantes\u201d.<\/p>\n<p>Isso tem como consequ\u00eancia, segundo Cerqueira, uma perda de expectativa de vida devido \u00e0 viol\u00eancia letal 114% maior para negros, em rela\u00e7\u00e3o aos homic\u00eddios: \u201cEnquanto o homem negro perde 1,73 ano de expectativa de vida (20 meses e meio) ao nascer, a perda do branco \u00e9 de 0,71 ano, o que equivale a oito meses e meio.\u201d<br \/>\nEssa pesquisa al\u00e9m de denunciar essa face cruel do racismo no pa\u00eds, comprova tamb\u00e9m o acerto das pol\u00edticas afirmativas com cotas para negros nas universidades federais e que isso deve ser estendido para outros setores, como o trabalho, com intuito de construir a igualdade racial na sociedade brasileira.<\/p>\n<p>Leia o boletim completo<a title=\"http:\/\/www.ipea.gov.br\/portal\/images\/stories\/PDFs\/boletim_analise_politico\/1301017_boletim_analisepolitico_04.pdf\" href=\"http:\/\/www.ipea.gov.br\/portal\/images\/stories\/PDFs\/boletim_analise_politico\/1301017_boletim_analisepolitico_04.pdf\" target=\"_blank\" rel=\"noopener\"> aqui<\/a>.<\/p>\n<p>Por Marcos Aur\u00e9lio Ruy, da reda\u00e7\u00e3o com ag\u00eancias<\/p>\n<p>&nbsp;<\/p>\n<p><a href=\"http:\/\/ujs.org.br\/portal\/?p=20503\">http:\/\/ujs.org.br\/portal\/?p=20503<\/a><\/p>\n<p>&nbsp;<\/p>\n","protected":false},"excerpt":{"rendered":"<p>O cap\u00edtulo Seguran\u00e7a P\u00fablica e Racismo Institucional, da quarta edi\u00e7\u00e3o do Boletim de An\u00e1lise Pol\u00edtico-Institucional (Bapi) do Instituto de Pesquisa econ\u00f4mica Aplicada (Ipea), divulgado nesta quinta-feira (17), mostra mais uma vez a necessidade de pol\u00edticas p\u00fablicas de combate ao racismo no pa\u00eds (saiba maisaqui). Os n\u00fameros s\u00e3o assustadores e apresentam a viol\u00eancia como principal tra\u00e7o [&hellip;]<\/p>\n","protected":false},"author":13,"featured_media":0,"comment_status":"open","ping_status":"closed","sticky":false,"template":"","format":"standard","meta":{"inline_featured_image":false,"footnotes":""},"categories":[1],"tags":[],"anos":[],"projetos":[],"autorias":[],"eixos_tematicos":[],"locais":[],"pessoas":[],"estado":[],"academia":[],"sociedade_civil":[],"class_list":["post-7440","post","type-post","status-publish","format-standard","hentry","category-noticias"],"_links":{"self":[{"href":"https:\/\/forumjustica.com.br\/es\/wp-json\/wp\/v2\/posts\/7440","targetHints":{"allow":["GET"]}}],"collection":[{"href":"https:\/\/forumjustica.com.br\/es\/wp-json\/wp\/v2\/posts"}],"about":[{"href":"https:\/\/forumjustica.com.br\/es\/wp-json\/wp\/v2\/types\/post"}],"author":[{"embeddable":true,"href":"https:\/\/forumjustica.com.br\/es\/wp-json\/wp\/v2\/users\/13"}],"replies":[{"embeddable":true,"href":"https:\/\/forumjustica.com.br\/es\/wp-json\/wp\/v2\/comments?post=7440"}],"version-history":[{"count":1,"href":"https:\/\/forumjustica.com.br\/es\/wp-json\/wp\/v2\/posts\/7440\/revisions"}],"predecessor-version":[{"id":17450,"href":"https:\/\/forumjustica.com.br\/es\/wp-json\/wp\/v2\/posts\/7440\/revisions\/17450"}],"wp:attachment":[{"href":"https:\/\/forumjustica.com.br\/es\/wp-json\/wp\/v2\/media?parent=7440"}],"wp:term":[{"taxonomy":"category","embeddable":true,"href":"https:\/\/forumjustica.com.br\/es\/wp-json\/wp\/v2\/categories?post=7440"},{"taxonomy":"post_tag","embeddable":true,"href":"https:\/\/forumjustica.com.br\/es\/wp-json\/wp\/v2\/tags?post=7440"},{"taxonomy":"anos","embeddable":true,"href":"https:\/\/forumjustica.com.br\/es\/wp-json\/wp\/v2\/anos?post=7440"},{"taxonomy":"projetos","embeddable":true,"href":"https:\/\/forumjustica.com.br\/es\/wp-json\/wp\/v2\/projetos?post=7440"},{"taxonomy":"autorias","embeddable":true,"href":"https:\/\/forumjustica.com.br\/es\/wp-json\/wp\/v2\/autorias?post=7440"},{"taxonomy":"eixos_tematicos","embeddable":true,"href":"https:\/\/forumjustica.com.br\/es\/wp-json\/wp\/v2\/eixos_tematicos?post=7440"},{"taxonomy":"locais","embeddable":true,"href":"https:\/\/forumjustica.com.br\/es\/wp-json\/wp\/v2\/locais?post=7440"},{"taxonomy":"pessoas","embeddable":true,"href":"https:\/\/forumjustica.com.br\/es\/wp-json\/wp\/v2\/pessoas?post=7440"},{"taxonomy":"estado","embeddable":true,"href":"https:\/\/forumjustica.com.br\/es\/wp-json\/wp\/v2\/estado?post=7440"},{"taxonomy":"academia","embeddable":true,"href":"https:\/\/forumjustica.com.br\/es\/wp-json\/wp\/v2\/academia?post=7440"},{"taxonomy":"sociedade_civil","embeddable":true,"href":"https:\/\/forumjustica.com.br\/es\/wp-json\/wp\/v2\/sociedade_civil?post=7440"}],"curies":[{"name":"wp","href":"https:\/\/api.w.org\/{rel}","templated":true}]}}