{"id":7442,"date":"2013-11-08T09:00:07","date_gmt":"2013-11-08T11:00:07","guid":{"rendered":"https:\/\/forumjustica.vlannetwork.com\/?p=7442"},"modified":"2022-09-04T21:15:53","modified_gmt":"2022-09-05T00:15:53","slug":"audiencia-publica-em-1311-debate-proposta-de-cotas-para-concursos-da-defensoria-de-sao-paulo-2","status":"publish","type":"post","link":"https:\/\/forumjustica.com.br\/es\/audiencia-publica-em-1311-debate-proposta-de-cotas-para-concursos-da-defensoria-de-sao-paulo-2\/","title":{"rendered":"Audi\u00eancia P\u00fablica em 13\/11 debate proposta de cotas para concursos da Defensoria de S\u00e3o Paulo"},"content":{"rendered":"<p><a href=\"https:\/\/forumjustica.com.br\/wp-content\/uploads\/2013\/11\/OUVIDORIA-DPESP1.jpg\"><img loading=\"lazy\" decoding=\"async\" class=\"aligncenter size-medium wp-image-7443\" title=\"OUVIDORIA DPESP\" src=\"https:\/\/forumjustica.com.br\/wp-content\/uploads\/2013\/11\/OUVIDORIA-DPESP1-300x104.jpg\" alt=\"\" width=\"300\" height=\"104\" \/><\/a><\/p>\n<p><strong>Convite<\/strong><\/p>\n<p><em>Dennis de Oliveira, Evandro Piza Duarte, Lilian Furquim abrir\u00e3o debate; Silvio Luiz de Almeida apresentar\u00e1 proposta para ser complementada pelas pessoas presentes<\/em><\/p>\n<p>Na noite de\u00a0<strong>13\/11, quarta-feira, \u00e0s <\/strong>19h, a uma semana do Dia da Consci\u00eancia Negra, o tema \u201c<strong>Cotas em Concursos P\u00fablicos da Defensoria\u201d<\/strong> ser\u00e1 debatido com todas as pessoas interessadas, em\u00a0<strong>Audi\u00eancia P\u00fablica<\/strong> promovida pela Escola da Defensoria P\u00fablica de S\u00e3o Paulo (EDEPE), pelo N\u00facleo Especializado de Combate \u00e0 Discrimina\u00e7\u00e3o, Racismo e Preconceito, pela\u00a0Ouvidoria-Geral\u00a0da institui\u00e7\u00e3o e pelo Instituto Luiz Gama.<\/p>\n<p>O evento acontece no\u00a0<strong>audit\u00f3rio da Defensoria, na Rua Boa Vista, 200<\/strong>, t\u00e9rreo, em S\u00e3o Paulo, SP. Inscri\u00e7\u00f5es podem ser feitas antecipadamente, pelo e-mail\u00a0<a href=\"mailto:nucleo.discriminacao@defensoria.sp.gov.br\" target=\"_blank\" rel=\"noopener\">nucleo.discriminacao@defensoria.sp.gov.br<\/a>, ou na hora do evento. O audit\u00f3rio tem capacidade para 80 pessoas.<\/p>\n<p>A primeira atividade da noite ser\u00e1 um debate sobre a import\u00e2ncia das A\u00e7\u00f5es Afirmativas no Brasil, com falas de\u00a0<strong>Dennis de Oliveira<\/strong>, Professor da Escola de Comunica\u00e7\u00f5es e Artes da Universidade de S\u00e3o Paulo (USP) e membro do N\u00facleo de Estudos Interdisciplinares do Negro Brasileiro (Neinb),<strong> Evandro Piza Duarte<\/strong>, Professor e L\u00edder do Grupo de Estudos em Desigualdade e Discrimina\u00e7\u00e3o da Universidade de Bras\u00edlia (UnB), autor do livro \u201cCotas Raciais no Ensino Superior\u201d, e\u00a0<strong>Lilian Furquim<\/strong>, Professora e Coordenadora de Pesquisa da Escola de Economia de S\u00e3o Paulo (FGV\/EESP) e Integrante do Conselho Consultivo da\u00a0Ouvidoria-Geral\u00a0da Defensoria.<\/p>\n<p>Na sequ\u00eancia, ser\u00e1 aberta discuss\u00e3o sobre o texto de uma\u00a0<strong>Proposta de Delibera\u00e7\u00e3o para o Conselho Superior<\/strong> da Defensoria, prevendo que os pr\u00f3ximos concursos da institui\u00e7\u00e3o contemplem o sistema de cotas em seus Editais.\u00a0<strong>Silvio Luiz de Almeida<\/strong>, Presidente do Instituto Luiz Gama, Doutor em Direito pela USP e Membro do Conselho Consultivo da\u00a0Ouvidoria-Geralda Defensoria, conduzir\u00e1 o debate para consolidar a Proposta.<br \/>\n<strong><br \/>\nReivindica\u00e7\u00e3o antiga<\/strong><\/p>\n<p>A sugest\u00e3o de ado\u00e7\u00e3o de cotas \u00e9tnico-raciais em concursos da Defensoria j\u00e1 foi apresentada pela sociedade civil \u00e0 Defensoria em diversas oportunidades. A pauta estava presente no anteprojeto de Lei de cria\u00e7\u00e3o da Defensoria Paulista, constru\u00eddo pelo<em>Movimento pela Defensoria<\/em>, foi reiterada nos Ciclos de Confer\u00eancias da institui\u00e7\u00e3o e, ainda, retomada por representantes da sociedade civil (Instituto Pr\u00e1xis de Direitos Humanos e Pastoral Carcer\u00e1ria) no Momento Aberto do Conselho Superior em outubro de 2012.<\/p>\n<p>Em julho de 2013, por ocasi\u00e3o da abertura do \u00faltimo concurso da Defensoria, a\u00a0Ouvidoria-Geral\u00a0da institui\u00e7\u00e3o questionou o Conselho Superior, que regulamenta os concursos da institui\u00e7\u00e3o, sobre a previs\u00e3o\u00a0da pol\u00edtica de cotas e apresentou Parecer sobre o tema, produzido por Silvio Luiz de Almeida.\u00a0<strong><span style=\"text-decoration: underline;\"><a href=\"http:\/\/www.defensoria.sp.gov.br\/dpesp\/Repositorio\/23\/Documentos\/2013%2007%2012_Peticao_CSDP_COTAS_ComAnexos_LZ.pdf\" target=\"_blank\" rel=\"noopener\">Clique aqui e leia o Parecer<\/a><\/span><\/strong><\/p>\n<p>O Conselho Superior deliberou por n\u00e3o contemplar o sistema de cotas \u00e9tnico-raciais naquele momento, mas solicitou \u00e0 Ouvidoria a apresenta\u00e7\u00e3o de uma proposta formal para que fosse feita a inclus\u00e3o para os pr\u00f3ximos concursos.<\/p>\n<p>\u00a0<\/p>\n<p><strong><span style=\"text-decoration: underline;\">Servi\u00e7o:<\/span><\/strong><\/p>\n<p><strong>Audi\u00eancia P\u00fablica: Cotas nos Concursos da Defensoria P\u00fablica<\/strong><\/p>\n<p><strong>Quando: <\/strong>Dia 13\/11, quarta-feira, das\u00a019h00\u00a0\u00e0s 22h00<strong> <\/strong><\/p>\n<p><strong>Onde: <\/strong>Audit\u00f3rio da Defensoria P\u00fablica &#8211; Rua Boa Vista, 200, t\u00e9rreo, S\u00e3o Paulo, SP<strong> <\/strong><\/p>\n<p><strong> <\/strong><\/p>\n<p><strong>Inscri\u00e7\u00f5es pr\u00e9vias*: <\/strong><strong><strong><strong><strong><strong><strong><strong><strong><a href=\"mailto:nucleo.discriminacao@defensoria.sp.gov.br\" target=\"_blank\" rel=\"noopener\">nucleo.discriminacao@defensoria.sp.gov.br<\/a><\/strong><\/strong><\/strong><\/strong><\/strong><\/strong><\/strong><\/strong><strong> <\/strong><\/p>\n<p><em>*Ser\u00e3o aceitas inscri\u00e7\u00f5es no dia do evento; vagas limitadas, de acordo com a capacidade do Audit\u00f3rio (80 lugares).<\/em><\/p>\n<p><strong> <\/strong><\/p>\n<p><strong> <\/strong><\/p>\n<p>\u00a0<\/p>\n<p><strong>Programa\u00e7\u00e3o:<\/strong><\/p>\n<p><strong><strong> <\/strong><strong><strong> <\/strong><\/strong><strong><strong><strong>18h30<\/strong><\/strong><\/strong> \u2013 Credenciamento\/inscri\u00e7\u00f5es e caf\u00e9 de boas vindas<\/strong><\/p>\n<p><strong><strong> <\/strong><strong><strong> <\/strong><\/strong><strong><strong><strong>19h00<\/strong><\/strong><\/strong> \u2013 Mesa de Abertura: <\/strong>EDEPE, N\u00facleo de Combate \u00e0 Discrimina\u00e7\u00e3o, Racismo e Preconceito,\u00a0Ouvidoria-Geral\u00a0da Defensoria e Instituto Luiz Gama<strong> <\/strong><\/p>\n<p><strong><strong> <\/strong><strong><strong> <\/strong><\/strong><strong><strong><strong>19h30<\/strong><\/strong><\/strong> \u2013 A\u00e7\u00f5es Afirmativas: import\u00e2ncia no contexto atual brasileiro<\/strong><\/p>\n<p>Dennis de Oliveira, Evandro Piza Duarte e Lilian Furquim<\/p>\n<p><strong><strong> <\/strong><strong><strong> <\/strong><\/strong><strong><strong><strong>20h30<\/strong><\/strong><\/strong> \u2013 Apresenta\u00e7\u00e3o e debate de Proposta de Cotas para os concursos da Defensoria<\/strong><\/p>\n<p>Silvio Luiz de Almeida<\/p>\n<p><strong> <\/strong><\/p>\n<p><strong>Mais informa\u00e7\u00f5es: <\/strong><a href=\"http:\/\/www.defensoria.sp.gov.br\/dpesp\/discriminacao\" target=\"_blank\" rel=\"noopener\">http<\/a><a href=\"http:\/\/www.defensoria.sp.gov.br\/dpesp\/discriminacao\" target=\"_blank\" rel=\"noopener\">:\/\/www.defensoria.sp.gov.br\/dpesp\/discriminacao<\/a><strong> <\/strong><\/p>\n<p><strong> <\/strong><\/p>\n<p><strong> <\/strong><\/p>\n<p>\u00a0<\/p>\n<p><strong>Saiba mais e acompanhe<\/strong><\/p>\n<p><strong><\/strong><\/p>\n<p><strong>Acesse a p\u00e1gina da <\/strong><strong><a href=\"http:\/\/www.defensoria.sp.gov.br\/dpesp\/Default.aspx?idPagina=2881\" target=\"_blank\" rel=\"noopener\">Ouvidoria<\/a> <\/strong><strong>na internet<\/strong><\/p>\n<p><strong>Acompanhe a Ouvidoria nas redes sociais<\/strong><\/p>\n<table border=\"0\" cellspacing=\"0\" cellpadding=\"0\">\n<tbody>\n<tr>\n<td width=\"57\" valign=\"bottom\">\u00a0<\/p>\n<p><a href=\"https:\/\/www.facebook.com\/OuvidoriaGeralDPESP\" target=\"_blank\" rel=\"noopener\"><\/a><\/td>\n<td width=\"57\" valign=\"bottom\">\u00a0<\/p>\n<p><a href=\"http:\/\/www.youtube.com\/OuvidoriaGeralDPESP\" target=\"_blank\" rel=\"noopener\"><\/a><\/td>\n<td width=\"57\" valign=\"bottom\">\u00a0<\/p>\n<p><a href=\"https:\/\/twitter.com\/OuvidoriaDPESP\" target=\"_blank\" rel=\"noopener\"><\/a><\/td>\n<td width=\"57\" valign=\"bottom\">\u00a0<\/p>\n<p><a href=\"https:\/\/plus.google.com\/113102332890543892397\/photos?banner=pwa\" target=\"_blank\" rel=\"noopener\"><\/a><\/td>\n<\/tr>\n<tr>\n<td width=\"57\" valign=\"top\"><a href=\"https:\/\/www.facebook.com\/OuvidoriaGeralDPESP\" target=\"_blank\" rel=\"noopener\">Facebook<\/a><\/td>\n<td width=\"57\" valign=\"top\"><a href=\"http:\/\/www.youtube.com\/OuvidoriaGeralDPESP\" target=\"_blank\" rel=\"noopener\">Youtube<\/a><\/td>\n<td width=\"57\" valign=\"top\"><a href=\"http:\/\/twitter.com\/ouvidoriadpesp\" target=\"_blank\" rel=\"noopener\">Twitter<\/a><\/td>\n<td width=\"57\" valign=\"top\"><a href=\"https:\/\/plus.google.com\/113102332890543892397\/photos?banner=pwa\" target=\"_blank\" rel=\"noopener\">Google+<\/a><\/td>\n<\/tr>\n<\/tbody>\n<\/table>\n<p><strong><\/strong><\/p>\n<p><strong>Equipe da <\/strong>Ouvidoria-Geral<\/p>\n<table border=\"0\" cellspacing=\"0\" cellpadding=\"0\" width=\"470\">\n<tbody>\n<tr>\n<td width=\"225\" valign=\"top\">Ouvidora-Geral<\/td>\n<td width=\"246\" valign=\"top\">Luciana\u00a0Zaffalon<\/td>\n<\/tr>\n<tr>\n<td width=\"225\" valign=\"top\">Assessora T\u00e9cnica<\/p>\n<p>Assistente T\u00e9cnica II<\/td>\n<td width=\"246\" valign=\"top\">Cristina Uch\u00f4a<\/p>\n<p>Fernanda Barbosa\u00a0Euflauzino<\/td>\n<\/tr>\n<tr>\n<td width=\"225\" valign=\"top\">Assistente T\u00e9cnica I<\/p>\n<p>Assistente T\u00e9cnico I<\/td>\n<td width=\"246\" valign=\"top\">Fabiana\u00a0Borin<\/p>\n<p>Paulo C\u00e9sar\u00a0Malvezzi\u00a0Filho<\/td>\n<\/tr>\n<tr>\n<td width=\"225\" valign=\"top\">Administra\u00e7\u00e3o e Atendimento<\/td>\n<td width=\"246\" valign=\"top\">Pacelli Cartaxo Bastos<\/td>\n<\/tr>\n<tr>\n<td width=\"225\" valign=\"top\">Administra\u00e7\u00e3o e Atendimento<\/td>\n<td width=\"246\" valign=\"top\">Maria Cristina Ferreira Salerno<\/td>\n<\/tr>\n<tr>\n<td width=\"225\" valign=\"top\">Estagi\u00e1ria de Administra\u00e7\u00e3o<\/td>\n<td width=\"246\" valign=\"top\">Antonia Gomes de Oliveira<\/td>\n<\/tr>\n<tr>\n<td width=\"225\" valign=\"top\">Estagi\u00e1ria de Comunica\u00e7\u00e3o<\/p>\n<p>Estagi\u00e1rio de Ensino M\u00e9dio<\/td>\n<td width=\"246\" valign=\"top\">Karoline Lopes<br \/>\nHigor Silva<\/td>\n<\/tr>\n<\/tbody>\n<\/table>\n<p>\u00a0<\/p>","protected":false},"excerpt":{"rendered":"<p>Convite Dennis de Oliveira, Evandro Piza Duarte, Lilian Furquim abrir\u00e3o debate; Silvio Luiz de Almeida apresentar\u00e1 proposta para ser complementada pelas pessoas presentes Na noite de\u00a013\/11, quarta-feira, \u00e0s 19h, a uma semana do Dia da Consci\u00eancia Negra, o tema \u201cCotas em Concursos P\u00fablicos da Defensoria\u201d ser\u00e1 debatido com todas as pessoas interessadas, em\u00a0Audi\u00eancia P\u00fablica promovida [&hellip;]<\/p>\n","protected":false},"author":13,"featured_media":0,"comment_status":"open","ping_status":"closed","sticky":false,"template":"","format":"standard","meta":{"inline_featured_image":false,"footnotes":""},"categories":[1],"tags":[],"anos":[],"projetos":[],"autorias":[],"eixos_tematicos":[],"locais":[],"pessoas":[],"estado":[],"academia":[],"sociedade_civil":[],"class_list":["post-7442","post","type-post","status-publish","format-standard","hentry","category-noticias"],"_links":{"self":[{"href":"https:\/\/forumjustica.com.br\/es\/wp-json\/wp\/v2\/posts\/7442","targetHints":{"allow":["GET"]}}],"collection":[{"href":"https:\/\/forumjustica.com.br\/es\/wp-json\/wp\/v2\/posts"}],"about":[{"href":"https:\/\/forumjustica.com.br\/es\/wp-json\/wp\/v2\/types\/post"}],"author":[{"embeddable":true,"href":"https:\/\/forumjustica.com.br\/es\/wp-json\/wp\/v2\/users\/13"}],"replies":[{"embeddable":true,"href":"https:\/\/forumjustica.com.br\/es\/wp-json\/wp\/v2\/comments?post=7442"}],"version-history":[{"count":1,"href":"https:\/\/forumjustica.com.br\/es\/wp-json\/wp\/v2\/posts\/7442\/revisions"}],"predecessor-version":[{"id":17455,"href":"https:\/\/forumjustica.com.br\/es\/wp-json\/wp\/v2\/posts\/7442\/revisions\/17455"}],"wp:attachment":[{"href":"https:\/\/forumjustica.com.br\/es\/wp-json\/wp\/v2\/media?parent=7442"}],"wp:term":[{"taxonomy":"category","embeddable":true,"href":"https:\/\/forumjustica.com.br\/es\/wp-json\/wp\/v2\/categories?post=7442"},{"taxonomy":"post_tag","embeddable":true,"href":"https:\/\/forumjustica.com.br\/es\/wp-json\/wp\/v2\/tags?post=7442"},{"taxonomy":"anos","embeddable":true,"href":"https:\/\/forumjustica.com.br\/es\/wp-json\/wp\/v2\/anos?post=7442"},{"taxonomy":"projetos","embeddable":true,"href":"https:\/\/forumjustica.com.br\/es\/wp-json\/wp\/v2\/projetos?post=7442"},{"taxonomy":"autorias","embeddable":true,"href":"https:\/\/forumjustica.com.br\/es\/wp-json\/wp\/v2\/autorias?post=7442"},{"taxonomy":"eixos_tematicos","embeddable":true,"href":"https:\/\/forumjustica.com.br\/es\/wp-json\/wp\/v2\/eixos_tematicos?post=7442"},{"taxonomy":"locais","embeddable":true,"href":"https:\/\/forumjustica.com.br\/es\/wp-json\/wp\/v2\/locais?post=7442"},{"taxonomy":"pessoas","embeddable":true,"href":"https:\/\/forumjustica.com.br\/es\/wp-json\/wp\/v2\/pessoas?post=7442"},{"taxonomy":"estado","embeddable":true,"href":"https:\/\/forumjustica.com.br\/es\/wp-json\/wp\/v2\/estado?post=7442"},{"taxonomy":"academia","embeddable":true,"href":"https:\/\/forumjustica.com.br\/es\/wp-json\/wp\/v2\/academia?post=7442"},{"taxonomy":"sociedade_civil","embeddable":true,"href":"https:\/\/forumjustica.com.br\/es\/wp-json\/wp\/v2\/sociedade_civil?post=7442"}],"curies":[{"name":"wp","href":"https:\/\/api.w.org\/{rel}","templated":true}]}}