{"id":7472,"date":"2013-11-14T19:03:16","date_gmt":"2013-11-14T21:03:16","guid":{"rendered":"https:\/\/forumjustica.vlannetwork.com\/?p=7472"},"modified":"2022-09-04T21:15:52","modified_gmt":"2022-09-05T00:15:52","slug":"convite-lancamento-de-e-book-defensoria-publica-assessoria-juridica-popular-e-movimentos-sociais-populares-novos-caminhos-tracados-na-concretizacao-do-direito-de-acesso-a-justica","status":"publish","type":"post","link":"https:\/\/forumjustica.com.br\/es\/convite-lancamento-de-e-book-defensoria-publica-assessoria-juridica-popular-e-movimentos-sociais-populares-novos-caminhos-tracados-na-concretizacao-do-direito-de-acesso-a-justica\/","title":{"rendered":"Convite: lan\u00e7amento de e-book &quot;Defensoria P\u00fablica, Assessoria Jur\u00eddica Popular e Movimentos Sociais Populares: novos caminhos tra\u00e7ados na concretiza\u00e7\u00e3o do direito de acesso \u00e0 justi\u00e7a&quot;"},"content":{"rendered":"<p><a href=\"https:\/\/forumjustica.com.br\/wp-content\/uploads\/2013\/11\/convite-renap.jpg\"><img loading=\"lazy\" decoding=\"async\" class=\"aligncenter size-full wp-image-7473\" title=\"convite renap\" src=\"https:\/\/forumjustica.com.br\/wp-content\/uploads\/2013\/11\/convite-renap.jpg\" alt=\"\" width=\"960\" height=\"614\" \/><\/a>Oficina \u00abMobilizar para transformar!\u00bb, dia 13 de novembro no XI Congresso Nacional de Defensores P\u00fablicos<\/p>","protected":false},"excerpt":{"rendered":"<p>Oficina \u00abMobilizar para transformar!\u00bb, dia 13 de novembro no XI Congresso Nacional de Defensores P\u00fablicos<\/p>\n","protected":false},"author":13,"featured_media":0,"comment_status":"open","ping_status":"closed","sticky":false,"template":"","format":"standard","meta":{"inline_featured_image":false,"footnotes":""},"categories":[1],"tags":[],"anos":[],"projetos":[],"autorias":[],"eixos_tematicos":[],"locais":[],"pessoas":[],"estado":[],"academia":[],"sociedade_civil":[],"class_list":["post-7472","post","type-post","status-publish","format-standard","hentry","category-noticias"],"_links":{"self":[{"href":"https:\/\/forumjustica.com.br\/es\/wp-json\/wp\/v2\/posts\/7472","targetHints":{"allow":["GET"]}}],"collection":[{"href":"https:\/\/forumjustica.com.br\/es\/wp-json\/wp\/v2\/posts"}],"about":[{"href":"https:\/\/forumjustica.com.br\/es\/wp-json\/wp\/v2\/types\/post"}],"author":[{"embeddable":true,"href":"https:\/\/forumjustica.com.br\/es\/wp-json\/wp\/v2\/users\/13"}],"replies":[{"embeddable":true,"href":"https:\/\/forumjustica.com.br\/es\/wp-json\/wp\/v2\/comments?post=7472"}],"version-history":[{"count":1,"href":"https:\/\/forumjustica.com.br\/es\/wp-json\/wp\/v2\/posts\/7472\/revisions"}],"predecessor-version":[{"id":17448,"href":"https:\/\/forumjustica.com.br\/es\/wp-json\/wp\/v2\/posts\/7472\/revisions\/17448"}],"wp:attachment":[{"href":"https:\/\/forumjustica.com.br\/es\/wp-json\/wp\/v2\/media?parent=7472"}],"wp:term":[{"taxonomy":"category","embeddable":true,"href":"https:\/\/forumjustica.com.br\/es\/wp-json\/wp\/v2\/categories?post=7472"},{"taxonomy":"post_tag","embeddable":true,"href":"https:\/\/forumjustica.com.br\/es\/wp-json\/wp\/v2\/tags?post=7472"},{"taxonomy":"anos","embeddable":true,"href":"https:\/\/forumjustica.com.br\/es\/wp-json\/wp\/v2\/anos?post=7472"},{"taxonomy":"projetos","embeddable":true,"href":"https:\/\/forumjustica.com.br\/es\/wp-json\/wp\/v2\/projetos?post=7472"},{"taxonomy":"autorias","embeddable":true,"href":"https:\/\/forumjustica.com.br\/es\/wp-json\/wp\/v2\/autorias?post=7472"},{"taxonomy":"eixos_tematicos","embeddable":true,"href":"https:\/\/forumjustica.com.br\/es\/wp-json\/wp\/v2\/eixos_tematicos?post=7472"},{"taxonomy":"locais","embeddable":true,"href":"https:\/\/forumjustica.com.br\/es\/wp-json\/wp\/v2\/locais?post=7472"},{"taxonomy":"pessoas","embeddable":true,"href":"https:\/\/forumjustica.com.br\/es\/wp-json\/wp\/v2\/pessoas?post=7472"},{"taxonomy":"estado","embeddable":true,"href":"https:\/\/forumjustica.com.br\/es\/wp-json\/wp\/v2\/estado?post=7472"},{"taxonomy":"academia","embeddable":true,"href":"https:\/\/forumjustica.com.br\/es\/wp-json\/wp\/v2\/academia?post=7472"},{"taxonomy":"sociedade_civil","embeddable":true,"href":"https:\/\/forumjustica.com.br\/es\/wp-json\/wp\/v2\/sociedade_civil?post=7472"}],"curies":[{"name":"wp","href":"https:\/\/api.w.org\/{rel}","templated":true}]}}