{"id":7513,"date":"2013-11-21T09:00:35","date_gmt":"2013-11-21T11:00:35","guid":{"rendered":"https:\/\/forumjustica.vlannetwork.com\/?p=7513"},"modified":"2022-09-04T21:15:52","modified_gmt":"2022-09-05T00:15:52","slug":"seminario-constituicao-federal-de-1088-25-anos-de-defesa-dos-direitos-fundamentais-da-populacao-vulneravel-e-a-defensoria-publica","status":"publish","type":"post","link":"https:\/\/forumjustica.com.br\/es\/seminario-constituicao-federal-de-1088-25-anos-de-defesa-dos-direitos-fundamentais-da-populacao-vulneravel-e-a-defensoria-publica\/","title":{"rendered":"Semin\u00e1rio Constitui\u00e7\u00e3o Federal de 1088: 25 anos de Defesa dos Direitos Fundamentais da popula\u00e7\u00e3o vulner\u00e1vel e a Defensoria P\u00fablica"},"content":{"rendered":"<p>Clique <a href=\"https:\/\/forumjustica.com.br\/wp-content\/uploads\/2013\/11\/Folder-do-Semin\u00e1rio-25-anos-da-CF-88-EDEPE-e-ABCD.pdf\">aqui<\/a> para ver a programa\u00e7\u00e3o completa!<\/p>\n<p><a href=\"https:\/\/forumjustica.com.br\/wp-content\/uploads\/2013\/11\/evento-sp.png\"><img loading=\"lazy\" decoding=\"async\" class=\"aligncenter size-full wp-image-7514\" title=\"evento sp\" src=\"https:\/\/forumjustica.com.br\/wp-content\/uploads\/2013\/11\/evento-sp.png\" alt=\"\" width=\"318\" height=\"456\" \/><\/a><\/p>","protected":false},"excerpt":{"rendered":"<p>Clique aqui para ver a programa\u00e7\u00e3o completa!<\/p>\n","protected":false},"author":13,"featured_media":0,"comment_status":"open","ping_status":"closed","sticky":false,"template":"","format":"standard","meta":{"inline_featured_image":false,"footnotes":""},"categories":[1],"tags":[],"anos":[],"projetos":[],"autorias":[],"eixos_tematicos":[],"locais":[],"pessoas":[],"estado":[],"academia":[],"sociedade_civil":[],"class_list":["post-7513","post","type-post","status-publish","format-standard","hentry","category-noticias"],"_links":{"self":[{"href":"https:\/\/forumjustica.com.br\/es\/wp-json\/wp\/v2\/posts\/7513","targetHints":{"allow":["GET"]}}],"collection":[{"href":"https:\/\/forumjustica.com.br\/es\/wp-json\/wp\/v2\/posts"}],"about":[{"href":"https:\/\/forumjustica.com.br\/es\/wp-json\/wp\/v2\/types\/post"}],"author":[{"embeddable":true,"href":"https:\/\/forumjustica.com.br\/es\/wp-json\/wp\/v2\/users\/13"}],"replies":[{"embeddable":true,"href":"https:\/\/forumjustica.com.br\/es\/wp-json\/wp\/v2\/comments?post=7513"}],"version-history":[{"count":1,"href":"https:\/\/forumjustica.com.br\/es\/wp-json\/wp\/v2\/posts\/7513\/revisions"}],"predecessor-version":[{"id":17437,"href":"https:\/\/forumjustica.com.br\/es\/wp-json\/wp\/v2\/posts\/7513\/revisions\/17437"}],"wp:attachment":[{"href":"https:\/\/forumjustica.com.br\/es\/wp-json\/wp\/v2\/media?parent=7513"}],"wp:term":[{"taxonomy":"category","embeddable":true,"href":"https:\/\/forumjustica.com.br\/es\/wp-json\/wp\/v2\/categories?post=7513"},{"taxonomy":"post_tag","embeddable":true,"href":"https:\/\/forumjustica.com.br\/es\/wp-json\/wp\/v2\/tags?post=7513"},{"taxonomy":"anos","embeddable":true,"href":"https:\/\/forumjustica.com.br\/es\/wp-json\/wp\/v2\/anos?post=7513"},{"taxonomy":"projetos","embeddable":true,"href":"https:\/\/forumjustica.com.br\/es\/wp-json\/wp\/v2\/projetos?post=7513"},{"taxonomy":"autorias","embeddable":true,"href":"https:\/\/forumjustica.com.br\/es\/wp-json\/wp\/v2\/autorias?post=7513"},{"taxonomy":"eixos_tematicos","embeddable":true,"href":"https:\/\/forumjustica.com.br\/es\/wp-json\/wp\/v2\/eixos_tematicos?post=7513"},{"taxonomy":"locais","embeddable":true,"href":"https:\/\/forumjustica.com.br\/es\/wp-json\/wp\/v2\/locais?post=7513"},{"taxonomy":"pessoas","embeddable":true,"href":"https:\/\/forumjustica.com.br\/es\/wp-json\/wp\/v2\/pessoas?post=7513"},{"taxonomy":"estado","embeddable":true,"href":"https:\/\/forumjustica.com.br\/es\/wp-json\/wp\/v2\/estado?post=7513"},{"taxonomy":"academia","embeddable":true,"href":"https:\/\/forumjustica.com.br\/es\/wp-json\/wp\/v2\/academia?post=7513"},{"taxonomy":"sociedade_civil","embeddable":true,"href":"https:\/\/forumjustica.com.br\/es\/wp-json\/wp\/v2\/sociedade_civil?post=7513"}],"curies":[{"name":"wp","href":"https:\/\/api.w.org\/{rel}","templated":true}]}}