{"id":7596,"date":"2013-11-22T18:15:34","date_gmt":"2013-11-22T20:15:34","guid":{"rendered":"https:\/\/forumjustica.vlannetwork.com\/?p=7596"},"modified":"2022-09-04T21:15:52","modified_gmt":"2022-09-05T00:15:52","slug":"seminario-democracia-e-regimes-de-pacificacao","status":"publish","type":"post","link":"https:\/\/forumjustica.com.br\/es\/seminario-democracia-e-regimes-de-pacificacao\/","title":{"rendered":"SEMIN\u00c1RIO DEMOCRACIA E REGIMES DE PACIFICA\u00c7\u00c3O"},"content":{"rendered":"<p><a href=\"https:\/\/forumjustica.com.br\/wp-content\/uploads\/2013\/11\/Semin\u00e1rio-Democracia-e-Regimes-de-Pacifica\u00e7\u00e3o.jpg\"><img loading=\"lazy\" decoding=\"async\" src=\"https:\/\/forumjustica.com.br\/wp-content\/uploads\/2013\/11\/Semin\u00e1rio-Democracia-e-Regimes-de-Pacifica\u00e7\u00e3o-212x300.jpg\" alt=\"\" title=\"Semin\u00e1rio Democracia e Regimes de Pacifica\u00e7\u00e3o\" width=\"212\" height=\"300\" class=\"alignleft size-medium wp-image-7598\" \/><\/a><br \/>\nSEMIN\u00c1RIO DEMOCRACIA E REGIMES DE PACIFICA\u00c7\u00c3O<br \/>\n\u201cAMAR \u00e9 A MAR\u00c9 AMARILDO\u201d (Colectivo Projeta\u00e7\u00e3o, Rio de Janeiro)<\/p>\n<p>Rio de Janeiro, 25 e 26 de novembro de 2013<br \/>\nPUC-Rio Ed. da Amizade, Ala Frings<br \/>\nAudit\u00f3rio B8 \u2013 8o Andar<\/p>\n<p>Organiza\u00e7\u00e3o LABTeC\/PPGCI-UFRJ<br \/>\nApoio Departamento de Direito da PUC-Rio<\/p>\n<p>Coordena\u00e7\u00e3o:<br \/>\nGiuseppe Cocco, Gerardo Silva e Adriano Pilatti<br \/>\nComit\u00ea Acad\u00eamico:<br \/>\nLeonora Corsini, Noelle Resende, Andrea Mello, Fernanda Pradal<br \/>\nOrganiza\u00e7\u00e3o:<br \/>\nRociclei Silva<\/p>\n<p>PROGRAMA E COMPOSI\u00c7\u00c3O DAS MESAS<\/p>\n<p>Dia 1<br \/>\n9:00: Abertura \u2013 Exibi\u00e7\u00e3o do document\u00e1rio Eu, um Amarildo<\/p>\n<p>9:30: MESA 1 Regimes discursivos da Paz e da Guerra<br \/>\nGiuseppe Cocco \u2013 Prof. UFRJ<br \/>\nAndrea Mello, Noelle Resende e Fernanda Pradal &#8211; PUC-Rio<br \/>\nVictoria Sulocki \u2013 PUC-Rio<br \/>\nHugo Albuquerque \u2013 PUC-SP<br \/>\nModerador: Alexandre do Nascimento \u2013LABTeC\/UFRJ (Rio de Janeiro)<\/p>\n<p>12:00: Intervalo para almo\u00e7o<\/p>\n<p>14:00: MESA 2 O trabalho das metr\u00f3poles<br \/>\nGerardo Silva \u2013 UFABC (S\u00e3o Paulo)<br \/>\nRita Velloso \u2013 UFMG (Belo Horizonte)<br \/>\nJean Tible \u2013 FFH (S\u00e3o Paulo)<br \/>\nMaria dos Camel\u00f4s \u2013 Rio de Janeiro<br \/>\nModerador: Leonora Corsini \u2013 PPGCI-IBICT\/UFRJ (Rio de Janeiro)<\/p>\n<p>17:00: Intervalo para caf\u00e9<\/p>\n<p>18:00: Confer\u00eancia : O Poder Constituinte<br \/>\nOscar Vega (La Paz \u2013 Bolivia)<\/p>\n<p>19:00: Lan\u00e7amento do Livro MARX SELVAGEM de Jean Tible<\/p>\n<p>Dia 2<\/p>\n<p>09:00: MESA 3 RE\/cRio: Resist\u00eancia e Cria\u00e7\u00e3o no Rio e Janeiro<br \/>\nBruno Tarin \u2013 ECO\/UFRJ<br \/>\nRociclei Silva \u2013 PPGCI-IBICT\/UFRJ<br \/>\nLarissa Bery \u2013 ECO\/UFRJ<br \/>\nRodrigo Mello &#8211; PPGCSO\/UFJF<br \/>\nIconoclasistas \u2013 Buenos Aires<br \/>\nModerador: Clarissa Moreira UFF<\/p>\n<p>12:00: Intervalo para almo\u00e7o<\/p>\n<p>14:00: MESA 4 A cidade insurgente, a cidade do comum<br \/>\nAlexandre Mendes \u2013 PUC-Rio<br \/>\nPedro Mendes \u2013 PPGCI-IBICT\/UFRJ<br \/>\nBruno Cava \u2013 Unin\u00f4made<br \/>\nSilvio Pedrosa \u2013 Unin\u00f4made<br \/>\nErnesto FuentesBrito \u2013 Ocupa Camara<br \/>\nAdriano Pilatti \u2013 PUC-Rio<br \/>\nModerador: Bruno Stehling<\/p>\n<p>17:00: Intervalo para Caf\u00e9<\/p>\n<p>18:00: Confer\u00eancia de encerramento: Pol\u00edticas de Juventude\t Livia Tommasi \u2013 UFF (Rio de Janeiro)<\/p>\n<p>Debatedora: Sarita Albagli<br \/>\n<a href=\"https:\/\/forumjustica.com.br\/wp-content\/uploads\/2013\/11\/Semin\u00e1rio-Democracia-e-Regimes-de-Pacifica\u00e7\u00e3o.jpg\"><img loading=\"lazy\" decoding=\"async\" src=\"https:\/\/forumjustica.com.br\/wp-content\/uploads\/2013\/11\/Semin\u00e1rio-Democracia-e-Regimes-de-Pacifica\u00e7\u00e3o.jpg\" alt=\"\" title=\"Semin\u00e1rio Democracia e Regimes de Pacifica\u00e7\u00e3o\" width=\"679\" height=\"960\" class=\"aligncenter size-full wp-image-7598\" \/><\/a><br \/>\nDesign de Cartaz: Barbara Szaniecki<\/p>","protected":false},"excerpt":{"rendered":"<p>SEMIN\u00c1RIO DEMOCRACIA E REGIMES DE PACIFICA\u00c7\u00c3O \u201cAMAR \u00e9 A MAR\u00c9 AMARILDO\u201d (Colectivo Projeta\u00e7\u00e3o, Rio de Janeiro) Rio de Janeiro, 25 e 26 de novembro de 2013 PUC-Rio Ed. da Amizade, Ala Frings Audit\u00f3rio B8 \u2013 8o Andar Organiza\u00e7\u00e3o LABTeC\/PPGCI-UFRJ Apoio Departamento de Direito da PUC-Rio Coordena\u00e7\u00e3o: Giuseppe Cocco, Gerardo Silva e Adriano Pilatti Comit\u00ea Acad\u00eamico: [&hellip;]<\/p>\n","protected":false},"author":13,"featured_media":0,"comment_status":"open","ping_status":"closed","sticky":false,"template":"","format":"standard","meta":{"inline_featured_image":false,"footnotes":""},"categories":[1],"tags":[],"anos":[],"projetos":[],"autorias":[],"eixos_tematicos":[],"locais":[],"pessoas":[],"estado":[],"academia":[],"sociedade_civil":[],"class_list":["post-7596","post","type-post","status-publish","format-standard","hentry","category-noticias"],"_links":{"self":[{"href":"https:\/\/forumjustica.com.br\/es\/wp-json\/wp\/v2\/posts\/7596","targetHints":{"allow":["GET"]}}],"collection":[{"href":"https:\/\/forumjustica.com.br\/es\/wp-json\/wp\/v2\/posts"}],"about":[{"href":"https:\/\/forumjustica.com.br\/es\/wp-json\/wp\/v2\/types\/post"}],"author":[{"embeddable":true,"href":"https:\/\/forumjustica.com.br\/es\/wp-json\/wp\/v2\/users\/13"}],"replies":[{"embeddable":true,"href":"https:\/\/forumjustica.com.br\/es\/wp-json\/wp\/v2\/comments?post=7596"}],"version-history":[{"count":1,"href":"https:\/\/forumjustica.com.br\/es\/wp-json\/wp\/v2\/posts\/7596\/revisions"}],"predecessor-version":[{"id":17434,"href":"https:\/\/forumjustica.com.br\/es\/wp-json\/wp\/v2\/posts\/7596\/revisions\/17434"}],"wp:attachment":[{"href":"https:\/\/forumjustica.com.br\/es\/wp-json\/wp\/v2\/media?parent=7596"}],"wp:term":[{"taxonomy":"category","embeddable":true,"href":"https:\/\/forumjustica.com.br\/es\/wp-json\/wp\/v2\/categories?post=7596"},{"taxonomy":"post_tag","embeddable":true,"href":"https:\/\/forumjustica.com.br\/es\/wp-json\/wp\/v2\/tags?post=7596"},{"taxonomy":"anos","embeddable":true,"href":"https:\/\/forumjustica.com.br\/es\/wp-json\/wp\/v2\/anos?post=7596"},{"taxonomy":"projetos","embeddable":true,"href":"https:\/\/forumjustica.com.br\/es\/wp-json\/wp\/v2\/projetos?post=7596"},{"taxonomy":"autorias","embeddable":true,"href":"https:\/\/forumjustica.com.br\/es\/wp-json\/wp\/v2\/autorias?post=7596"},{"taxonomy":"eixos_tematicos","embeddable":true,"href":"https:\/\/forumjustica.com.br\/es\/wp-json\/wp\/v2\/eixos_tematicos?post=7596"},{"taxonomy":"locais","embeddable":true,"href":"https:\/\/forumjustica.com.br\/es\/wp-json\/wp\/v2\/locais?post=7596"},{"taxonomy":"pessoas","embeddable":true,"href":"https:\/\/forumjustica.com.br\/es\/wp-json\/wp\/v2\/pessoas?post=7596"},{"taxonomy":"estado","embeddable":true,"href":"https:\/\/forumjustica.com.br\/es\/wp-json\/wp\/v2\/estado?post=7596"},{"taxonomy":"academia","embeddable":true,"href":"https:\/\/forumjustica.com.br\/es\/wp-json\/wp\/v2\/academia?post=7596"},{"taxonomy":"sociedade_civil","embeddable":true,"href":"https:\/\/forumjustica.com.br\/es\/wp-json\/wp\/v2\/sociedade_civil?post=7596"}],"curies":[{"name":"wp","href":"https:\/\/api.w.org\/{rel}","templated":true}]}}