{"id":7639,"date":"2013-12-04T09:00:51","date_gmt":"2013-12-04T11:00:51","guid":{"rendered":"https:\/\/forumjustica.vlannetwork.com\/?p=7639"},"modified":"2022-09-04T21:15:52","modified_gmt":"2022-09-05T00:15:52","slug":"anadep-vai-a-santa-catarina-para-defender-fortalecimento-da-defensoria-publica","status":"publish","type":"post","link":"https:\/\/forumjustica.com.br\/es\/anadep-vai-a-santa-catarina-para-defender-fortalecimento-da-defensoria-publica\/","title":{"rendered":"ANADEP vai a Santa Catarina para defender fortalecimento da Defensoria P\u00fablica"},"content":{"rendered":"<table id=\"tabCentro\" border=\"0\" cellspacing=\"0\" cellpadding=\"0\" width=\"100%\">\n<tbody>\n<tr>\n<td id=\"colEsquerda\" width=\"100%\">29\/11\/2013 &#8211; 11:00&nbsp;<\/p>\n<h1><span style=\"font-size: 11px; font-weight: normal; line-height: 19px;\">Fonte: Ascom ANADEP<\/span><\/h1>\n<p>Estado: DF<\/p>\n<div>\n<table cellspacing=\"0\" cellpadding=\"0\">\n<tbody>\n<tr>\n<td><img decoding=\"async\" src=\"http:\/\/www.anadep.org.br\/wtksite\/cms\/conteudo\/18641\/SC.JPG\" alt=\"\" \/><\/td>\n<\/tr>\n<\/tbody>\n<\/table>\n<div>\n<p>A presidente da ANADEP, Patr\u00edcia Kettermann, reuniu-se na tarde desta quinta-feira (28) com o defensor p\u00fablico geral de Santa Catarina, Ivan Ranzolin, e com o subdefensor p\u00fablico geral catarinense, Sadi Lima, na sede da Institui\u00e7\u00e3o em Florian\u00f3polis. Na pauta do encontro, que contou tamb\u00e9m com a presen\u00e7a do presidente do CONDEGE, Nilton Leonel Arnecke Maria e, em um segundo momento, com o presidente da Associa\u00e7\u00e3o dos Defensores P\u00fablicos do Estado de Santa Catarina (ADPESC), Ronaldo Francisco, as recentes not\u00edcias envolvendo um poss\u00edvel restabelecimento de conv\u00eanio entre o Executivo estadual e OAB, para presta\u00e7\u00e3o de servi\u00e7os de assist\u00eancia jur\u00eddica no estado.<\/p>\n<p>Conforme Patr\u00edcia, desde a semana passada, quando a OAB passou a divulgar a possibilidade de um novo conv\u00eanio, a ANADEP iniciou uma s\u00e9rie de movimenta\u00e7\u00f5es buscando esclarecer a impossibilidade de sua realiza\u00e7\u00e3o e a import\u00e2ncia de fortalecimento \u00e0 Defensoria P\u00fablica, instalada recentemente nem Santa Catarina, como prioridade. Estas a\u00e7\u00f5es, culminaram com o encontro de ontem. \u201cReafirmamos a posi\u00e7\u00e3o, tanto da ANADEP quanto do CONDEGE, de que como investimento priorit\u00e1rio para o estado de Santa Catarina \u00e9 necess\u00e1ria uma estrutura\u00e7\u00e3o da Defensoria P\u00fablica nos moldes do previsto pela Constitui\u00e7\u00e3o Federal. Destacamos que h\u00e1 candidatos aprovados no concurso p\u00fablico, ainda em vigor, plenamente habilitados, capacitados, e que podem ser convocados para iniciar suas atividades a qualquer momento. O direito \u00e0 Defensoria P\u00fablica \u00e9 do usu\u00e1rio dos seus servi\u00e7os, e este atendimento n\u00e3o pode ser substitu\u00eddo\u201d, argumentou.<\/p>\n<p>Segundo a presidente, a c\u00fapula da Defensoria P\u00fablica foi muito receptiva, acenando com empenho para a amplia\u00e7\u00e3o do n\u00famero de cargos para defensor p\u00fablico no estado. Aproveitando a estada em Santa Catarina, os dirigentes estiveram ainda na seccional da OAB no estado, para uma visita institucional.<\/p>\n<\/div>\n<div><img loading=\"lazy\" decoding=\"async\" src=\"http:\/\/www.anadep.org.br\/wtksite\/cms\/conteudo\/18641\/Panfleto_SC1_frente.jpg\" alt=\"\" width=\"358\" height=\"255\" \/><\/div>\n<\/div>\n<div><a><\/a><\/div>\n<\/td>\n<\/tr>\n<\/tbody>\n<\/table>\n<p><a href=\"http:\/\/www.anadep.org.br\/wtk\/pagina\/materia?id=18641\">http:\/\/www.anadep.org.br\/wtk\/pagina\/materia?id=18641<\/a><\/p>\n","protected":false},"excerpt":{"rendered":"<p>29\/11\/2013 &#8211; 11:00&nbsp; Fonte: Ascom ANADEP Estado: DF A presidente da ANADEP, Patr\u00edcia Kettermann, reuniu-se na tarde desta quinta-feira (28) com o defensor p\u00fablico geral de Santa Catarina, Ivan Ranzolin, e com o subdefensor p\u00fablico geral catarinense, Sadi Lima, na sede da Institui\u00e7\u00e3o em Florian\u00f3polis. Na pauta do encontro, que contou tamb\u00e9m com a presen\u00e7a [&hellip;]<\/p>\n","protected":false},"author":13,"featured_media":0,"comment_status":"open","ping_status":"closed","sticky":false,"template":"","format":"standard","meta":{"inline_featured_image":false,"footnotes":""},"categories":[1],"tags":[],"anos":[],"projetos":[],"autorias":[],"eixos_tematicos":[],"locais":[],"pessoas":[],"estado":[],"academia":[],"sociedade_civil":[],"class_list":["post-7639","post","type-post","status-publish","format-standard","hentry","category-noticias"],"_links":{"self":[{"href":"https:\/\/forumjustica.com.br\/es\/wp-json\/wp\/v2\/posts\/7639","targetHints":{"allow":["GET"]}}],"collection":[{"href":"https:\/\/forumjustica.com.br\/es\/wp-json\/wp\/v2\/posts"}],"about":[{"href":"https:\/\/forumjustica.com.br\/es\/wp-json\/wp\/v2\/types\/post"}],"author":[{"embeddable":true,"href":"https:\/\/forumjustica.com.br\/es\/wp-json\/wp\/v2\/users\/13"}],"replies":[{"embeddable":true,"href":"https:\/\/forumjustica.com.br\/es\/wp-json\/wp\/v2\/comments?post=7639"}],"version-history":[{"count":1,"href":"https:\/\/forumjustica.com.br\/es\/wp-json\/wp\/v2\/posts\/7639\/revisions"}],"predecessor-version":[{"id":17420,"href":"https:\/\/forumjustica.com.br\/es\/wp-json\/wp\/v2\/posts\/7639\/revisions\/17420"}],"wp:attachment":[{"href":"https:\/\/forumjustica.com.br\/es\/wp-json\/wp\/v2\/media?parent=7639"}],"wp:term":[{"taxonomy":"category","embeddable":true,"href":"https:\/\/forumjustica.com.br\/es\/wp-json\/wp\/v2\/categories?post=7639"},{"taxonomy":"post_tag","embeddable":true,"href":"https:\/\/forumjustica.com.br\/es\/wp-json\/wp\/v2\/tags?post=7639"},{"taxonomy":"anos","embeddable":true,"href":"https:\/\/forumjustica.com.br\/es\/wp-json\/wp\/v2\/anos?post=7639"},{"taxonomy":"projetos","embeddable":true,"href":"https:\/\/forumjustica.com.br\/es\/wp-json\/wp\/v2\/projetos?post=7639"},{"taxonomy":"autorias","embeddable":true,"href":"https:\/\/forumjustica.com.br\/es\/wp-json\/wp\/v2\/autorias?post=7639"},{"taxonomy":"eixos_tematicos","embeddable":true,"href":"https:\/\/forumjustica.com.br\/es\/wp-json\/wp\/v2\/eixos_tematicos?post=7639"},{"taxonomy":"locais","embeddable":true,"href":"https:\/\/forumjustica.com.br\/es\/wp-json\/wp\/v2\/locais?post=7639"},{"taxonomy":"pessoas","embeddable":true,"href":"https:\/\/forumjustica.com.br\/es\/wp-json\/wp\/v2\/pessoas?post=7639"},{"taxonomy":"estado","embeddable":true,"href":"https:\/\/forumjustica.com.br\/es\/wp-json\/wp\/v2\/estado?post=7639"},{"taxonomy":"academia","embeddable":true,"href":"https:\/\/forumjustica.com.br\/es\/wp-json\/wp\/v2\/academia?post=7639"},{"taxonomy":"sociedade_civil","embeddable":true,"href":"https:\/\/forumjustica.com.br\/es\/wp-json\/wp\/v2\/sociedade_civil?post=7639"}],"curies":[{"name":"wp","href":"https:\/\/api.w.org\/{rel}","templated":true}]}}