{"id":7714,"date":"2013-12-05T09:00:33","date_gmt":"2013-12-05T11:00:33","guid":{"rendered":"https:\/\/forumjustica.vlannetwork.com\/?p=7714"},"modified":"2022-09-04T21:15:52","modified_gmt":"2022-09-05T00:15:52","slug":"nota-de-repudio-chega-de-violencia-e-abusos-policiais","status":"publish","type":"post","link":"https:\/\/forumjustica.com.br\/es\/nota-de-repudio-chega-de-violencia-e-abusos-policiais\/","title":{"rendered":"Nota de Rep\u00fadio &#8211; Chega de viol\u00eancia e abusos policiais"},"content":{"rendered":"<p>\u00a0<\/p>\n<p><a href=\"https:\/\/forumjustica.com.br\/wp-content\/uploads\/2013\/12\/image001.jpg\"><img loading=\"lazy\" decoding=\"async\" class=\"aligncenter size-full wp-image-7715\" title=\"image001\" src=\"https:\/\/forumjustica.com.br\/wp-content\/uploads\/2013\/12\/image001.jpg\" alt=\"\" width=\"441\" height=\"153\" \/><\/a><\/p>\n<p>\u00a0<\/p>\n<p><strong> <\/strong><\/p>\n<p><strong>Nota de Rep\u00fadio<\/strong><\/p>\n<p><strong>Chega de viol\u00eancia e abusos policiais<\/strong><\/p>\n<p><em><br \/>\n<\/em><em>A despeito de medidas j\u00e1 anunciadas e cobradas, desde junho de 2013, para conter a for\u00e7a policial a servi\u00e7o da repress\u00e3o \u00e0 liberdade de express\u00e3o e de manifesta\u00e7\u00e3o, prossegue em S\u00e3o Paulo a a\u00e7\u00e3o violenta de autoridades para inibir e conter demonstra\u00e7\u00f5es p\u00fablicas de indigna\u00e7\u00e3o<\/em><\/p>\n<p>A Ouvidoria-Geral da Defensoria P\u00fablica de S\u00e3o Paulo refor\u00e7a publicamente a sua posi\u00e7\u00e3o de rep\u00fadio \u00e0 continuidade do uso de pris\u00f5es ilegais e de medidas de conten\u00e7\u00e3o f\u00edsica somadas \u00e0 ado\u00e7\u00e3o de pol\u00edticas de recrudescimento penal contra as manifesta\u00e7\u00f5es.<\/p>\n<p>\u00a0<\/p>\n<p>Embora o \u00d3rg\u00e3o j\u00e1 tenha subscrito medidas jur\u00eddicas em conjunto com diversas organiza\u00e7\u00f5es p\u00fablicas e sociais cobrando a apura\u00e7\u00e3o de viola\u00e7\u00f5es ocorridas em Ato P\u00fablico realizado em 13 de junho em S\u00e3o Paulo*\u00a0e aguarde apura\u00e7\u00e3o dos fatos,\u00a0<strong>n\u00e3o pode se calar ao observar que Institui\u00e7\u00f5es da \u00e1rea de Seguran\u00e7a P\u00fablica continuam lan\u00e7ando m\u00e3o de formas violentas e de for\u00e7a desproporcional a servi\u00e7o da repress\u00e3o<\/strong> de manifestantes, conforme relatos, percebidos pela imprensa e trazidos ao conhecimento desta Ouvidoria, dando conta da ocorr\u00eancia de agress\u00f5es por policiais em manifesta\u00e7\u00f5es realizadas nos meses de setembro, outubro e novembro deste ano.<\/p>\n<p>\u00a0<\/p>\n<p><strong>S\u00e3o epis\u00f3dios como a viol\u00eancia f\u00edsica sofrida por Henrique Zanoni<\/strong>, economista e ator, que, por um golpe de cacetete desferido por um policial,\u00a0<strong>teve rompido seu \u201ctend\u00e3o de Aquiles\u201d<\/strong>. Ele participava de Ato em Defesa da Qualidade da Educa\u00e7\u00e3o, na cidade de S\u00e3o Paulo, em 17\/10, quando, de cima da Ponte Eus\u00e9bio Matoso, observava movimenta\u00e7\u00e3o de manifestantes na Av. Marginal Pinheiros e foi atingido pelas costas. Henrique ficou internado durante quatro dias e est\u00e1 impossibilitado de andar, afastado do trabalho e dos palcos, em licen\u00e7a que durar\u00e1, no m\u00ednimo, seis semanas.<\/p>\n<p>\u00a0<\/p>\n<p><strong>Ou, ainda, similares \u00e0 abordagem recebida por Rodolfo Valente<\/strong>, advogado, que, em pleno exerc\u00edcio de sua profiss\u00e3o,\u00a0<strong>foi contido fisicamente e recebeu voz de pris\u00e3o <\/strong>pelo fato de exigir a identifica\u00e7\u00e3o de policiais que detiveram, sem nenhuma acusa\u00e7\u00e3o, cerca de 30 manifestantes que participavam de Ato pelo Transporte P\u00fablico de Qualidade no Bairro do Graja\u00fa, em S\u00e3o Paulo, dia 23\/10.<\/p>\n<p>\u00a0<\/p>\n<p>Henrique e Rodolfo s\u00e3o integrantes do Conselho Consultivo da Ouvidoria-Geral. A viol\u00eancia a que foram submetidos est\u00e1 inserta em um contexto mais amplo de hist\u00f3rica militariza\u00e7\u00e3o da sociedade brasileira e de viol\u00eancia sistem\u00e1tica \u00e0 juventude negra e pobre e a quem mais ousar se organizar contras as profundas desigualdades que assolam a imensa maioria da popula\u00e7\u00e3o.<br \/>\nPor sua vez, o Poder Legislativo conduz sem resist\u00eancia a tramita\u00e7\u00e3o de Projeto de Lei denominado \u201cAntiterrorismo\u201d, dispositivo que, como se encontra proposto, servir\u00e1 \u00e0 criminaliza\u00e7\u00e3o de movimentos contr\u00e1rios a arbitrariedades cometidas em nome dos megaeventos no pa\u00eds.<\/p>\n<p>\u00a0<\/p>\n<p>Ao mesmo tempo, ainda, \u00d3rg\u00e3os do Poder Executivo, em suas diferentes esferas, unem-se para desenhar coaliz\u00f5es na \u00e1rea de Seguran\u00e7a P\u00fablica com vistas a criar uma for\u00e7a repressiva com pot\u00eancia desproporcional a ser acionada contra Cidad\u00e3s e Cidad\u00e3os que insistirem em exercer seu direito de manifesta\u00e7\u00e3o.<\/p>\n<p>\u00a0<\/p>\n<p>Em defesa do di\u00e1logo e clamando pelo fim das les\u00f5es corporais, das pris\u00f5es ilegais e de todo tipo de viol\u00eancia por iniciativa do Estado, esta Ouvidoria-Geral reafirma a sua cren\u00e7a em pr\u00e1ticas pac\u00edficas e em valores democr\u00e1ticos, bem como seu total rep\u00fadio \u00e0s formas de autoritarismo e \u00e0s medidas de exce\u00e7\u00e3o.<\/p>\n<p>\u00a0<\/p>\n<p>Alerta, ainda, a Defensoria P\u00fablica do Estado e todas as institui\u00e7\u00f5es garantidoras da democracia para a necessidade de jamais deixar de dispensar os esfor\u00e7os necess\u00e1rios para a apura\u00e7\u00e3o dos excessos e para a efetiva\u00e7\u00e3o do respeito aos limites previstos pela Constitui\u00e7\u00e3o para a atua\u00e7\u00e3o das institui\u00e7\u00f5es da Seguran\u00e7a P\u00fablica, lembrando que estas devem agir a servi\u00e7o da Cidadania, n\u00e3o contra ela.<\/p>\n<p>\u00a0<\/p>\n<p>\u00a0<\/p>\n<p><strong><em>Dezembro de 2013<\/em><\/strong><\/p>\n<p>\u00a0<\/p>\n<p>\u00a0<\/p>\n<p><strong> <\/strong><\/p>\n<p><strong>Luciana Zaffalon, Ouvidora-Geral da Defensoria P\u00fablica do Estado de SP<\/strong><\/p>\n<p><strong><br \/>\nConselheiras e Conselheiros da Ouvidoria:<\/strong><\/p>\n<p><strong>Alderon Pereira da Costa<\/strong><\/p>\n<p><strong>Andre Pires de Andrade Kehdi<\/strong><\/p>\n<p><strong>Aristeu Bertelli da Silva<\/strong><\/p>\n<p><strong>Helena Malzoni Romanach<\/strong><\/p>\n<p><strong>Henrique de Godoy Del Picchia Zanoni<\/strong><\/p>\n<p><strong>Julia Mello Neiva<\/strong><\/p>\n<p><strong>Marina Dias<\/strong><\/p>\n<p><strong>Michael Mary Nolan<\/strong><\/p>\n<p><strong>Odilon Guedes<\/strong><\/p>\n<p><strong>Paulo Roberto de Faria Pinto<\/strong><\/p>\n<p><strong>Paulo Tavares Mariante<\/strong><\/p>\n<p><strong>Pedro Buck Avelino<\/strong><\/p>\n<p><strong>Pedro Javier Aguerre Hughes<\/strong><\/p>\n<p><strong>Raimundo Vieira Bonfim<\/strong><\/p>\n<p><strong>Rodolfo de Almeida Valente<\/strong><\/p>\n<p><strong>Rodrigo Augusto Romeiro<\/strong><\/p>\n<p><strong>Silvio Luiz de Almeida<\/strong><\/p>\n<p><strong>Pe. Valdir Jo\u00e3o Silveira<\/strong><\/p>\n<p><strong>Willian Coelho (Billy Saga)<\/strong><\/p>\n<p>\u00a0<\/p>\n<p>________________<\/p>\n<p><strong>* <\/strong><strong><em><span style=\"text-decoration: underline;\">Representa\u00e7\u00e3o <\/span><\/em><\/strong><em>oferecida \u00e0 Procuradoria Federal dos Direitos do Cidad\u00e3o no Estado de S\u00e3o Paulo e\u00a0<strong><span style=\"text-decoration: underline;\">Notitia Criminis<\/span><\/strong> em face da autoridade respons\u00e1vel pelo comando da opera\u00e7\u00e3o policial no Estado de S\u00e3o Paulo<\/em><\/p>\n<p><strong> <\/strong><\/p>\n<p><strong><br \/>\nSaiba mais e acompanhe<\/strong><\/p>\n<p><strong> <\/strong><\/p>\n<p><strong>Acesse a p\u00e1gina da <\/strong><strong><a href=\"http:\/\/www.defensoria.sp.gov.br\/dpesp\/Default.aspx?idPagina=2881\" target=\"_blank\" rel=\"noopener\">Ouvidoria<\/a> <\/strong><strong>na internet<\/strong><\/p>\n<p><strong>Acompanhe a Ouvidoria nas redes sociais:<\/strong><\/p>\n<table border=\"0\" cellspacing=\"0\" cellpadding=\"0\">\n<tbody>\n<tr>\n<td width=\"57\" valign=\"bottom\">\u00a0<\/p>\n<p><a href=\"https:\/\/www.facebook.com\/OuvidoriaGeralDPESP\" target=\"_blank\" rel=\"noopener\"><\/a><\/td>\n<td width=\"57\" valign=\"bottom\">\u00a0<\/p>\n<p><a href=\"http:\/\/www.youtube.com\/OuvidoriaGeralDPESP\" target=\"_blank\" rel=\"noopener\"><\/a><\/td>\n<td width=\"57\" valign=\"bottom\">\u00a0<\/p>\n<p><a href=\"https:\/\/twitter.com\/OuvidoriaDPESP\" target=\"_blank\" rel=\"noopener\"><\/a><\/td>\n<td width=\"57\" valign=\"bottom\">\u00a0<\/p>\n<p><a href=\"https:\/\/plus.google.com\/113102332890543892397\/photos?banner=pwa\" target=\"_blank\" rel=\"noopener\"><\/a><\/td>\n<\/tr>\n<tr>\n<td width=\"57\" valign=\"top\"><a href=\"https:\/\/www.facebook.com\/OuvidoriaGeralDPESP\" target=\"_blank\" rel=\"noopener\">Facebook<\/a><\/td>\n<td width=\"57\" valign=\"top\"><a href=\"http:\/\/www.youtube.com\/OuvidoriaGeralDPESP\" target=\"_blank\" rel=\"noopener\">Youtube<\/a><\/td>\n<td width=\"57\" valign=\"top\"><a href=\"http:\/\/twitter.com\/ouvidoriadpesp\" target=\"_blank\" rel=\"noopener\">Twitter<\/a><\/td>\n<td width=\"57\" valign=\"top\"><a href=\"https:\/\/plus.google.com\/113102332890543892397\/photos?banner=pwa\" target=\"_blank\" rel=\"noopener\">Google+<\/a><\/td>\n<\/tr>\n<\/tbody>\n<\/table>\n<p><strong>Equipe da Ouvidoria-Geral<\/strong><\/p>\n<table border=\"0\" cellspacing=\"0\" cellpadding=\"0\" width=\"517\">\n<tbody>\n<tr>\n<td width=\"272\" valign=\"top\">Ouvidora-Geral<\/td>\n<td width=\"246\" valign=\"top\">Luciana Zaffalon<\/td>\n<\/tr>\n<tr>\n<td width=\"272\" valign=\"top\">Assessora T\u00e9cnica<\/p>\n<p>Assistente T\u00e9cnica II<\/td>\n<td width=\"246\" valign=\"top\">Cristina Uch\u00f4a<\/p>\n<p>Fernanda Barbosa Euflauzino<\/td>\n<\/tr>\n<tr>\n<td width=\"272\" valign=\"top\">Assistente T\u00e9cnica I<\/p>\n<p>Assistente T\u00e9cnico I<\/td>\n<td width=\"246\" valign=\"top\">Fabiana Borin<\/p>\n<p>Paulo C\u00e9sar Malvezzi Filho<\/td>\n<\/tr>\n<tr>\n<td width=\"272\" valign=\"top\">Administra\u00e7\u00e3o e Atendimento<\/td>\n<td width=\"246\" valign=\"top\">Pacelli Cartaxo Bastos<\/td>\n<\/tr>\n<tr>\n<td width=\"272\" valign=\"top\">Administra\u00e7\u00e3o e Atendimento<\/td>\n<td width=\"246\" valign=\"top\">Maria Cristina Ferreira Salerno<\/td>\n<\/tr>\n<tr>\n<td width=\"272\" valign=\"top\">Estagi\u00e1ria de Administra\u00e7\u00e3o<\/td>\n<td width=\"246\" valign=\"top\">Antonia Gomes de Oliveira<\/td>\n<\/tr>\n<tr>\n<td width=\"272\" valign=\"top\">Estagi\u00e1ria de Comunica\u00e7\u00e3o<\/p>\n<p>Estagi\u00e1rio de Ensino M\u00e9dio<\/td>\n<td width=\"246\" valign=\"top\">Karoline Lopes<br \/>\nHigor Silva<\/td>\n<\/tr>\n<\/tbody>\n<\/table>\n<p>\u00a0<\/p>\n<p>\u00a0<\/p>","protected":false},"excerpt":{"rendered":"<p>\u00a0 \u00a0 Nota de Rep\u00fadio Chega de viol\u00eancia e abusos policiais A despeito de medidas j\u00e1 anunciadas e cobradas, desde junho de 2013, para conter a for\u00e7a policial a servi\u00e7o da repress\u00e3o \u00e0 liberdade de express\u00e3o e de manifesta\u00e7\u00e3o, prossegue em S\u00e3o Paulo a a\u00e7\u00e3o violenta de autoridades para inibir e conter demonstra\u00e7\u00f5es p\u00fablicas de [&hellip;]<\/p>\n","protected":false},"author":13,"featured_media":0,"comment_status":"open","ping_status":"closed","sticky":false,"template":"","format":"standard","meta":{"inline_featured_image":false,"footnotes":""},"categories":[1],"tags":[],"anos":[],"projetos":[],"autorias":[],"eixos_tematicos":[],"locais":[],"pessoas":[],"estado":[],"academia":[],"sociedade_civil":[],"class_list":["post-7714","post","type-post","status-publish","format-standard","hentry","category-noticias"],"_links":{"self":[{"href":"https:\/\/forumjustica.com.br\/es\/wp-json\/wp\/v2\/posts\/7714","targetHints":{"allow":["GET"]}}],"collection":[{"href":"https:\/\/forumjustica.com.br\/es\/wp-json\/wp\/v2\/posts"}],"about":[{"href":"https:\/\/forumjustica.com.br\/es\/wp-json\/wp\/v2\/types\/post"}],"author":[{"embeddable":true,"href":"https:\/\/forumjustica.com.br\/es\/wp-json\/wp\/v2\/users\/13"}],"replies":[{"embeddable":true,"href":"https:\/\/forumjustica.com.br\/es\/wp-json\/wp\/v2\/comments?post=7714"}],"version-history":[{"count":1,"href":"https:\/\/forumjustica.com.br\/es\/wp-json\/wp\/v2\/posts\/7714\/revisions"}],"predecessor-version":[{"id":17419,"href":"https:\/\/forumjustica.com.br\/es\/wp-json\/wp\/v2\/posts\/7714\/revisions\/17419"}],"wp:attachment":[{"href":"https:\/\/forumjustica.com.br\/es\/wp-json\/wp\/v2\/media?parent=7714"}],"wp:term":[{"taxonomy":"category","embeddable":true,"href":"https:\/\/forumjustica.com.br\/es\/wp-json\/wp\/v2\/categories?post=7714"},{"taxonomy":"post_tag","embeddable":true,"href":"https:\/\/forumjustica.com.br\/es\/wp-json\/wp\/v2\/tags?post=7714"},{"taxonomy":"anos","embeddable":true,"href":"https:\/\/forumjustica.com.br\/es\/wp-json\/wp\/v2\/anos?post=7714"},{"taxonomy":"projetos","embeddable":true,"href":"https:\/\/forumjustica.com.br\/es\/wp-json\/wp\/v2\/projetos?post=7714"},{"taxonomy":"autorias","embeddable":true,"href":"https:\/\/forumjustica.com.br\/es\/wp-json\/wp\/v2\/autorias?post=7714"},{"taxonomy":"eixos_tematicos","embeddable":true,"href":"https:\/\/forumjustica.com.br\/es\/wp-json\/wp\/v2\/eixos_tematicos?post=7714"},{"taxonomy":"locais","embeddable":true,"href":"https:\/\/forumjustica.com.br\/es\/wp-json\/wp\/v2\/locais?post=7714"},{"taxonomy":"pessoas","embeddable":true,"href":"https:\/\/forumjustica.com.br\/es\/wp-json\/wp\/v2\/pessoas?post=7714"},{"taxonomy":"estado","embeddable":true,"href":"https:\/\/forumjustica.com.br\/es\/wp-json\/wp\/v2\/estado?post=7714"},{"taxonomy":"academia","embeddable":true,"href":"https:\/\/forumjustica.com.br\/es\/wp-json\/wp\/v2\/academia?post=7714"},{"taxonomy":"sociedade_civil","embeddable":true,"href":"https:\/\/forumjustica.com.br\/es\/wp-json\/wp\/v2\/sociedade_civil?post=7714"}],"curies":[{"name":"wp","href":"https:\/\/api.w.org\/{rel}","templated":true}]}}