{"id":7720,"date":"2013-12-04T09:00:50","date_gmt":"2013-12-04T11:00:50","guid":{"rendered":"https:\/\/forumjustica.vlannetwork.com\/?p=7720"},"modified":"2022-09-04T21:15:52","modified_gmt":"2022-09-05T00:15:52","slug":"racismo-o-que-eu-tenho-a-ver-com-isso","status":"publish","type":"post","link":"https:\/\/forumjustica.com.br\/es\/racismo-o-que-eu-tenho-a-ver-com-isso\/","title":{"rendered":"\u201cRacismo? O que eu tenho a ver com isso?\u201d"},"content":{"rendered":"<div>02\/12\/2013 11:38 am<\/div>\n<div id=\"TituloPost\">\n<div><strong>\u201cFui convocada e como tal aceitei e vou fazer o meu trabalho. O que eu tenho a ver com isso? S\u00f3 porque eu sou branquinha?\u201d, afirmou Fernanda Lima, que vai apresentar o sorteio da Copa 2014<\/strong><\/div>\n<\/div>\n<p><em>Por Jos\u00e9 Renato Baptista, no <\/em><a href=\"http:\/\/racismoambiental.net.br\/2013\/11\/racismo-o-que-eu-tenho-a-ver-com-isso\/\" target=\"_blank\" rel=\"noopener\"><em>Racismo Ambiental<\/em> <\/a><\/p>\n<div id=\"attachment_37333\"><a rel=\"attachment wp-att-37333\" href=\"https:\/\/forumjustica.com.br\/?attachment_id=37333\"><img loading=\"lazy\" decoding=\"async\" title=\"FIFA\" src=\"http:\/\/revistaforum.com.br\/wp-content\/uploads\/2013\/12\/FIFA-300x227.jpg\" alt=\"\" width=\"300\" height=\"227\" \/><\/a>Fernanda Lima entre Cafu e Neymar (Foto: Fifa.com)&nbsp;<\/p>\n<\/div>\n<p>S\u00f3 porque eu sou branquinho? Eu pago as minhas contas e meus impostos. O que eu tenho que ver com o racismo? Ali\u00e1s, onde voc\u00eas est\u00e3o vendo racismo? As pessoas falam estas coisas porque podem ficar an\u00f4nimas.<\/p>\n<p>N\u00e3o, eu n\u00e3o estou an\u00f4nimo. Meu nome \u00e9 Jos\u00e9 Renato Baptista. Sou antrop\u00f3logo e professor universit\u00e1rio.<\/p>\n<p>Ent\u00e3o, eu posso confortavelmente falar sobre este assunto. Eu levanto bandeiras. V\u00e1rias. Contra as injusti\u00e7as, contra a desigualdade, contra o preconceito. Eu n\u00e3o acho que as coisas n\u00e3o tem a ver comigo. Eu me comprometo com elas. N\u00e3o tenho uma \u201cimagem p\u00fablica\u201d, mas uso o espa\u00e7o p\u00fablico: leciono, dou palestras e confer\u00eancias, exponho as minhas ideias. N\u00e3o crio pol\u00eamicas porque posso me defender com o anonimato. Polemizo pelas coisas que acredito, porque quero construir uma sociedade e um mundo mais justo.<\/p>\n<p>Ent\u00e3o, respondendo \u00e0 fala da \u201catriz\u201d\/apresentadora Fernanda Lima, eu digo que sim, voc\u00ea tem tudo a ver com isso. Voc\u00ea que n\u00e3o se questiona, que n\u00e3o se pergunta, que acha que n\u00e3o \u00e9 com voc\u00ea, voc\u00ea tem tudo a ver com isso. E sim, porque voc\u00ea \u00e9 branquinha. Porque voc\u00ea ocupa um lugar hist\u00f3rico de opress\u00e3o neste pa\u00eds h\u00e1 mais de 500 anos. Porque voc\u00ea tem privil\u00e9gios concedidos pela sua condi\u00e7\u00e3o de cor h\u00e1 s\u00e9culos. Ignorar isto \u00e9 fingir que o mundo \u00e9 cor de rosa e as rela\u00e7\u00f5es s\u00e3o fraternas, quando o conflito existe e amea\u00e7a e afeta a todos n\u00f3s, brancos, pretos, quase pretos e brancos pobres que de t\u00e3o pobres s\u00e3o quase pretos. Ignorar que neste pa\u00eds ser branco, sobretudo nos meios de comunica\u00e7\u00e3o, \u00e9 uma forma de obter privil\u00e9gios, \u00e9 como disse uma amiga, virar a cara para o lado, para n\u00e3o ver um elefante no meio de uma kitchenette.<\/p>\n<p>\u00c9 fingir que n\u00e3o ocorre em nosso pa\u00eds o exterm\u00ednio continuado de jovens negros, posto que das v\u00edtimas de homic\u00eddio no Brasil, em cada dez sete s\u00e3o negras. Fingir que n\u00e3o sabe que negros recebem menores sal\u00e1rios e tem menos postos de comando e dire\u00e7\u00e3o na iniciativa privada. Fingir que n\u00e3o sabe que o tempo escolaridade de negros e pardos \u00e9 inferior ao dos brancos.<\/p>\n<p>Sim, Fernanda, voc\u00ea pode querer n\u00e3o enxergar isto. E achar que \u00e9 s\u00f3 mais uma pol\u00eamica. \u00c9 justo reconhecer que voc\u00ea, como disse, trabalha h\u00e1 seis anos com a FIFA e, portanto, n\u00e3o tem nada com isso. Mas sim, Fernanda, voc\u00ea tem tudo a ver com isso e tem a ver com a nega\u00e7\u00e3o hist\u00f3rica da imagem do pa\u00eds. Um pa\u00eds que estabeleceu em sua hist\u00f3ria pol\u00edticas p\u00fablicas visando \u201cembranquecer\u201d a popula\u00e7\u00e3o. Voc\u00ea pode ignorar isto, sim, mas infelizmente, tomando conhecimento n\u00e3o pode negar e dizer que n\u00e3o tem nada com isso.<\/p>\n<p>Fernanda, voc\u00ea pode se achar uma das pessoas mais gentis e atenciosas do mundo, e talvez no trato pessoal at\u00e9 seja. E sim, talvez seja apenas uma inven\u00e7\u00e3o de um jornalista. Mas pega mal Fernanda. Pega mal porque reflete toda uma hist\u00f3ria de racismo de um pa\u00eds que teima em n\u00e3o se ver como racista. Pega mal porque somos o pa\u00eds onde existe discrimina\u00e7\u00e3o, mas ningu\u00e9m se assume como racista ou que discrimina algu\u00e9m. Pega mal porque voc\u00ea refor\u00e7a uma imagem e um estere\u00f3tipo racista, uma vis\u00e3o do pa\u00eds \u201cmesti\u00e7o\u201d, mas que se enxerga como \u201cbranco\u201d (ou \u201cbranquinho\u201d, se preferir).<\/p>\n<p>N\u00e3o acho que voc\u00ea deva recusar um trabalho que voc\u00ea conquistou, como diz, h\u00e1 seis anos atr\u00e1s. Mas convido voc\u00ea a refletir que, \u00e0s vezes, pode estar muito mais coisa em jogo do que o fato de voc\u00ea \u201cser branquinha\u201d. Fica o convite \u00e0 reflex\u00e3o.<\/p>\n<p><a href=\"http:\/\/revistaforum.com.br\/blog\/2013\/12\/racismo-o-que-eu-tenho-a-ver-com-isso\/\">http:\/\/revistaforum.com.br\/blog\/2013\/12\/racismo-o-que-eu-tenho-a-ver-com-isso\/<\/a><\/p>\n","protected":false},"excerpt":{"rendered":"<p>02\/12\/2013 11:38 am \u201cFui convocada e como tal aceitei e vou fazer o meu trabalho. O que eu tenho a ver com isso? S\u00f3 porque eu sou branquinha?\u201d, afirmou Fernanda Lima, que vai apresentar o sorteio da Copa 2014 Por Jos\u00e9 Renato Baptista, no Racismo Ambiental Fernanda Lima entre Cafu e Neymar (Foto: Fifa.com)&nbsp; S\u00f3 [&hellip;]<\/p>\n","protected":false},"author":13,"featured_media":0,"comment_status":"open","ping_status":"closed","sticky":false,"template":"","format":"standard","meta":{"inline_featured_image":false,"footnotes":""},"categories":[1],"tags":[],"anos":[],"projetos":[],"autorias":[],"eixos_tematicos":[],"locais":[],"pessoas":[],"estado":[],"academia":[],"sociedade_civil":[],"class_list":["post-7720","post","type-post","status-publish","format-standard","hentry","category-noticias"],"_links":{"self":[{"href":"https:\/\/forumjustica.com.br\/es\/wp-json\/wp\/v2\/posts\/7720","targetHints":{"allow":["GET"]}}],"collection":[{"href":"https:\/\/forumjustica.com.br\/es\/wp-json\/wp\/v2\/posts"}],"about":[{"href":"https:\/\/forumjustica.com.br\/es\/wp-json\/wp\/v2\/types\/post"}],"author":[{"embeddable":true,"href":"https:\/\/forumjustica.com.br\/es\/wp-json\/wp\/v2\/users\/13"}],"replies":[{"embeddable":true,"href":"https:\/\/forumjustica.com.br\/es\/wp-json\/wp\/v2\/comments?post=7720"}],"version-history":[{"count":1,"href":"https:\/\/forumjustica.com.br\/es\/wp-json\/wp\/v2\/posts\/7720\/revisions"}],"predecessor-version":[{"id":17421,"href":"https:\/\/forumjustica.com.br\/es\/wp-json\/wp\/v2\/posts\/7720\/revisions\/17421"}],"wp:attachment":[{"href":"https:\/\/forumjustica.com.br\/es\/wp-json\/wp\/v2\/media?parent=7720"}],"wp:term":[{"taxonomy":"category","embeddable":true,"href":"https:\/\/forumjustica.com.br\/es\/wp-json\/wp\/v2\/categories?post=7720"},{"taxonomy":"post_tag","embeddable":true,"href":"https:\/\/forumjustica.com.br\/es\/wp-json\/wp\/v2\/tags?post=7720"},{"taxonomy":"anos","embeddable":true,"href":"https:\/\/forumjustica.com.br\/es\/wp-json\/wp\/v2\/anos?post=7720"},{"taxonomy":"projetos","embeddable":true,"href":"https:\/\/forumjustica.com.br\/es\/wp-json\/wp\/v2\/projetos?post=7720"},{"taxonomy":"autorias","embeddable":true,"href":"https:\/\/forumjustica.com.br\/es\/wp-json\/wp\/v2\/autorias?post=7720"},{"taxonomy":"eixos_tematicos","embeddable":true,"href":"https:\/\/forumjustica.com.br\/es\/wp-json\/wp\/v2\/eixos_tematicos?post=7720"},{"taxonomy":"locais","embeddable":true,"href":"https:\/\/forumjustica.com.br\/es\/wp-json\/wp\/v2\/locais?post=7720"},{"taxonomy":"pessoas","embeddable":true,"href":"https:\/\/forumjustica.com.br\/es\/wp-json\/wp\/v2\/pessoas?post=7720"},{"taxonomy":"estado","embeddable":true,"href":"https:\/\/forumjustica.com.br\/es\/wp-json\/wp\/v2\/estado?post=7720"},{"taxonomy":"academia","embeddable":true,"href":"https:\/\/forumjustica.com.br\/es\/wp-json\/wp\/v2\/academia?post=7720"},{"taxonomy":"sociedade_civil","embeddable":true,"href":"https:\/\/forumjustica.com.br\/es\/wp-json\/wp\/v2\/sociedade_civil?post=7720"}],"curies":[{"name":"wp","href":"https:\/\/api.w.org\/{rel}","templated":true}]}}