{"id":7775,"date":"2014-01-10T10:01:00","date_gmt":"2014-01-10T12:01:00","guid":{"rendered":"https:\/\/forumjustica.vlannetwork.com\/?p=7775"},"modified":"2022-09-04T21:15:51","modified_gmt":"2022-09-05T00:15:51","slug":"projeto-conhecer-direito-e-institucionalizado","status":"publish","type":"post","link":"https:\/\/forumjustica.com.br\/es\/projeto-conhecer-direito-e-institucionalizado\/","title":{"rendered":"Projeto \u201cConhecer Direito\u201d \u00e9 institucionalizado"},"content":{"rendered":"<p>08\/01\/2014 &#8211; 10:08<\/p>\n<p>Fonte: ADEP\/DF com informa\u00e7\u00f5es da Ascom DPE\/DF<br \/>\nEstado: DF<\/p>\n<div>\n<table cellspacing=\"0\" cellpadding=\"0\">\n<tbody>\n<tr>\n<td><img decoding=\"async\" src=\"https:\/\/ci3.googleusercontent.com\/proxy\/IDRFcoCrh6riLCRk9ltPSyYJ75FbzG0tNL5IiA1J1JmDBAaTzizpbybWpsC3iOrpt7aKbdlQbXYCphqh_uOyvqQdYvhZSOmcEZ2X2jfqJR3D3r_BbnlDG3AgmlZ01r9B9Wm0B8uhVdg=s0-d-e1-ft#http:\/\/www.anadep.org.br\/wtksite\/cms\/conteudo\/18843\/Logo-conhecer-Direito-copy.jpg\" alt=\"\" \/><\/td>\n<\/tr>\n<\/tbody>\n<\/table>\n<p>Foi publicada no DODF n\u00ba 275, de 23.12.2013, p\u00e1ginas 29\/30, a Portaria n\u00ba 300, de 20.12.2013, da lavra do Secret\u00e1rio de Estado de Educa\u00e7\u00e3o do Distrito Federal, com objetivo de formar grupo de trabalho respons\u00e1vel pela indica\u00e7\u00e3o de metodologia e cronograma de implementa\u00e7\u00e3o, acompanhamento e avalia\u00e7\u00e3o do Projeto Conhecer Direito nas vers\u00f5es presenciais, libras e on-line e do Programa Paternidade Respons\u00e1vel, para o ano de 2014, no \u00e2mbito das escolas p\u00fablicas do Distrito Federal, em trabalho conjunto com a DPDF.<\/p>\n<p>A medida \u00e9 vanguardista no cen\u00e1rio nacional, fruto de intenso trabalho da gest\u00e3o no sentido de proporcionar a Educa\u00e7\u00e3o em Direitos \u00e0 popula\u00e7\u00e3o carente do Distrito Federal, em cumprimento aos objetivos da Defensoria P\u00fablica conforme o disposto no artigo\u00a0 3\u00ba-A, incisos I a III da Lei Complementar 80\/94, fortalecendo a primazia da dignidade da pessoa humana, a redu\u00e7\u00e3o das desigualdades sociais, a afirma\u00e7\u00e3o do Estado Democr\u00e1tico de Direito e a preval\u00eancia e efetividade dos direitos humanos, alcan\u00e7ando assim, de igual forma, o cumprimento do artigo 4\u00ba, inciso III da mesma LC 80\/94, no sentido de promover a difus\u00e3o e a conscientiza\u00e7\u00e3o dos direitos humanos, da cidadania e do ordenamento jur\u00eddico.<\/p>\n<\/div>\n<p><a href=\"http:\/\/www.anadep.org.br\/wtk\/pagina\/materia?id=18843\">http:\/\/www.anadep.org.br\/wtk\/pagina\/materia?id=18843<\/a><\/p>\n","protected":false},"excerpt":{"rendered":"<p>08\/01\/2014 &#8211; 10:08 Fonte: ADEP\/DF com informa\u00e7\u00f5es da Ascom DPE\/DF Estado: DF Foi publicada no DODF n\u00ba 275, de 23.12.2013, p\u00e1ginas 29\/30, a Portaria n\u00ba 300, de 20.12.2013, da lavra do Secret\u00e1rio de Estado de Educa\u00e7\u00e3o do Distrito Federal, com objetivo de formar grupo de trabalho respons\u00e1vel pela indica\u00e7\u00e3o de metodologia e cronograma de implementa\u00e7\u00e3o, [&hellip;]<\/p>\n","protected":false},"author":13,"featured_media":0,"comment_status":"open","ping_status":"closed","sticky":false,"template":"","format":"standard","meta":{"inline_featured_image":false,"footnotes":""},"categories":[1],"tags":[],"anos":[],"projetos":[],"autorias":[],"eixos_tematicos":[],"locais":[],"pessoas":[],"estado":[],"academia":[],"sociedade_civil":[],"class_list":["post-7775","post","type-post","status-publish","format-standard","hentry","category-noticias"],"_links":{"self":[{"href":"https:\/\/forumjustica.com.br\/es\/wp-json\/wp\/v2\/posts\/7775","targetHints":{"allow":["GET"]}}],"collection":[{"href":"https:\/\/forumjustica.com.br\/es\/wp-json\/wp\/v2\/posts"}],"about":[{"href":"https:\/\/forumjustica.com.br\/es\/wp-json\/wp\/v2\/types\/post"}],"author":[{"embeddable":true,"href":"https:\/\/forumjustica.com.br\/es\/wp-json\/wp\/v2\/users\/13"}],"replies":[{"embeddable":true,"href":"https:\/\/forumjustica.com.br\/es\/wp-json\/wp\/v2\/comments?post=7775"}],"version-history":[{"count":1,"href":"https:\/\/forumjustica.com.br\/es\/wp-json\/wp\/v2\/posts\/7775\/revisions"}],"predecessor-version":[{"id":17405,"href":"https:\/\/forumjustica.com.br\/es\/wp-json\/wp\/v2\/posts\/7775\/revisions\/17405"}],"wp:attachment":[{"href":"https:\/\/forumjustica.com.br\/es\/wp-json\/wp\/v2\/media?parent=7775"}],"wp:term":[{"taxonomy":"category","embeddable":true,"href":"https:\/\/forumjustica.com.br\/es\/wp-json\/wp\/v2\/categories?post=7775"},{"taxonomy":"post_tag","embeddable":true,"href":"https:\/\/forumjustica.com.br\/es\/wp-json\/wp\/v2\/tags?post=7775"},{"taxonomy":"anos","embeddable":true,"href":"https:\/\/forumjustica.com.br\/es\/wp-json\/wp\/v2\/anos?post=7775"},{"taxonomy":"projetos","embeddable":true,"href":"https:\/\/forumjustica.com.br\/es\/wp-json\/wp\/v2\/projetos?post=7775"},{"taxonomy":"autorias","embeddable":true,"href":"https:\/\/forumjustica.com.br\/es\/wp-json\/wp\/v2\/autorias?post=7775"},{"taxonomy":"eixos_tematicos","embeddable":true,"href":"https:\/\/forumjustica.com.br\/es\/wp-json\/wp\/v2\/eixos_tematicos?post=7775"},{"taxonomy":"locais","embeddable":true,"href":"https:\/\/forumjustica.com.br\/es\/wp-json\/wp\/v2\/locais?post=7775"},{"taxonomy":"pessoas","embeddable":true,"href":"https:\/\/forumjustica.com.br\/es\/wp-json\/wp\/v2\/pessoas?post=7775"},{"taxonomy":"estado","embeddable":true,"href":"https:\/\/forumjustica.com.br\/es\/wp-json\/wp\/v2\/estado?post=7775"},{"taxonomy":"academia","embeddable":true,"href":"https:\/\/forumjustica.com.br\/es\/wp-json\/wp\/v2\/academia?post=7775"},{"taxonomy":"sociedade_civil","embeddable":true,"href":"https:\/\/forumjustica.com.br\/es\/wp-json\/wp\/v2\/sociedade_civil?post=7775"}],"curies":[{"name":"wp","href":"https:\/\/api.w.org\/{rel}","templated":true}]}}