{"id":7782,"date":"2014-01-14T16:40:17","date_gmt":"2014-01-14T18:40:17","guid":{"rendered":"https:\/\/forumjustica.vlannetwork.com\/?p=7782"},"modified":"2022-09-04T21:15:51","modified_gmt":"2022-09-05T00:15:51","slug":"convite-encontro-das-amigas-e-amigos-do-mst-na-regiao-norte-fluminense","status":"publish","type":"post","link":"https:\/\/forumjustica.com.br\/es\/convite-encontro-das-amigas-e-amigos-do-mst-na-regiao-norte-fluminense\/","title":{"rendered":"CONVITE: Encontro das Amigas e Amigos do MST na Regi\u00e3o Norte Fluminense"},"content":{"rendered":"<p>2014-01-08<\/p>\n<div id=\"nf_pagecontentcolumn\">\n<div id=\"content\">\n<div id=\"post-4729\">\n<p><img decoding=\"async\" src=\"http:\/\/boletimmstrj.mst.org.br\/img\/banner_encontro_amigos_campos.jpg\" alt=\"banner_encontro_amigos_campos\" width=\"600\" \/><\/p>\n<p>Companheiras e companheiros,<\/p>\n<p>O Movimento dos Trabalhadores Rurais Sem Terra tem prazer de convidar para o<strong>Encontro das Amigas e Amigos do MST<\/strong> na Regi\u00e3o Norte Fluminense. O evento ser\u00e1 no pr\u00f3ximo dia\u00a0<strong>24 de janeiro de 2014, \u00e0s 19:00h, em Campos dos Goytacazes \u2013 Avenida 28 de Mar\u00e7o, 485.<\/strong><\/p>\n<p>No mesmo\u00a0<strong>dia 24, \u00e0s 9:00h<\/strong>, ser\u00e1 realizado um\u00a0<strong>ato pol\u00edtico-cultural<\/strong> em mem\u00f3ria do mart\u00edrio de\u00a0<strong>Regina e C\u00edcero<\/strong> na pra\u00e7a S\u00e3o Salvador, em Campos. Ser\u00e1 realizada doa\u00e7\u00e3o de alimentos dos assentamentos da regi\u00e3o, e doa\u00e7\u00e3o de sangue dos acampados e assentados, em solidariedade e mem\u00f3ria \u00e0 luta de nossos companheiros. Haver\u00e1 um ato ecum\u00eanico em participa\u00e7\u00e3o da Comiss\u00e3o Pastoral da Terra (CPT).<\/p>\n<p>A exemplo do encontro realizado em dezembro no Rio de Janeiro, faremos na noite do dia 24, junto com todas e todos que t\u00eam nos acompanhado um balan\u00e7o do ano de 2013 e tra\u00e7aremos as perspectivas para 2014, rumo ao VI Congresso do MST.<\/p>\n<p>Iniciamos o ano com imensa tristeza, pois perdemos o camarada C\u00edcero Guedes e a camarada Regina dos Santos, assassinados por estarem em luta concreta e hist\u00f3rica contra a ditadura civil militar, contra o latif\u00fandio e contra o agroneg\u00f3cio.<\/p>\n<p>Duas mortes que abalaram fortemente o MST no Rio de Janeiro. E gra\u00e7as \u00e0 solidariedade das pessoas e organiza\u00e7\u00f5es parceiras ao MST \u00e9 que tivemos a for\u00e7a e energia para nos reconstruir e seguir firmes na luta.<\/p>\n<p>Este ano foi um dos piores anos para a Reforma Agr\u00e1ria. Tivemos apenas 157 fam\u00edlias assentadas em todo o pa\u00eds e percebemos que o conjunto das pol\u00edticas que est\u00e3o sendo implantadas no campo brasileiro e tamb\u00e9m para a reforma agr\u00e1ria seguem a l\u00f3gica de nos enfraquecer como organiza\u00e7\u00e3o e fortalecer ainda mais o agroneg\u00f3cio como a alternativa para o campo brasileiro. Ind\u00edgenas, Quilombolas, Campesinos e Assentados est\u00e3o perdendo seus territ\u00f3rios, estamos vivendo o que podemos chamar de Contra Reforma Agr\u00e1ria.<\/p>\n<p>Nenhuma fam\u00edlia foi assentada no estado do Rio de Janeiro desde 2007.<\/p>\n<p>O Rio de Janeiro que recebe o r\u00f3tulo de cidade do capital, por contradi\u00e7\u00e3o tamb\u00e9m se torna refer\u00eancia da cidade da rebeldia. Por conta das a\u00e7\u00f5es violentas do Estado, nas 3 esferas, os trabalhadores se rebelaram contra a viol\u00eancia policial nas favelas e depois nas mobiliza\u00e7\u00f5es; pelo direito a cidade; contra os altos gastos das reformas, constru\u00e7\u00f5es dos est\u00e1dios e contra as remo\u00e7\u00f5es de comunidades por conta da realiza\u00e7\u00e3o da copa do mundo; e principalmente contra o aumento das passagens.<\/p>\n<p>Parece que assistimos este ano, o ensaio do que pode acontecer em 2014.<\/p>\n<p>Todas as lutas que fizemos durante os \u00faltimos meses, e peguemos como exemplo a juventude e os professores, nos d\u00e3o for\u00e7a para este novo ano que chega.<\/p>\n<p>Como conquista, realizamos a nossa IV Feira Estadual da Reforma Agr\u00e1ria, e que neste ano passou a se chamar C\u00edcero Guedes. E tamb\u00e9m seguimos rumo ao nosso VI Congresso Nacional, de 10 a 14 de fevereiro de 2014 em Bras\u00edlia, com a expectativa de participa\u00e7\u00e3o de 15 mil militantes.<\/p>\n<p>\u201cLUTAR, CONSTRUIR A REFORMA AGR\u00c1RIA POPULAR\u201d<\/p>\n<p>MST-RJ<\/p>\n<p><img loading=\"lazy\" decoding=\"async\" src=\"http:\/\/boletimmstrj.mst.org.br\/img\/logo_mst_1_baixa1.png\" alt=\"logo_mst_1_baixa\" width=\"156\" height=\"157\" \/><\/p>\n<div><\/div>\n<\/div>\n<\/div>\n<\/div>\n<p><a href=\"http:\/\/boletimmstrj.mst.org.br\/encontro-das-amigas-e-amigos-do-mst-regiao-norte-fluminense\/\">http:\/\/boletimmstrj.mst.org.br\/encontro-das-amigas-e-amigos-do-mst-regiao-norte-fluminense\/<\/a><\/p>\n","protected":false},"excerpt":{"rendered":"<p>2014-01-08 Companheiras e companheiros, O Movimento dos Trabalhadores Rurais Sem Terra tem prazer de convidar para oEncontro das Amigas e Amigos do MST na Regi\u00e3o Norte Fluminense. O evento ser\u00e1 no pr\u00f3ximo dia\u00a024 de janeiro de 2014, \u00e0s 19:00h, em Campos dos Goytacazes \u2013 Avenida 28 de Mar\u00e7o, 485. No mesmo\u00a0dia 24, \u00e0s 9:00h, ser\u00e1 [&hellip;]<\/p>\n","protected":false},"author":13,"featured_media":0,"comment_status":"open","ping_status":"closed","sticky":false,"template":"","format":"standard","meta":{"inline_featured_image":false,"footnotes":""},"categories":[1],"tags":[],"anos":[],"projetos":[],"autorias":[],"eixos_tematicos":[],"locais":[],"pessoas":[],"estado":[],"academia":[],"sociedade_civil":[],"class_list":["post-7782","post","type-post","status-publish","format-standard","hentry","category-noticias"],"_links":{"self":[{"href":"https:\/\/forumjustica.com.br\/es\/wp-json\/wp\/v2\/posts\/7782","targetHints":{"allow":["GET"]}}],"collection":[{"href":"https:\/\/forumjustica.com.br\/es\/wp-json\/wp\/v2\/posts"}],"about":[{"href":"https:\/\/forumjustica.com.br\/es\/wp-json\/wp\/v2\/types\/post"}],"author":[{"embeddable":true,"href":"https:\/\/forumjustica.com.br\/es\/wp-json\/wp\/v2\/users\/13"}],"replies":[{"embeddable":true,"href":"https:\/\/forumjustica.com.br\/es\/wp-json\/wp\/v2\/comments?post=7782"}],"version-history":[{"count":1,"href":"https:\/\/forumjustica.com.br\/es\/wp-json\/wp\/v2\/posts\/7782\/revisions"}],"predecessor-version":[{"id":17400,"href":"https:\/\/forumjustica.com.br\/es\/wp-json\/wp\/v2\/posts\/7782\/revisions\/17400"}],"wp:attachment":[{"href":"https:\/\/forumjustica.com.br\/es\/wp-json\/wp\/v2\/media?parent=7782"}],"wp:term":[{"taxonomy":"category","embeddable":true,"href":"https:\/\/forumjustica.com.br\/es\/wp-json\/wp\/v2\/categories?post=7782"},{"taxonomy":"post_tag","embeddable":true,"href":"https:\/\/forumjustica.com.br\/es\/wp-json\/wp\/v2\/tags?post=7782"},{"taxonomy":"anos","embeddable":true,"href":"https:\/\/forumjustica.com.br\/es\/wp-json\/wp\/v2\/anos?post=7782"},{"taxonomy":"projetos","embeddable":true,"href":"https:\/\/forumjustica.com.br\/es\/wp-json\/wp\/v2\/projetos?post=7782"},{"taxonomy":"autorias","embeddable":true,"href":"https:\/\/forumjustica.com.br\/es\/wp-json\/wp\/v2\/autorias?post=7782"},{"taxonomy":"eixos_tematicos","embeddable":true,"href":"https:\/\/forumjustica.com.br\/es\/wp-json\/wp\/v2\/eixos_tematicos?post=7782"},{"taxonomy":"locais","embeddable":true,"href":"https:\/\/forumjustica.com.br\/es\/wp-json\/wp\/v2\/locais?post=7782"},{"taxonomy":"pessoas","embeddable":true,"href":"https:\/\/forumjustica.com.br\/es\/wp-json\/wp\/v2\/pessoas?post=7782"},{"taxonomy":"estado","embeddable":true,"href":"https:\/\/forumjustica.com.br\/es\/wp-json\/wp\/v2\/estado?post=7782"},{"taxonomy":"academia","embeddable":true,"href":"https:\/\/forumjustica.com.br\/es\/wp-json\/wp\/v2\/academia?post=7782"},{"taxonomy":"sociedade_civil","embeddable":true,"href":"https:\/\/forumjustica.com.br\/es\/wp-json\/wp\/v2\/sociedade_civil?post=7782"}],"curies":[{"name":"wp","href":"https:\/\/api.w.org\/{rel}","templated":true}]}}