{"id":7785,"date":"2014-01-13T16:48:05","date_gmt":"2014-01-13T18:48:05","guid":{"rendered":"https:\/\/forumjustica.vlannetwork.com\/?p=7785"},"modified":"2022-09-04T21:15:51","modified_gmt":"2022-09-05T00:15:51","slug":"presidente-da-adep-ba-considera-liminar-que-anula-audiencia-sobre-a-linha-viva-vitoria-da-populacao","status":"publish","type":"post","link":"https:\/\/forumjustica.com.br\/es\/presidente-da-adep-ba-considera-liminar-que-anula-audiencia-sobre-a-linha-viva-vitoria-da-populacao\/","title":{"rendered":"Presidente da ADEP-BA considera liminar que anula audi\u00eancia sobre a Linha Viva &#039;vit\u00f3ria da popula\u00e7\u00e3o&#039;"},"content":{"rendered":"<p>4\/10\/2013 &#8211; 12:59<\/p>\n<p>Fonte: Ascom\/ ADEP-BA<\/p>\n<p>Estado: BA<\/p>\n<div>\n<table cellspacing=\"0\" cellpadding=\"0\">\n<tbody>\n<tr>\n<td><img decoding=\"async\" src=\"http:\/\/www.anadep.org.br\/wtksite\/cms\/conteudo\/18404\/linha-viva.jpg\" alt=\"\" \/><\/td>\n<\/tr>\n<\/tbody>\n<\/table>\n<\/div>\n<div>\n<div>A presidente da Adep-BA, Soraia Ramos, considera \u00abvitoriosa\u00bb a liminar que anula a audi\u00eancia p\u00fablica sobre a Linha Viva, realizada no \u00faltimo m\u00eas de setembro, quando moradores do bairro de Saramandaia se disseram exclu\u00eddos do debate. A decis\u00e3o judicial tamb\u00e9m suspende, por ora, o processo licitat\u00f3rio da obra, uma via expressa de quase 18 km de extens\u00e3o que visa ligar a BR-324 ao aeroporto.<\/div>\n<div>A determina\u00e7\u00e3o ocorre 21 dias ap\u00f3s os defensores p\u00fablicos Ma\u00edra Calmon de Passos e Alex Raposo terem ingressado com uma a\u00e7\u00e3o civil p\u00fablica pedindo a convoca\u00e7\u00e3o de uma nova audi\u00eancia.<\/div>\n<div>\u00abA comunidade teve sua participa\u00e7\u00e3o cerceada nas discuss\u00f5es sobre o projeto\u00bb, disse Soraia Ramos nesta quarta-feira, 23.<\/div>\n<div>Segundo Ma\u00edra Calmon, que atua no N\u00facleo de Regulariza\u00e7\u00e3o Fundi\u00e1ria da Defensoria P\u00fablica, 3.200 moradias ser\u00e3o desapropriadas para a constru\u00e7\u00e3o da Linha Viva. \u00abS\u00e3o fam\u00edlias de baixa renda que n\u00e3o sabem que destino ter\u00e3o e nem tiveram conhecimento da audi\u00eancia, no audit\u00f3rio do Parque Tecnol\u00f3gico (Paralela). O evento n\u00e3o foi divulgado pelos ve\u00edculos de grande circula\u00e7\u00e3o e s\u00f3 foi publicado no Di\u00e1rio Oficial do Munic\u00edpio. Para piorar, ocorreu num local em que s\u00f3 cabiam cem cadeiras, deixando os representantes comunit\u00e1rios do lado fora\u00bb, afirma.<\/div>\n<div>A defensora explica que a principal queixa dos moradores se d\u00e1 porque a Prefeitura de Salvador n\u00e3o apresentou sequer um plano de remo\u00e7\u00e3o das fam\u00edlias.<\/div>\n<div>Tocado pela Secretaria Municipal de Transportes, o projeto, conforme Ma\u00edra Calmon, confronta a Lei de Mobilidade Urbana, j\u00e1 que n\u00e3o se trata de um investimento p\u00fablico e, nos moldes que est\u00e1, representa enorme preju\u00edzo social. \u00abTrata-se de uma via privatizada que ser\u00e1 totalmente pedagiada, onde s\u00f3 poder\u00e3o passar carros de passeio; ou seja: \u00e9 um projeto de mobilidade urbana de elite\u00bb, reitera.<\/div>\n<div>De acordo com a defensora, o pr\u00f3ximo passo \u00e9 garantir que, em audi\u00eancia futura, sejam discutidos pontos relevantes e de interesse das comunidades afetadas, como realoca\u00e7\u00e3o das moradias, creches, escolas e indeniza\u00e7\u00f5es.<\/div>\n<div>Caso destaca import\u00e2ncia do defensor \u00a0&#8211; Para a presidente da Adep-BA, esse tipo de vit\u00f3ria s\u00f3 refor\u00e7a a import\u00e2ncia do defensor p\u00fablico e sua atua\u00e7\u00e3o para assegurar \u00e0 popula\u00e7\u00e3o de baixa renda acesso \u00e0 Justi\u00e7a. Segundo Soraia Ramos, apesar do deficit atual de mais de mil profissionais na institui\u00e7\u00e3o, os dois defensores do caso em quest\u00e3o conseguiram atuar em favor de um n\u00famero expressivo de assistidos.<\/div>\n<div>\u00abS\u00e3o casos com esse que nos mostram a necessidade de contarmos com mais defensores em todas as \u00e1reas, ampliando nossa capacidade de atender as demandas da popula\u00e7\u00e3o mais carente\u00bb, afirma.<\/div>\n<\/div>\n<div><a href=\"http:\/\/www.anadep.org.br\/wtk\/pagina\/materia?id=18404\"><\/a><\/div>\n<p><a href=\"http:\/\/www.anadep.org.br\/wtk\/pagina\/materia?id=18404\">http:\/\/www.anadep.org.br\/wtk\/pagina\/materia?id=18404<\/a><\/p>\n","protected":false},"excerpt":{"rendered":"<p>4\/10\/2013 &#8211; 12:59 Fonte: Ascom\/ ADEP-BA Estado: BA A presidente da Adep-BA, Soraia Ramos, considera \u00abvitoriosa\u00bb a liminar que anula a audi\u00eancia p\u00fablica sobre a Linha Viva, realizada no \u00faltimo m\u00eas de setembro, quando moradores do bairro de Saramandaia se disseram exclu\u00eddos do debate. A decis\u00e3o judicial tamb\u00e9m suspende, por ora, o processo licitat\u00f3rio da [&hellip;]<\/p>\n","protected":false},"author":13,"featured_media":0,"comment_status":"open","ping_status":"closed","sticky":false,"template":"","format":"standard","meta":{"inline_featured_image":false,"footnotes":""},"categories":[1],"tags":[],"anos":[],"projetos":[],"autorias":[],"eixos_tematicos":[],"locais":[],"pessoas":[],"estado":[],"academia":[],"sociedade_civil":[],"class_list":["post-7785","post","type-post","status-publish","format-standard","hentry","category-noticias"],"_links":{"self":[{"href":"https:\/\/forumjustica.com.br\/es\/wp-json\/wp\/v2\/posts\/7785","targetHints":{"allow":["GET"]}}],"collection":[{"href":"https:\/\/forumjustica.com.br\/es\/wp-json\/wp\/v2\/posts"}],"about":[{"href":"https:\/\/forumjustica.com.br\/es\/wp-json\/wp\/v2\/types\/post"}],"author":[{"embeddable":true,"href":"https:\/\/forumjustica.com.br\/es\/wp-json\/wp\/v2\/users\/13"}],"replies":[{"embeddable":true,"href":"https:\/\/forumjustica.com.br\/es\/wp-json\/wp\/v2\/comments?post=7785"}],"version-history":[{"count":1,"href":"https:\/\/forumjustica.com.br\/es\/wp-json\/wp\/v2\/posts\/7785\/revisions"}],"predecessor-version":[{"id":17403,"href":"https:\/\/forumjustica.com.br\/es\/wp-json\/wp\/v2\/posts\/7785\/revisions\/17403"}],"wp:attachment":[{"href":"https:\/\/forumjustica.com.br\/es\/wp-json\/wp\/v2\/media?parent=7785"}],"wp:term":[{"taxonomy":"category","embeddable":true,"href":"https:\/\/forumjustica.com.br\/es\/wp-json\/wp\/v2\/categories?post=7785"},{"taxonomy":"post_tag","embeddable":true,"href":"https:\/\/forumjustica.com.br\/es\/wp-json\/wp\/v2\/tags?post=7785"},{"taxonomy":"anos","embeddable":true,"href":"https:\/\/forumjustica.com.br\/es\/wp-json\/wp\/v2\/anos?post=7785"},{"taxonomy":"projetos","embeddable":true,"href":"https:\/\/forumjustica.com.br\/es\/wp-json\/wp\/v2\/projetos?post=7785"},{"taxonomy":"autorias","embeddable":true,"href":"https:\/\/forumjustica.com.br\/es\/wp-json\/wp\/v2\/autorias?post=7785"},{"taxonomy":"eixos_tematicos","embeddable":true,"href":"https:\/\/forumjustica.com.br\/es\/wp-json\/wp\/v2\/eixos_tematicos?post=7785"},{"taxonomy":"locais","embeddable":true,"href":"https:\/\/forumjustica.com.br\/es\/wp-json\/wp\/v2\/locais?post=7785"},{"taxonomy":"pessoas","embeddable":true,"href":"https:\/\/forumjustica.com.br\/es\/wp-json\/wp\/v2\/pessoas?post=7785"},{"taxonomy":"estado","embeddable":true,"href":"https:\/\/forumjustica.com.br\/es\/wp-json\/wp\/v2\/estado?post=7785"},{"taxonomy":"academia","embeddable":true,"href":"https:\/\/forumjustica.com.br\/es\/wp-json\/wp\/v2\/academia?post=7785"},{"taxonomy":"sociedade_civil","embeddable":true,"href":"https:\/\/forumjustica.com.br\/es\/wp-json\/wp\/v2\/sociedade_civil?post=7785"}],"curies":[{"name":"wp","href":"https:\/\/api.w.org\/{rel}","templated":true}]}}