{"id":7803,"date":"2014-01-15T10:00:19","date_gmt":"2014-01-15T12:00:19","guid":{"rendered":"https:\/\/forumjustica.vlannetwork.com\/?p=7803"},"modified":"2022-09-04T21:15:51","modified_gmt":"2022-09-05T00:15:51","slug":"justica-determina-que-pessoas-presas-provisoriamente-nao-tenham-imagem-ou-foto-divulgadas","status":"publish","type":"post","link":"https:\/\/forumjustica.com.br\/es\/justica-determina-que-pessoas-presas-provisoriamente-nao-tenham-imagem-ou-foto-divulgadas\/","title":{"rendered":"Justi\u00e7a determina que pessoas presas provisoriamente n\u00e3o tenham imagem ou foto divulgadas"},"content":{"rendered":"<p>13\/01\/2014 &#8211; 21h19<br \/>\nJusti\u00e7a<br \/>\nDouglas Corr\u00eaa<br \/>\nRep\u00f3rter da Ag\u00eancia Brasil<\/p>\n<p>Rio de Janeiro &#8211; A Justi\u00e7a do Rio determinou que pessoas presas provisoriamente n\u00e3o poder\u00e3o  mais ter a imagem ou foto do acusado divulgada.  A medida diz que o estado do Rio, por meio de seus agentes p\u00fablicos \u2013 delegados de pol\u00edcia, policiais militares, agentes da Secretaria Estadual de Administra\u00e7\u00e3o Penitenci\u00e1ria (SEAP), entre outros \u2013, somente divulgue, em princ\u00edpio, o nome do acusado, a descri\u00e7\u00e3o dos seus atributos f\u00edsicos juntamente com o fato imputado, sem qualquer divulga\u00e7\u00e3o de imagem ou foto.<\/p>\n<p>A decis\u00e3o da 1\u00aa Vara de Fazenda P\u00fablica da Capital &#8211; em car\u00e1ter liminar &#8211; disp\u00f5e, ainda, que, caso n\u00e3o opte pela divulga\u00e7\u00e3o nos termos indicados acima, o Estado dever\u00e1 motivar previamente as raz\u00f5es para a exibi\u00e7\u00e3o do encarcerado provis\u00f3rio.<\/p>\n<p>A a\u00e7\u00e3o civil p\u00fablica foi proposta pela Defensoria P\u00fablica do Rio de Janeiro sob a alega\u00e7\u00e3o de que ocorrem in\u00fameros equ\u00edvocos cometidos pelo Estado ao expor pessoas presumidamente inocentes e que tiveram seus rostos divulgados, observando que policiais militares, se acusados de pr\u00e1tica criminosa, recebem tratamento diverso por for\u00e7a de diploma legal.<\/p>\n<p>Em sua defesa, o estado do Rio sustentou que a eventual divulga\u00e7\u00e3o de imagem de indiciados \u00e9 importante para levar ao p\u00fablico a not\u00edcia da suspeita sobre determinado indiv\u00edduo, criando a possibilidade para que eventuais testemunhas reconhe\u00e7am o efetivo envolvimento daquela pessoa nos crimes investigados pela Pol\u00edcia Civil. O Estado informa ainda  que, nesses casos, \u00e9 assegurado o necess\u00e1rio respeito \u00e0 dignidade e \u00e0 imagem dos indiciados.<\/p>\n<p>Edi\u00e7\u00e3o: F\u00e1bio Massalli<\/p>\n<p><a href=\"http:\/\/agenciabrasil.ebc.com.br\/noticia\/2014-01-13\/justica-determina-que-pessoas-presas-provisoriamente-nao-tenham-imagem-ou-foto-divulgadas\">http:\/\/agenciabrasil.ebc.com.br\/noticia\/2014-01-13\/justica-determina-que-pessoas-presas-provisoriamente-nao-tenham-imagem-ou-foto-divulgadas<\/a><\/p>\n","protected":false},"excerpt":{"rendered":"<p>13\/01\/2014 &#8211; 21h19 Justi\u00e7a Douglas Corr\u00eaa Rep\u00f3rter da Ag\u00eancia Brasil Rio de Janeiro &#8211; A Justi\u00e7a do Rio determinou que pessoas presas provisoriamente n\u00e3o poder\u00e3o mais ter a imagem ou foto do acusado divulgada. A medida diz que o estado do Rio, por meio de seus agentes p\u00fablicos \u2013 delegados de pol\u00edcia, policiais militares, agentes [&hellip;]<\/p>\n","protected":false},"author":13,"featured_media":0,"comment_status":"open","ping_status":"closed","sticky":false,"template":"","format":"standard","meta":{"inline_featured_image":false,"footnotes":""},"categories":[1],"tags":[],"anos":[],"projetos":[],"autorias":[],"eixos_tematicos":[],"locais":[],"pessoas":[],"estado":[],"academia":[],"sociedade_civil":[],"class_list":["post-7803","post","type-post","status-publish","format-standard","hentry","category-noticias"],"_links":{"self":[{"href":"https:\/\/forumjustica.com.br\/es\/wp-json\/wp\/v2\/posts\/7803","targetHints":{"allow":["GET"]}}],"collection":[{"href":"https:\/\/forumjustica.com.br\/es\/wp-json\/wp\/v2\/posts"}],"about":[{"href":"https:\/\/forumjustica.com.br\/es\/wp-json\/wp\/v2\/types\/post"}],"author":[{"embeddable":true,"href":"https:\/\/forumjustica.com.br\/es\/wp-json\/wp\/v2\/users\/13"}],"replies":[{"embeddable":true,"href":"https:\/\/forumjustica.com.br\/es\/wp-json\/wp\/v2\/comments?post=7803"}],"version-history":[{"count":1,"href":"https:\/\/forumjustica.com.br\/es\/wp-json\/wp\/v2\/posts\/7803\/revisions"}],"predecessor-version":[{"id":17399,"href":"https:\/\/forumjustica.com.br\/es\/wp-json\/wp\/v2\/posts\/7803\/revisions\/17399"}],"wp:attachment":[{"href":"https:\/\/forumjustica.com.br\/es\/wp-json\/wp\/v2\/media?parent=7803"}],"wp:term":[{"taxonomy":"category","embeddable":true,"href":"https:\/\/forumjustica.com.br\/es\/wp-json\/wp\/v2\/categories?post=7803"},{"taxonomy":"post_tag","embeddable":true,"href":"https:\/\/forumjustica.com.br\/es\/wp-json\/wp\/v2\/tags?post=7803"},{"taxonomy":"anos","embeddable":true,"href":"https:\/\/forumjustica.com.br\/es\/wp-json\/wp\/v2\/anos?post=7803"},{"taxonomy":"projetos","embeddable":true,"href":"https:\/\/forumjustica.com.br\/es\/wp-json\/wp\/v2\/projetos?post=7803"},{"taxonomy":"autorias","embeddable":true,"href":"https:\/\/forumjustica.com.br\/es\/wp-json\/wp\/v2\/autorias?post=7803"},{"taxonomy":"eixos_tematicos","embeddable":true,"href":"https:\/\/forumjustica.com.br\/es\/wp-json\/wp\/v2\/eixos_tematicos?post=7803"},{"taxonomy":"locais","embeddable":true,"href":"https:\/\/forumjustica.com.br\/es\/wp-json\/wp\/v2\/locais?post=7803"},{"taxonomy":"pessoas","embeddable":true,"href":"https:\/\/forumjustica.com.br\/es\/wp-json\/wp\/v2\/pessoas?post=7803"},{"taxonomy":"estado","embeddable":true,"href":"https:\/\/forumjustica.com.br\/es\/wp-json\/wp\/v2\/estado?post=7803"},{"taxonomy":"academia","embeddable":true,"href":"https:\/\/forumjustica.com.br\/es\/wp-json\/wp\/v2\/academia?post=7803"},{"taxonomy":"sociedade_civil","embeddable":true,"href":"https:\/\/forumjustica.com.br\/es\/wp-json\/wp\/v2\/sociedade_civil?post=7803"}],"curies":[{"name":"wp","href":"https:\/\/api.w.org\/{rel}","templated":true}]}}