{"id":7849,"date":"2014-02-03T15:57:32","date_gmt":"2014-02-03T17:57:32","guid":{"rendered":"https:\/\/forumjustica.vlannetwork.com\/?p=7849"},"modified":"2022-09-04T21:15:51","modified_gmt":"2022-09-05T00:15:51","slug":"pesquisa-vai-mostrar-como-sao-tratados-os-negros-no-sistema-judicial","status":"publish","type":"post","link":"https:\/\/forumjustica.com.br\/es\/pesquisa-vai-mostrar-como-sao-tratados-os-negros-no-sistema-judicial\/","title":{"rendered":"Pesquisa vai mostrar como s\u00e3o tratados os negros no sistema judicial"},"content":{"rendered":"<div>\n<div>30\/01\/2014 &#8211; 10h10<\/div>\n<\/div>\n<div>\n<div id=\"bg-conteudo\">\n<div id=\"conteudo-interno-noticias\">\n<div>\n<div>Gil Ferreira\/Ag\u00eancia CNJ<\/div>\n<p><img decoding=\"async\" src=\"http:\/\/farm4.staticflickr.com\/3710\/12191925745_02c569b8c8.jpg\" alt=\"Pesquisa vai mostrar como s\u00e3o tratados os negros no sistema judicial\" \/><\/p>\n<\/div>\n<p>O Conselho Nacional de Justi\u00e7a (CNJ) deve fazer uma pesquisa para verificar se os jovens negros, na condi\u00e7\u00e3o de r\u00e9us, recebem o mesmo tratamento dispensado aos brancos no sistema judicial. \u201cOs jovens negros muitas vezes enfrentam a impossibilidade de acesso \u00e0 Justi\u00e7a\u201d, disse o conselheiro Guilherme Calmon. Al\u00e9m da dificuldade de acesso, o estudo, a ser feito pelo Departamento de Pesquisas Judici\u00e1rias (DPJ), do CNJ, vai investigar se os jovens tamb\u00e9m s\u00e3o discriminados quando acusados de algum delito.<\/p>\n<p>A proposta foi discutida na ter\u00e7a-feira (28\/01) pelos representantes das institui\u00e7\u00f5es signat\u00e1rias do Protocolo de Atua\u00e7\u00e3o para a Redu\u00e7\u00e3o de Barreiras de Acesso \u00e0 Justi\u00e7a para a Juventude Negra em Situa\u00e7\u00e3o de Viol\u00eancia, em reuni\u00e3o coordenada pelo conselheiro Guilherme Calmon.<\/p>\n<p>O Protocolo foi assinado em 29 de outubro de 2013 por representantes do CNJ, o Minist\u00e9rio da Justi\u00e7a, a Procuradoria-Geral da Rep\u00fablica (PGR), o Conselho Nacional do Minist\u00e9rio P\u00fablico (CNMP), a Secretaria-Geral da Presid\u00eancia da Rep\u00fablica (SG\/PR), a Secretaria de Pol\u00edticas de Promo\u00e7\u00e3o da Igualdade Racial (SEPPIR), a Ordem dos Advogados do Brasil (OAB) e o Conselho Nacional de Defensores P\u00fablicos Gerais (Condege).<\/p>\n<p>Na reuni\u00e3o desta semana, foram definidas as a\u00e7\u00f5es a serem executadas por cada um dos \u00f3rg\u00e3os. \u201cFicou definido o papel de cada institui\u00e7\u00e3o, com a atribui\u00e7\u00e3o de responsabilidades e defini\u00e7\u00e3o de prazos\u201d, explicou Douglas Martins, juiz auxiliar da Presid\u00eancia do CNJ e coordenador do Departamento de Monitoramento e Fiscaliza\u00e7\u00e3o do Sistema Carcer\u00e1rio e do Sistema de Execu\u00e7\u00e3o de Medidas Socioeducativas (DMF), do CNJ.<\/p>\n<p>Para Douglas Martins, um passo importante foi a inclus\u00e3o da quest\u00e3o racial na pauta do Poder Judici\u00e1rio, com a previs\u00e3o de realiza\u00e7\u00e3o de semin\u00e1rios e de proposta \u00e0 Escola Nacional da Magistratura de Forma\u00e7\u00e3o e Aperfei\u00e7oamento de Magistrados (Enfam) para incluir no curr\u00edculo de todas as escolas da magistratura mat\u00e9ria sobre discrimina\u00e7\u00e3o racial.<\/p>\n<p>O CNJ prop\u00f4s a realiza\u00e7\u00e3o, neste ano, de reuni\u00f5es com todas as coordenadorias de Inf\u00e2ncia e Juventude para garantir os direitos dos adolescentes em cumprimento de medida socioeducativa. O conselho defende a prioridade na aplica\u00e7\u00e3o de medidas n\u00e3o restritivas de liberdade aos adolescentes que tenham praticado algum ato ilegal.<\/p>\n<p>J\u00e1 o Condenge defendeu a cria\u00e7\u00e3o de n\u00facleos especializados no combate ao racismo nas defensorias p\u00fablicas, o fortalecimento da a\u00e7\u00e3o da defensoria no caso de pris\u00e3o de jovens negros e a amplia\u00e7\u00e3o da presen\u00e7a da defensoria nas localidades mais vulner\u00e1veis.<\/p>\n<p><em>Gilson Luiz Euz\u00e9bio<\/em><br \/>\n<em>Ag\u00eancia CNJ de not\u00edcias<\/em><\/p>\n<p><a href=\"http:\/\/www.cnj.jus.br\/noticias\/cnj\/27473:pesquisa-vai-mostrar-como-sao-tratados-os-negros-no-sistema-judicial\">http:\/\/www.cnj.jus.br\/noticias\/cnj\/27473:pesquisa-vai-mostrar-como-sao-tratados-os-negros-no-sistema-judicial<\/a><\/p>\n","protected":false},"excerpt":{"rendered":"<p>30\/01\/2014 &#8211; 10h10 Gil Ferreira\/Ag\u00eancia CNJ O Conselho Nacional de Justi\u00e7a (CNJ) deve fazer uma pesquisa para verificar se os jovens negros, na condi\u00e7\u00e3o de r\u00e9us, recebem o mesmo tratamento dispensado aos brancos no sistema judicial. \u201cOs jovens negros muitas vezes enfrentam a impossibilidade de acesso \u00e0 Justi\u00e7a\u201d, disse o conselheiro Guilherme Calmon. Al\u00e9m da [&hellip;]<\/p>\n","protected":false},"author":13,"featured_media":0,"comment_status":"open","ping_status":"closed","sticky":false,"template":"","format":"standard","meta":{"inline_featured_image":false,"footnotes":""},"categories":[1],"tags":[],"anos":[],"projetos":[],"autorias":[],"eixos_tematicos":[],"locais":[],"pessoas":[],"estado":[],"academia":[],"sociedade_civil":[],"class_list":["post-7849","post","type-post","status-publish","format-standard","hentry","category-noticias"],"_links":{"self":[{"href":"https:\/\/forumjustica.com.br\/es\/wp-json\/wp\/v2\/posts\/7849","targetHints":{"allow":["GET"]}}],"collection":[{"href":"https:\/\/forumjustica.com.br\/es\/wp-json\/wp\/v2\/posts"}],"about":[{"href":"https:\/\/forumjustica.com.br\/es\/wp-json\/wp\/v2\/types\/post"}],"author":[{"embeddable":true,"href":"https:\/\/forumjustica.com.br\/es\/wp-json\/wp\/v2\/users\/13"}],"replies":[{"embeddable":true,"href":"https:\/\/forumjustica.com.br\/es\/wp-json\/wp\/v2\/comments?post=7849"}],"version-history":[{"count":1,"href":"https:\/\/forumjustica.com.br\/es\/wp-json\/wp\/v2\/posts\/7849\/revisions"}],"predecessor-version":[{"id":17391,"href":"https:\/\/forumjustica.com.br\/es\/wp-json\/wp\/v2\/posts\/7849\/revisions\/17391"}],"wp:attachment":[{"href":"https:\/\/forumjustica.com.br\/es\/wp-json\/wp\/v2\/media?parent=7849"}],"wp:term":[{"taxonomy":"category","embeddable":true,"href":"https:\/\/forumjustica.com.br\/es\/wp-json\/wp\/v2\/categories?post=7849"},{"taxonomy":"post_tag","embeddable":true,"href":"https:\/\/forumjustica.com.br\/es\/wp-json\/wp\/v2\/tags?post=7849"},{"taxonomy":"anos","embeddable":true,"href":"https:\/\/forumjustica.com.br\/es\/wp-json\/wp\/v2\/anos?post=7849"},{"taxonomy":"projetos","embeddable":true,"href":"https:\/\/forumjustica.com.br\/es\/wp-json\/wp\/v2\/projetos?post=7849"},{"taxonomy":"autorias","embeddable":true,"href":"https:\/\/forumjustica.com.br\/es\/wp-json\/wp\/v2\/autorias?post=7849"},{"taxonomy":"eixos_tematicos","embeddable":true,"href":"https:\/\/forumjustica.com.br\/es\/wp-json\/wp\/v2\/eixos_tematicos?post=7849"},{"taxonomy":"locais","embeddable":true,"href":"https:\/\/forumjustica.com.br\/es\/wp-json\/wp\/v2\/locais?post=7849"},{"taxonomy":"pessoas","embeddable":true,"href":"https:\/\/forumjustica.com.br\/es\/wp-json\/wp\/v2\/pessoas?post=7849"},{"taxonomy":"estado","embeddable":true,"href":"https:\/\/forumjustica.com.br\/es\/wp-json\/wp\/v2\/estado?post=7849"},{"taxonomy":"academia","embeddable":true,"href":"https:\/\/forumjustica.com.br\/es\/wp-json\/wp\/v2\/academia?post=7849"},{"taxonomy":"sociedade_civil","embeddable":true,"href":"https:\/\/forumjustica.com.br\/es\/wp-json\/wp\/v2\/sociedade_civil?post=7849"}],"curies":[{"name":"wp","href":"https:\/\/api.w.org\/{rel}","templated":true}]}}