{"id":7853,"date":"2014-01-31T18:19:35","date_gmt":"2014-01-31T20:19:35","guid":{"rendered":"https:\/\/forumjustica.vlannetwork.com\/?p=7853"},"modified":"2022-09-04T21:15:51","modified_gmt":"2022-09-05T00:15:51","slug":"a-resistencia-dos-camelos-da-uruguaiana","status":"publish","type":"post","link":"https:\/\/forumjustica.com.br\/es\/a-resistencia-dos-camelos-da-uruguaiana\/","title":{"rendered":"A resist\u00eancia dos camel\u00f4s da Uruguaiana"},"content":{"rendered":"<p>Publicado em\u00a0<a title=\"17:50\" rel=\"bookmark\" href=\"http:\/\/movimentounidodoscamelos.wordpress.com\/2014\/01\/27\/a-resistencia-dos-camelos-da-uruguaiana\/\">27 de janeiro de 2014<\/a> |<\/p>\n<p><a title=\"Coment\u00e1rio para A resist\u00eancia dos camel\u00f4s da\u00a0Uruguaiana\" href=\"http:\/\/movimentounidodoscamelos.wordpress.com\/2014\/01\/27\/a-resistencia-dos-camelos-da-uruguaiana\/#comments\"><\/a>Por\u00a0<strong>Maria dos Camel\u00f4s<\/strong> e\u00a0<strong>Hertz Leal<\/strong>, do\u00a0<a href=\"http:\/\/movimentounidodoscamelos.wordpress.com\/\" target=\"_blank\" rel=\"noopener\">Movimento Unido dos Camel\u00f4s<\/a>(MUCA) em\u00a0<a href=\"http:\/\/uninomade.net\/tenda\/a-resistencia-dos-camelos-da-uruguaiana\/\">Rede Universidade N\u00f4made<\/a><\/p>\n<p><a href=\"http:\/\/movimentounidodoscamelos.files.wordpress.com\/2014\/01\/1601165_255930897903743_92606787_n-300x225carro-da-gm-na-uruguaiana.jpg\"><img decoding=\"async\" id=\"i-271\" src=\"http:\/\/movimentounidodoscamelos.files.wordpress.com\/2014\/01\/1601165_255930897903743_92606787_n-300x225carro-da-gm-na-uruguaiana.jpg?w=290\" alt=\"Image\" \/><\/a><\/p>\n<p>A Guarda Municipal agiu com viol\u00eancia nesta sexta-feira, 4 de janeiro, contra os camel\u00f4s que trabalham nas imedia\u00e7\u00f5es do Camel\u00f3dromo da Uruguaiana, no Centro do Rio de Janeiro. Mais uma vez, repete-se a rotina de viol\u00eancia por parte da prefeitura, em meio a den\u00fancias de recebimento de propina para permitir que os camel\u00f4s trabalhem. Menos frequente tem sido a resposta, mas desta vez a popula\u00e7\u00e3o revoltada reagiu jogando pedras e virando um carro da Guarda.<\/p>\n<p>De noite, o Movimento Unido dos Camel\u00f4s (MUCA) foi at\u00e9 a 5\u00aa DP, com uma advogada do Centro de Assessoria Popular Mariana Criola. L\u00e1, encontrou alguns advogados do Instituto de Defesa dos Direitos Humanos (IDDH), que estavam atendendo o camel\u00f4 Jos\u00e9 Ricardo, de 24 anos, acusado de agress\u00e3o. Sua fian\u00e7a foi estipulada em um mil reais. Tivemos que ir \u00e0 Uruguaiana e fazer uma \u201cvaquinha\u201d, com apoiadores e outros camel\u00f4s, para retir\u00e1-lo da cadeia. Essa \u00e9 a pol\u00edtica tradicional adotada pelo poder municipal\u00a0 para resolver os problemas enfrentados pela popula\u00e7\u00e3o pobre: mais pol\u00edcia, mais viol\u00eancia.<\/p>\n<p>O prefeito Eduardo Paes come\u00e7ou o seu mandato com a pol\u00edtica de \u201cchoque de ordem\u201d. Desde ent\u00e3o, aumentou os efetivos de guardas municipais e sancionou uma lei autorizando-lhes o uso de armas menos letais. A partir das den\u00fancias dos camel\u00f4s e da popula\u00e7\u00e3o em situa\u00e7\u00e3o de rua, contra os abusos da pol\u00edtica de choque de ordem e a viol\u00eancia da Guarda Municipal, o promotor Rog\u00e9rio Pacheco mediou a realiza\u00e7\u00e3o de um Termo de Ajuste de Conduta (TAC) para regular a situa\u00e7\u00e3o, mas o prefeito n\u00e3o o cumpriu. Foi ent\u00e3o promovida uma A\u00e7\u00e3o Civil P\u00fablica requerendo que a Guarda se abstenha de fiscalizar e reprimir o com\u00e9rcio ambulante, porque constitui desvio de sua fun\u00e7\u00e3o, bem como requerendo a proibi\u00e7\u00e3o do uso de armas menos letais, como o\u00a0<em>taser<\/em> (arma de choque) e o spray de pimenta, pelos guardas municipais. Na segunda inst\u00e2ncia da justi\u00e7a estadual, obtivemos uma medida liminar suspendendo o uso dessas armas.<\/p>\n<p>Entendemos que a pol\u00edtica para os camel\u00f4s, a popula\u00e7\u00e3o em situa\u00e7\u00e3o de rua e os sem tetos, dentre outros grupos vulner\u00e1veis, n\u00e3o deve ser mais trat\u00e1-los como caso de pol\u00edcia, sempre clamando por mais puni\u00e7\u00e3o e mais persegui\u00e7\u00e3o. A pol\u00edtica correta deve ser prezar por uma maior participa\u00e7\u00e3o popular, por mais democracia e mais di\u00e1logo com os diversos grupos. Enfim, mais respeito a vida e a dignidade humana. Parece que os governantes n\u00e3o lembram desta parte da Constitui\u00e7\u00e3o. Ent\u00e3o \u00e9 preciso lembr\u00e1-los e, para isso, n\u00e3o vamos sair das ruas.<\/p>\n<p>O MUCA convida todos que s\u00e3o contra a fiscaliza\u00e7\u00e3o do com\u00e9rcio ambulante pela Guarda Municipal, e contra a viol\u00eancia contra os camel\u00f4s, na pr\u00f3xima sexta-feira, 31 de janeiro, a partir das 18h, na Uruguaiana, para um Ato de desagravo, com m\u00fasica, exibi\u00e7\u00e3o de v\u00eddeos, conversas, discursos e propostas para continuar a campanha: \u201cFora Guarda Municipal da Fiscaliza\u00e7\u00e3o do Com\u00e9rcio Ambulante\u201d.<\/p>\n<div><a href=\"http:\/\/movimentounidodoscamelos.wordpress.com\/2014\/01\/27\/a-resistencia-dos-camelos-da-uruguaiana\/\">http:\/\/movimentounidodoscamelos.wordpress.com\/2014\/01\/27\/a-resistencia-dos-camelos-da-uruguaiana\/<\/a><\/div>\n<p>&nbsp;<\/p>\n","protected":false},"excerpt":{"rendered":"<p>Publicado em\u00a027 de janeiro de 2014 | Por\u00a0Maria dos Camel\u00f4s e\u00a0Hertz Leal, do\u00a0Movimento Unido dos Camel\u00f4s(MUCA) em\u00a0Rede Universidade N\u00f4made A Guarda Municipal agiu com viol\u00eancia nesta sexta-feira, 4 de janeiro, contra os camel\u00f4s que trabalham nas imedia\u00e7\u00f5es do Camel\u00f3dromo da Uruguaiana, no Centro do Rio de Janeiro. Mais uma vez, repete-se a rotina de viol\u00eancia [&hellip;]<\/p>\n","protected":false},"author":13,"featured_media":0,"comment_status":"open","ping_status":"closed","sticky":false,"template":"","format":"standard","meta":{"inline_featured_image":false,"footnotes":""},"categories":[1],"tags":[],"anos":[],"projetos":[],"autorias":[],"eixos_tematicos":[],"locais":[],"pessoas":[],"estado":[],"academia":[],"sociedade_civil":[],"class_list":["post-7853","post","type-post","status-publish","format-standard","hentry","category-noticias"],"_links":{"self":[{"href":"https:\/\/forumjustica.com.br\/es\/wp-json\/wp\/v2\/posts\/7853","targetHints":{"allow":["GET"]}}],"collection":[{"href":"https:\/\/forumjustica.com.br\/es\/wp-json\/wp\/v2\/posts"}],"about":[{"href":"https:\/\/forumjustica.com.br\/es\/wp-json\/wp\/v2\/types\/post"}],"author":[{"embeddable":true,"href":"https:\/\/forumjustica.com.br\/es\/wp-json\/wp\/v2\/users\/13"}],"replies":[{"embeddable":true,"href":"https:\/\/forumjustica.com.br\/es\/wp-json\/wp\/v2\/comments?post=7853"}],"version-history":[{"count":1,"href":"https:\/\/forumjustica.com.br\/es\/wp-json\/wp\/v2\/posts\/7853\/revisions"}],"predecessor-version":[{"id":17393,"href":"https:\/\/forumjustica.com.br\/es\/wp-json\/wp\/v2\/posts\/7853\/revisions\/17393"}],"wp:attachment":[{"href":"https:\/\/forumjustica.com.br\/es\/wp-json\/wp\/v2\/media?parent=7853"}],"wp:term":[{"taxonomy":"category","embeddable":true,"href":"https:\/\/forumjustica.com.br\/es\/wp-json\/wp\/v2\/categories?post=7853"},{"taxonomy":"post_tag","embeddable":true,"href":"https:\/\/forumjustica.com.br\/es\/wp-json\/wp\/v2\/tags?post=7853"},{"taxonomy":"anos","embeddable":true,"href":"https:\/\/forumjustica.com.br\/es\/wp-json\/wp\/v2\/anos?post=7853"},{"taxonomy":"projetos","embeddable":true,"href":"https:\/\/forumjustica.com.br\/es\/wp-json\/wp\/v2\/projetos?post=7853"},{"taxonomy":"autorias","embeddable":true,"href":"https:\/\/forumjustica.com.br\/es\/wp-json\/wp\/v2\/autorias?post=7853"},{"taxonomy":"eixos_tematicos","embeddable":true,"href":"https:\/\/forumjustica.com.br\/es\/wp-json\/wp\/v2\/eixos_tematicos?post=7853"},{"taxonomy":"locais","embeddable":true,"href":"https:\/\/forumjustica.com.br\/es\/wp-json\/wp\/v2\/locais?post=7853"},{"taxonomy":"pessoas","embeddable":true,"href":"https:\/\/forumjustica.com.br\/es\/wp-json\/wp\/v2\/pessoas?post=7853"},{"taxonomy":"estado","embeddable":true,"href":"https:\/\/forumjustica.com.br\/es\/wp-json\/wp\/v2\/estado?post=7853"},{"taxonomy":"academia","embeddable":true,"href":"https:\/\/forumjustica.com.br\/es\/wp-json\/wp\/v2\/academia?post=7853"},{"taxonomy":"sociedade_civil","embeddable":true,"href":"https:\/\/forumjustica.com.br\/es\/wp-json\/wp\/v2\/sociedade_civil?post=7853"}],"curies":[{"name":"wp","href":"https:\/\/api.w.org\/{rel}","templated":true}]}}