{"id":7945,"date":"2014-03-07T09:00:02","date_gmt":"2014-03-07T11:00:02","guid":{"rendered":"https:\/\/forumjustica.vlannetwork.com\/?p=7945"},"modified":"2022-09-04T21:15:51","modified_gmt":"2022-09-05T00:15:51","slug":"sem-copa-verde","status":"publish","type":"post","link":"https:\/\/forumjustica.com.br\/es\/sem-copa-verde\/","title":{"rendered":"SEM COPA VERDE"},"content":{"rendered":"<p>24.02.14\u00a0Por Ela\u00edze Farias<a rel=\"tag\" href=\"http:\/\/www.apublica.org\/assunto\/copapublica\/\">#CopaP\u00fablica<\/a><\/p>\n<div>\n<ul>\n<li><a href=\"http:\/\/www.apublica.org\/2014\/02\/manaus-na-copa\/imagem-micro\/\"><img loading=\"lazy\" decoding=\"async\" src=\"http:\/\/www.apublica.org\/wp-content\/uploads\/2014\/02\/600x380xImagem-micro-600x380.jpg.pagespeed.ic.a3DOF8b87v.jpg\" alt=\"Imagem-micro\" width=\"600\" height=\"380\" \/><\/a><\/li>\n<li><a href=\"http:\/\/www.apublica.org\/2014\/02\/manaus-na-copa\/a-comandante-de-barco-estonia-gomes-foto-elaize-farias\/\"><img loading=\"lazy\" decoding=\"async\" src=\"http:\/\/www.apublica.org\/wp-content\/uploads\/2014\/02\/A-comandante-de-barco-Est%C3%B4nia-Gomes.-Foto-Ela%C3%ADze-Farias-600x380.jpg\" alt=\"A comandante de barco Est\u00f4nia Gomes. (Foto: Ela\u00edze Farias)\" width=\"600\" height=\"380\" \/><\/a><\/li>\n<li><a href=\"http:\/\/www.apublica.org\/2014\/02\/manaus-na-copa\/canoeiro-no-igarape-de-educandos-foto-elaize-farias\/\"><img loading=\"lazy\" decoding=\"async\" src=\"http:\/\/www.apublica.org\/wp-content\/uploads\/2014\/02\/Canoeiro-no-Igarap%C3%A9-de-Educandos.-Foto-Ela%C3%ADze-Farias-598x380.jpg\" alt=\"Canoeiro no Igarap\u00e9 de Educandos. (Foto: Ela\u00edze Farias)\" width=\"598\" height=\"380\" \/><\/a><\/li>\n<li><a href=\"http:\/\/www.apublica.org\/2014\/02\/manaus-na-copa\/juraci-de-souza-em-palafita-no-igarape-de-educandos-foto-elaize-farias\/\"><img loading=\"lazy\" decoding=\"async\" src=\"http:\/\/www.apublica.org\/wp-content\/uploads\/2014\/02\/Juraci-de-Souza-em-palafita-no-Igarap%C3%A9-de-Educandos.-Foto-Ela%C3%ADze-Farias-600x380.jpg\" alt=\"Juraci de Souza, em palafita no Igarap\u00e9 de Educandos. (Foto: Ela\u00edze Farias)\" width=\"600\" height=\"380\" \/><\/a><\/li>\n<li><a href=\"http:\/\/www.apublica.org\/2014\/02\/manaus-na-copa\/mpt-obras-no-aeroporto\/\"><img loading=\"lazy\" decoding=\"async\" src=\"http:\/\/www.apublica.org\/wp-content\/uploads\/2014\/02\/600x380xMPT-OBRAS-NO-AEROPORTO-600x380.jpg.pagespeed.ic.EAXn7I9YBw.jpg\" alt=\"Minist\u00e9rio P\u00fablico do Trabalho vistoriou as obras no Aeroporto de Manaus\" width=\"600\" height=\"380\" \/><\/a><\/li>\n<li><a href=\"http:\/\/www.apublica.org\/2014\/02\/manaus-na-copa\/mpt-na-arena\/\"><img loading=\"lazy\" decoding=\"async\" src=\"http:\/\/www.apublica.org\/wp-content\/uploads\/2014\/02\/600x380xMPT-NA-ARENA-600x380.jpg.pagespeed.ic.eM8ugAPQ7Z.jpg\" alt=\"Fiscaliza\u00e7\u00e3o do Minist\u00e9rio P\u00fablico do Trabalho na Arena\" width=\"600\" height=\"380\" \/><\/a><\/li>\n<li><a href=\"http:\/\/www.apublica.org\/2014\/02\/manaus-na-copa\/nascente-do-igarape-da-agua-branca-soterrada-foto-jo-farrah\/\"><img loading=\"lazy\" decoding=\"async\" src=\"http:\/\/www.apublica.org\/wp-content\/uploads\/2014\/02\/NASCENTE-DO-IGARAP%C3%89-DA-%C3%81GUA-BRANCA-SOTERRADA.-Foto-J%C3%B3-Farrah-600x380.jpg\" alt=\"Nascente do Igarap\u00e9 da \u00c1gua Branca foi soterrado (Foto: J\u00f3 Farrah)\" width=\"600\" height=\"380\" \/><\/a><\/li>\n<li><a href=\"http:\/\/www.apublica.org\/2014\/02\/manaus-na-copa\/igarape-agua-branca-foto-jo-farrah\/\"><img loading=\"lazy\" decoding=\"async\" src=\"http:\/\/www.apublica.org\/wp-content\/uploads\/2014\/02\/IGARAP%C3%89-%C3%81GUA-BRANCA.-Foto-J%C3%B3-Farrah-600x380.jpg\" alt=\"Igarap\u00e9 \u00c1gua Branca (Foto: J\u00f3 Farrah)\" width=\"600\" height=\"380\" \/><\/a><\/li>\n<li><a href=\"http:\/\/www.apublica.org\/2014\/02\/manaus-na-copa\/angela-souza-mostra-trechos-de-sua-rua-onde-concessionaria-quebrou-e-nao-tapou-foto-elaize-farias\/\"><img loading=\"lazy\" decoding=\"async\" src=\"http:\/\/www.apublica.org\/wp-content\/uploads\/2014\/02\/Angela-Souza-mostra-trechos-de-sua-rua-onde-concession%C3%A1ria-quebrou-e-n%C3%A3o-tapou.-Foto-Ela%C3%ADze-Farias-599x380.jpg\" alt=\"Angela Souza mostra trechos de sua rua onde concession\u00e1ria quebrou e n\u00e3o tapou. (Foto: Ela\u00edze Farias)\" width=\"599\" height=\"380\" \/><\/a><\/li>\n<li><a href=\"http:\/\/www.apublica.org\/2014\/02\/manaus-na-copa\/francisca-de-souza-mostra-contas-de-agua-foto-valter-calheiros\/\"><img loading=\"lazy\" decoding=\"async\" src=\"http:\/\/www.apublica.org\/wp-content\/uploads\/2014\/02\/Francisca-de-Souza-mostra-contas-de-%C3%A1gua.-Foto-Valter-Calheiros-600x380.jpg\" alt=\"Francisca de Souza mostra contas de \u00e1gua. (Foto: Valter Calheiros)\" width=\"600\" height=\"380\" \/><\/a><\/li>\n<li><a href=\"http:\/\/www.apublica.org\/2014\/02\/manaus-na-copa\/cano-de-agua-exposto-na-rua-do-bairro-nova-floresta-foto-valter-calheiros\/\"><img loading=\"lazy\" decoding=\"async\" src=\"http:\/\/www.apublica.org\/wp-content\/uploads\/2014\/02\/Cano-de-%C3%A1gua-exposto-na-rua-do-bairro-Nova-Floresta.-Foto-Valter-Calheiros-598x380.jpg\" alt=\"Cano de \u00e1gua exposto na rua do bairro Nova Floresta. (Foto: Valter Calheiros)\" width=\"598\" height=\"380\" \/><\/a><\/li>\n<li><a href=\"http:\/\/www.apublica.org\/2014\/02\/manaus-na-copa\/eliane-nascimento-que-vive-com-sua-familia-em-um-barco-no-igarape-de-educandos-foto-elaize-farias\/\"><img loading=\"lazy\" decoding=\"async\" src=\"http:\/\/www.apublica.org\/wp-content\/uploads\/2014\/02\/Eliane-Nascimento-que-vive-com-sua-fam%C3%ADlia-em-um-barco-no-Igarap%C3%A9-de-Educandos-.-Foto-Ela%C3%ADze-Farias-599x380.jpg\" alt=\"Eliane Nascimento que vive com sua fam\u00edlia em um barco no Igarap\u00e9 de Educandos. (Foto: Ela\u00edze Farias)\" width=\"599\" height=\"380\" \/><\/a><\/li>\n<li><a href=\"http:\/\/www.apublica.org\/2014\/02\/manaus-na-copa\/casas-no-igarape-de-educados-foto-valter-calheiros\/\"><img loading=\"lazy\" decoding=\"async\" src=\"http:\/\/www.apublica.org\/wp-content\/uploads\/2014\/02\/Casas-no-Igarap%C3%A9-de-Educados.-Foto-Valter-Calheiros-600x380.jpg\" alt=\"Casas no Igarap\u00e9 de Educados. (Foto: Valter Calheiros)\" width=\"600\" height=\"380\" \/><\/a><\/li>\n<li><a href=\"http:\/\/www.apublica.org\/2014\/02\/manaus-na-copa\/palafitas-do-igarape-de-educandos-foto-elaize-farias\/\"><img loading=\"lazy\" decoding=\"async\" src=\"http:\/\/www.apublica.org\/wp-content\/uploads\/2014\/02\/Palafitas-do-Igarap%C3%A9-de-Educandos.-Foto-Ela%C3%ADze-Farias-600x380.jpg\" alt=\"Palafitas do Igarap\u00e9 de Educandos. (Foto: Ela\u00edze Farias)\" width=\"600\" height=\"380\" \/><\/a><\/li>\n<li><a href=\"http:\/\/www.apublica.org\/2014\/02\/manaus-na-copa\/a-comandante-de-barco-estonia-gomes-ao-lado-de-garrafas-de-agua-que-ela-compra-para-beber-foto-elaize-farias\/\"><img loading=\"lazy\" decoding=\"async\" src=\"http:\/\/www.apublica.org\/wp-content\/uploads\/2014\/02\/A-comandante-de-barco-Est%C3%B4nia-Gomes-ao-lado-de-garrafas-de-%C3%A1gua-que-ela-compra-para-beber.-Foto-Ela%C3%ADze-Farias.jpg\" alt=\"A comandante de barco Est\u00f4nia Gomes ao lado de garrafas de \u00e1gua que ela compra para beber. (Foto: Ela\u00edze Farias)\" width=\"599\" height=\"379\" \/><\/a><\/li>\n<li><a href=\"http:\/\/www.apublica.org\/2014\/02\/manaus-na-copa\/barcos-a-margem-do-igarape-de-educandos-ao-funto-rio-negro-foto-valter-calheiros\/\"><img loading=\"lazy\" decoding=\"async\" src=\"http:\/\/www.apublica.org\/wp-content\/uploads\/2014\/02\/Barcos-%C3%A0-margem-do-igarap%C3%A9-de-Educandos.-Ao-funto-rio-Negro.-Foto-Valter-Calheiros.jpg\" alt=\"Barcos \u00e0 margem do igarap\u00e9 de Educandos. Ao funto, rio Negro. (Foto: Valter Calheiros)\" width=\"599\" height=\"374\" \/><\/a><\/li>\n<\/ul>\n<\/div>\n<div>\n<div>\n<p><a>1<\/a><a>2<\/a><a>3<\/a><a>4<\/a><a>5<\/a><a>6<\/a><a>7<\/a><a>8<\/a><a>9<\/a><a>10<\/a><a>11<\/a><a>12<\/a><a>13<\/a><a>14<\/a><a>15<\/a><a>16<\/a><\/p>\n<\/div>\n<\/div>\n<div>Vendida como a capital da floresta, Manaus acumula decep\u00e7\u00f5es com as obras &#8211; que j\u00e1 mataram tr\u00eas oper\u00e1rios &#8211; sem retorno para os moradores; e pode decepcionar os visitantes com as marcas da degrada\u00e7\u00e3o urbana e da desigualdade social<\/div>\n<div><a id=\"up\" href=\"http:\/\/www.apublica.org\/2014\/02\/manaus-na-copa\/\">[+]<\/a><a id=\"down\" tabindex=\"9\" href=\"http:\/\/www.apublica.org\/2014\/02\/manaus-na-copa\/\">[-]<\/a><a id=\"reset\" tabindex=\"10\" href=\"http:\/\/www.apublica.org\/2014\/02\/manaus-na-copa\/\">[*]<\/a><\/div>\n<div>492\u00a0 426\u00a0\u00a013<\/p>\n<div><\/div>\n<\/div>\n<div>\n<p>A arena de futebol custou aos cofres p\u00fablicos mais de R$ 600 milh\u00f5es e ningu\u00e9m sabe o que ser\u00e1 dela depois; a reforma do porto consumiu R$ 71 milh\u00f5es de recursos federais\u00a0 (via DNIT) e teve o processo de licita\u00e7\u00e3o contestado \u2013 as obras foram h\u00e1 pouco retomadas mas ainda n\u00e3o se sabe o porto estar\u00e1 pronto antes da Copa. As obras do aeroporto internacional Eduardo Gomes soterraram um curso d\u2019\u00e1gua e desmataram um \u00e1rea protegida da capital amazonense. Os centros de treinamento \u2013 dois \u2013 n\u00e3o t\u00eam data para abertura.<\/p>\n<p><a rel=\"attachment wp-att-6720\" href=\"https:\/\/forumjustica.com.br\/terra-e-moradia\/111-revision-74\"><img loading=\"lazy\" decoding=\"async\" src=\"http:\/\/www.apublica.org\/wp-content\/uploads\/2014\/02\/600x399xMPT-NA-ARENA-600x399.jpg.pagespeed.ic.__AgqPwGZL.jpg\" alt=\"Fiscaliza\u00e7\u00e3o do Minist\u00e9rio P\u00fablico do Trabalho na Arena\" width=\"600\" height=\"399\" \/><\/a><\/p>\n<p>Quando Manaus foi escolhida para sediar quatro jogos da Copa, a decis\u00e3o foi saudada pela imprensa local e por pol\u00edticos e um clima de euforia reinou na cidade. Uma lista de projetos que fariam parte \u201cdo legado da Copa\u201d entrou nas agendas de discuss\u00e3o dos gestores p\u00fablicos e passou a pautar reportagens e debates: obras de mobilidade urbana, incremento da rede hoteleira, revitaliza\u00e7\u00e3o de \u00e1reas degradadas, melhorias no transporte p\u00fablico. At\u00e9 mesmo um projeto de gera\u00e7\u00e3o de energia solar, que seria instalado no entorno da Arena da Amaz\u00f4nia, foi previsto no pacote.<\/p>\n<p>A maioria dos projetos foi abandonada ao longo do caminho e a popula\u00e7\u00e3o n\u00e3o esqueceu. Pressionados agora a dar uma resposta \u00e0 sociedade, os gestores p\u00fablicos se empenham em anunciar como \u201clegado\u201d interven\u00e7\u00f5es de menor porte, planejadas a toque de caixa, na \u00e1rea de seguran\u00e7a p\u00fablica, do tr\u00e2nsito urbano.<\/p>\n<p>O desapontamento com o (n\u00e3o) legado da Copa vem acompanhado pelo desalento trazido pela morte de tr\u00eas oper\u00e1rios ao longo da constru\u00e7\u00e3o da Arena da Amaz\u00f4nia: foram duas mortes em 2013 e uma nesse in\u00edcio de fevereiro de 2014. Uma quarta morte, embora n\u00e3o associada diretamente a acidente de trabalho, tamb\u00e9m trouxe como\u00e7\u00e3o ao canteiro de obras \u2013 um trabalhador morreu v\u00edtima de infarto \u2013 e marcou Manaus com a cidade-sede\u00a0 da Copa com o maior n\u00famero de acidentes fatais durante os preparativos para o megaevento. A construtora Andrade Gutierrez \u2013 uma das mais beneficiadas pelas obras da Copa no pa\u00eds \u2013 \u00e9 alvo de uma a\u00e7\u00e3o por dano moral coletivo e, em 7 de fevereiro deste ano, o Minist\u00e9rio P\u00fablico do Trabalho pediu prioridade no julgamento dessa a\u00e7\u00e3o contra a respons\u00e1vel pela obra, no valor de R$ 20 milh\u00f5es.<\/p>\n<p><strong><a href=\"http:\/\/www.apublica.org\/?p=6734\" target=\"_blank\" rel=\"noopener\">Leia tamb\u00e9m: Andrade Gutierrez enfrenta a\u00e7\u00e3o do MPT por acidentes de trabalho<\/a><\/strong><\/p>\n<h3><strong>MOMENTO \u201cPOSITIVO\u201d<\/strong><\/h3>\n<p>Nem mesmo o gestor da Copa \u2013 como \u00e9 informalmente conhecido o cargo de coordenador da Unidade Gestora do Projeto Copa em Manaus (UGP Copa), criado pelo governo do Amazonas \u2013 \u00a0Miguel Capobiango, cita mais as prometidas obras de mobilidade e revitaliza\u00e7\u00e3o urbana ao falar do legado da Copa. \u201cO principal legado que a Copa vai deixar para Manaus \u00e9 a visibilidade\u201d, ele diz. \u201cE ela trar\u00e1 turistas. Ent\u00e3o, \u00e9 preciso tentar dentro do projeto da Copa fazer com que este momento de visibilidade se torne um momento positivo\u201d, incentiva.<\/p>\n<p>N\u00e3o vai ser f\u00e1cil mostrar um cen\u00e1rio t\u00e3o \u201cpositivo\u201d para os visitantes. Embora detenha o sexto PIB do pa\u00eds, segundo o IBGE de 2010, sobretudo por abrigar o Polo Industrial de Manaus (PIM), a cidade se destaca por sua elevada desigualdade social. \u00a0O \u00cdndice de Desenvolvimento Humano Municipal (IDH) vem melhorando, hoje \u00e9 de 0,737 (o m\u00e1ximo \u00e9 1), mas o \u00cdndice Gini, usado para medir a concentra\u00e7\u00e3o de renda, indica que a desigualdade em Manaus vem crescendo: passou de 0,56 em 1991 para 0,61 em 2010 (numericamente, O significa total desigualdade e o 1, completa desigualdade).<\/p>\n<div id=\"attachment_6728\"><a rel=\"attachment wp-att-6728\" href=\"https:\/\/forumjustica.com.br\/convite-reuniao-para-formacao-do-gt-iberoamericano\/6725-revision-2\"><img loading=\"lazy\" decoding=\"async\" src=\"http:\/\/www.apublica.org\/wp-content\/uploads\/2014\/02\/Eliane-Nascimento-que-vive-com-sua-fam%C3%ADlia-em-um-barco-no-Igarap%C3%A9-de-Educandos-.-Foto-Ela%C3%ADze-Farias.jpg\" alt=\"Eliane Nascimento que vive com sua fam\u00edlia em um barco no Igarap\u00e9 de Educandos. (Foto: Ela\u00edze Farias)\" width=\"599\" height=\"383\" \/><\/a>Eliane Nascimento que vive com sua fam\u00edlia em um barco no Igarap\u00e9 de Educandos.<br \/>\n(Foto: Ela\u00edze Farias)<\/p>\n<\/div>\n<p>\u201cPrometeram um legado, mas isso n\u00e3o passou de discurso. Est\u00e1 muito claro quem est\u00e1 ganhando com a Copa em Manaus: as construtoras, os organizadores, os dirigentes do Estado e a pr\u00f3pria Fifa. Esses s\u00e3o os que v\u00e3o lucrar com as grandes somas investidas. Enquanto isso, as mazelas da cidade est\u00e3o expostas\u201d, afirma Hamilton Le\u00e3o, presidente do Instituto Amaz\u00f4nico de Cidadania (IACi), uma das organiza\u00e7\u00f5es de Manaus mais atuantes na cobran\u00e7a dos gastos p\u00fablicos na cidade.<\/p>\n<p>\u201cFazem tantas propagandas sobre a cidade que n\u00e3o correspondem \u00e0 realidade. Se quiserem fazer um raio-X da cidade n\u00e3o perguntem ao empreiteiro, ao empres\u00e1rio, ao homem p\u00fablico. V\u00e1 a um bairro da periferia e consulte o cidad\u00e3o comum e veja\u00a0 como \u00e9 o dia-a-dia dele e pergunte se a Copa est\u00e1 trazendo algum benef\u00edcio para ele\u201d, completa.<\/p>\n<h3><strong>APOSTA DE RISCO NO TURISMO<\/strong><\/h3>\n<p>A aposta no crescimento do turismo \u00e9 um risco: Manaus tem uma rede de hotelaria pequena para o aumento projetado durante e depois da Copa. A Unidade Gestora da Copa estima que 18 mil turistas visitar\u00e3o Manaus no per\u00edodo da Copa, enquanto Capobiango diz que Manaus tem 14 mil leitos em hot\u00e9is convencionais. H\u00e1 os chamados \u201c3 mil leitos alternativos\u201d, instalados em mot\u00e9is, loca\u00e7\u00f5es tempor\u00e1rias em resid\u00eancias e at\u00e9 em embarca\u00e7\u00f5es localizadas na orla de Manaus.<\/p>\n<p>O governo do Amazonas reservou um montante de R$ 10 milh\u00f5es para divulgar o turismo pr\u00e9-Copa em \u201ca\u00e7\u00f5es voltadas para workshops de educa\u00e7\u00e3o para operadores e jornalistas de turismo, nacionais e internacionais, dando \u00eanfase aos oito pa\u00edses da Copa e \u00e0s 11 cidades sedes do Brasil\u201d, segundo declara\u00e7\u00f5es da titular da Amazonastur, Orenir Braga. As a\u00e7\u00f5es incluem tamb\u00e9m an\u00fancios publicit\u00e1rios em revistas de bordo de companhias a\u00e9reas e revistas especialistas\u201d e participa\u00e7\u00e3o do \u00f3rg\u00e3o em feiras de turismo no exterior e no Brasil, que dever\u00e3o come\u00e7ar em mar\u00e7o, segundo o cronograma da Amazonastur.<\/p>\n<p><strong><a href=\"http:\/\/www.apublica.org\/?p=6734\" target=\"_blank\" rel=\"noopener\">Leia tamb\u00e9m: Andrade Gutierrez enfrenta a\u00e7\u00e3o do MPT por acidentes de trabalho<\/a><\/strong><\/p>\n<h3><strong>COPA VERDE<\/strong><\/h3>\n<p>Localizada no centro do maior Estado da Amaz\u00f4nia, a capital do Amazonas, que conserva 90 % de cobertura florestal, foi escolhida como cidade-sede em 2009 mesmo sem ter nenhum time de express\u00e3o no futebol brasileiro. A surpreendente vit\u00f3ria contra a outra forte candidata, Bel\u00e9m (PA), com maior tradi\u00e7\u00e3o no esporte, pode ser atribu\u00edda a uma boa campanha de marketing: Manaus vendeu a marca \u201cCopa Verde\u201d \u2013 a \u201ccapital da floresta amaz\u00f4nica\u201d.<\/p>\n<p>Mas a realidade urbana \u00e9 bem diferente da imagem projetada. Manaus \u00e9 uma cidade com arboriza\u00e7\u00e3o m\u00ednima (com exce\u00e7\u00e3o das poucas \u00e1reas preservadas por lei), fruto de uma pol\u00edtica de urbaniza\u00e7\u00e3o que jamais valorizou a vegeta\u00e7\u00e3o nativa (incluindo o pr\u00f3prio entorno da Arena Amaz\u00f4nia, onde n\u00e3o se v\u00ea \u00e1rvores).<\/p>\n<p>A preserva\u00e7\u00e3o da arquitetura tamb\u00e9m n\u00e3o \u00e9 o forte da cidade e a Copa parece ter contribu\u00eddo para uma perda nessa \u00e1rea. Todos esperavam, por exemplo, que o antigo est\u00e1dio, o Vivaldo Lima, chamado de Vivald\u00e3o,\u00a0 criado pelo renomado arquiteto Severiano M\u00e1rio Porto fosse reformado. Mas, apesar da como\u00e7\u00e3o em muitas pessoas que tentaram impedir sua derrubada, ele foi demolido. Somente um novo est\u00e1dio corresponderia \u00e0s exig\u00eancias da Fifa, justificou-se.<\/p>\n<p>O transporte p\u00fablico tamb\u00e9m \u00e9 prec\u00e1rio e as prometidas obras de mobilidade foram abandonadas. Entre as mais importantes estavam uma linha de monotrilho que faria a liga\u00e7\u00e3o da Zona Norte (a mais populosa de Manaus) ao centro da cidade e o corredor exclusivo para \u00f4nibus (chamado de BRT \u2013 Bus Rapid Transit). O monotrilho foi or\u00e7ado em R$ 1,3 bilh\u00e3o e o BRT em R$ 200 milh\u00f5es e ambos seriam bancados com recursos p\u00fablicos locais e federais.<\/p>\n<div id=\"attachment_6721\"><a rel=\"attachment wp-att-6721\" href=\"https:\/\/forumjustica.com.br\/?attachment_id=6721\"><img loading=\"lazy\" decoding=\"async\" src=\"http:\/\/www.apublica.org\/wp-content\/uploads\/2014\/02\/600x399xMPT-OBRAS-NO-AEROPORTO-600x399.jpg.pagespeed.ic.5rwrJh9MQE.jpg\" alt=\"Minist\u00e9rio P\u00fablico do Trabalho vistoriou as obras no Aeroporto de Manaus\" width=\"600\" height=\"399\" \/><\/a>Minist\u00e9rio P\u00fablico do Trabalho vistoriou as obras no Aeroporto de Manaus<\/p>\n<\/div>\n<p>A aus\u00eancia de dados t\u00e9cnicos fundamentando os projetos, por\u00e9m, provocou uma s\u00e9rie de questionamentos do Minist\u00e9rio P\u00fablico Federal (MPF), do Tribunal de Contas da Uni\u00e3o (TCU) e da Controladoria Geral da Uni\u00e3o (CGU). A sociedade civil tamb\u00e9m questionou o tra\u00e7ado do monotrilho quando ele ainda estava no papel pela possibilidade de centenas de desapropria\u00e7\u00f5es e de impactos em \u00e1rea tombada pelo Iphan (Instituto do Patrim\u00f4nio Hist\u00f3rico e Art\u00edstico Nacional) no centro de Manaus.<\/p>\n<p>Em outubro de 2013, acatando a uma a\u00e7\u00e3o do MPF, a Justi\u00e7a Federal do Amazonas determinou, em liminar, a suspens\u00e3o das obras do monotrilho, e orientou a Caixa Econ\u00f4mica Federal a n\u00e3o liberar empr\u00e9stimos para o governo do Amazonas. At\u00e9 o momento, n\u00e3o h\u00e1 informa\u00e7\u00f5es de que o governo estadual tenha recorrido da decis\u00e3o, mas empresas que ganharam a licita\u00e7\u00e3o, em 2011, sim. O caso est\u00e1 no Tribunal Regional Federal (TRF1), em Bras\u00edlia.<\/p>\n<h3><strong>IRREGULARIDADES PERMANECEM<\/strong><\/h3>\n<p>O projeto do monotrilho acabou sendo retirado da Matriz de Responsabilidade da Copa e transferido pelo governo do Amazonas para o PAC da Mobilidade Urbana do Minist\u00e9rio das Cidades, mas isso n\u00e3o altera em nada a a\u00e7\u00e3o do MPF, j\u00e1 que as irregularidades permanecem como explica o Procurador da Rep\u00fablica Jorge Medeiros, que atua na \u00e1rea do patrim\u00f4nio p\u00fablico.<\/p>\n<p>\u201cO monotrilho n\u00e3o tem a devida especifica\u00e7\u00e3o do que deve ser licitado. Tem rubricas abertas, que constam apenas como \u2018verbas\u00b4. Verbas para que? A justificativa que era que apenas depois da licita\u00e7\u00e3o \u00e9 que seria poss\u00edvel determinar. O que \u00e9 uma temeridade. A lei exige que o detalhamento seja pr\u00e9vio. Isso gera problema concreto porque, se n\u00e3o existe especifica\u00e7\u00e3o antes, que j\u00e1 \u00e9 ilegal, no momento posterior, fatalmente vai ter termos aditivos\u201d, diz o procurador, que aponta ainda outra irregularidade identificada no projeto: a falta de observ\u00e2ncia de exig\u00eancias da lei federal de 2002 que determina que os modais de transporte devam ser inseridos no contexto do plano diretor da cidade.<\/p>\n<p>A\u00a0<strong>P\u00fablica<\/strong> tentou ouvir, diversas vezes, a Secret\u00e1ria Estadual de Infra-Estrutura (Seinfra), Vald\u00edvia Lopes, respons\u00e1vel pelo projeto do monotrilho, sem sucesso.<\/p>\n<p>J\u00e1 o BRT foi suspenso e substitu\u00eddo por outro projeto, o BRS (Sistema Bus Rapid Service), tamb\u00e9m fora da matriz da Copa. Or\u00e7ado em R$ 150 milh\u00f5es, o BRS come\u00e7ou a ser implantado, de fato, nas \u00faltimas semanas e apesar do pouco tempo de funcionamento, vem sendo questionado pela popula\u00e7\u00e3o por ter sido criado sem levar em conta o fluxo real do tr\u00e2nsito na cidade, trazendo mais congestionamentos.<\/p>\n<p>\u201cO BRT foi retirado da Copa porque ele estava vinculado ao monotrilho. Com os complicadores em rela\u00e7\u00e3o aos dois, a gente adotou uma medida mais simples\u201d, explicou Ant\u00f4nio Nelson, diretor de engenharia da Secretaria Municipal de Infra-Estrutura (Seminf), respons\u00e1vel pela obra. Os R$ 150 milh\u00f5es est\u00e3o sendo bancados pela prefeitura de Manaus, segundo Nelson, mas a administra\u00e7\u00e3o municipal espera receber do governo federal um empr\u00e9stimo a fundo perdido da Caixa Ec\u00f4nomica Federal. \u201cO Minist\u00e9rio do Planejamento aprovou o projeto, mas ele ainda ser\u00e1 analisado pela Caixa para ver se o banco libera R$ 125 milh\u00f5es. Os outros R$ 25 milh\u00f5es ser\u00e3o do tesouro da prefeitura\u201d, disse.<\/p>\n<h3><strong>UMA ARENA COM O FUTURO A DEFINIR<\/strong><\/h3>\n<p>O governo do Amazonas ter\u00e1 20 anos para pagar o empr\u00e9stimo de R$ 400 milh\u00f5es ao BNDES destinado \u00e0 constru\u00e7\u00e3o da Arena da Amaz\u00f4nia. O restante dos recursos \u2013 cerca de 200 milh\u00f5es, v\u00eam dos cofres do governo estadual. Fazem parte do projeto dois centros de treinamento \u2013 o CT Colina e o CT Coroado que custaram R$ 21 milh\u00f5es e R$ 14 milh\u00f5es, respectivamente, ao governo do Amazonas.<\/p>\n<p>As cifras assustam quando se junta a esses gastos o valor estimado para a manuten\u00e7\u00e3o da Arena da Amaz\u00f4nia: R$ 500 mil por m\u00eas, de acordo com os c\u00e1lculos feitos com base nos custos do Est\u00e1dio do Engenh\u00e3o, no Rio de Janeiro, explica Miguel Capobiango. De onde vir\u00e1 o dinheiro? Isso nenhum gestor sabe responder. Sem uma equipe de futebol de peso (o time melhor ranqueado no futebol brasileiro \u00e9 o Nacional, que est\u00e1 na S\u00e9rie D) e, por conseguinte, sem atrativo suficiente para chamar p\u00fablico para os 44 mil lugares do est\u00e1dio, o futuro da Arena Amaz\u00f4nia virou tema de especula\u00e7\u00e3o: j\u00e1 circularam rumores de que se faria ali um pres\u00eddio depois da Copa (mera especula\u00e7\u00e3o, logo negada pelo governo) ou um shopping center.<\/p>\n<p>Miguel Capobiango diz que o governo contratou uma empresa de consultoria \u201cpara mapear o que est\u00e1 funcionando no Brasil e no exterior e assim estudar o mercado\u201d de modo a \u201cenfrentar o desafio de manter a arena sem que ela onere o poder p\u00fablico\u201d. Uma eventual evolu\u00e7\u00e3o do futebol amazonense, atualmente na quarta divis\u00e3o, tamb\u00e9m \u00e9 mencionada: \u201cCom um palco adequado, o futebol passa a ter visibilidade. Se vai (o futebol amazonense) se tornar grande, isso vai depender dos operadores do futebol\u201d, diz, evasivo.<\/p>\n<p>Autor de representa\u00e7\u00f5es no Minist\u00e9rio P\u00fablico Federal e Estadual para tentar evitar a demoli\u00e7\u00e3o do Vivald\u00e3o, o engenheiro industrial Jer\u00f4nimo Maranh\u00e3o \u00e9 mais contundente quando fala no assunto: \u201cA popula\u00e7\u00e3o vai gastar R$ 150 milh\u00f5es por cada um dos quatro jogos da Copa. E depois? O que vai acontecer? Este est\u00e1dio vai servir apenas para a popula\u00e7\u00e3o v\u00ea-lo todos os dias, quando passar de \u00f4nibus em frente a ele\u201d, diz ele.<\/p>\n<p>Segundo os c\u00e1lculos do engenheiro, uma reforma com custo m\u00e1ximo de\u00a0 R$ 200 milh\u00f5es teria preservado o antigo est\u00e1dio e poupado recursos p\u00fablicos. \u201cSe era para atender exig\u00eancias da Fifa, bastava, por exemplo, inclinar a arquibancada, rebaixar o gramado, entre outras interven\u00e7\u00f5es\u201d, afirma, questionando tamb\u00e9m o valor estimado para a manuten\u00e7\u00e3o do est\u00e1dio. \u201cComo se chega a esse valor se tudo ali \u00e9 novo e est\u00e1 na garantia? Se, por acaso, ocorrer algum problema \u00e9 a construtora que tem que responder por pelo menos dois anos\u201d, diz.<\/p>\n<p>Miguel Capobiango, o gestor da Copa, diz que n\u00e3o \u00e9 verdade que a nova Arena se tornar\u00e1 um \u201celefante branco\u201d como se comenta na cidade. \u201cA Arena vai gerar servi\u00e7os para a popula\u00e7\u00e3o. Se falava a mesma coisa quando foi constru\u00eddo o Samb\u00f3dromo, em Manaus, e hoje ele \u00e9 usado para caramba. Ningu\u00e9m diz que o Samb\u00f3dromo \u00e9 um elefante branco\u201d, diz, referindo-se ao Centro de Conven\u00e7\u00f5es de Manaus, mais conhecido como Samb\u00f3dromo, onde acontecem atividades culturais e shows musicais.<\/p>\n<p><strong><a href=\"http:\/\/www.apublica.org\/?p=6734\" target=\"_blank\" rel=\"noopener\">Leia tamb\u00e9m: Andrade Gutierrez enfrenta a\u00e7\u00e3o do MPT por acidentes de trabalho<\/a><\/strong><\/p>\n<h3><strong>O FIM DA NASCENTE DE UM IGARAP\u00c9<\/strong><\/h3>\n<p>Manaus \u00e9 uma cidade cortada por centenas de cursos d\u2019\u00e1gua conhecidos localmente como igarap\u00e9s \u2013 microbacias que, juntas, v\u00e3o formar um grande rio. No caso de Manaus, o rio Negro, o segundo maior do mundo em volume de \u00e1gua, atr\u00e1s apenas do rio Amazonas.<\/p>\n<p>\u201cA import\u00e2ncia dos igarap\u00e9s est\u00e1 na sua atividade biol\u00f3gica e qu\u00edmica. A presen\u00e7a de um igarap\u00e9, al\u00e9m de indicar a qualidade do ambiente, tamb\u00e9m atesta a qualidade do solo. \u00c9 esse ambiente que mant\u00e9m a sustentabilidade da Amaz\u00f4nia\u201d, explica o pesquisador S\u00e9rgio Bringel, da Coordena\u00e7\u00e3o de Din\u00e2mica Ambiental do Instituto Nacional de Pesquisas da Amaz\u00f4nia (Inpa) doutor em Hidrogeoqu\u00edmica e membro do Conselho de Recursos H\u00eddricos do Amazonas.<\/p>\n<p>A maioria dos igarap\u00e9s de Manaus est\u00e3o polu\u00eddos e\/ou foram aterrados\u00a0 para obras de urbaniza\u00e7\u00e3o. Os poucos que sobrevivem est\u00e3o em \u00e1reas de prote\u00e7\u00e3o ambiental (APPs). Ainda assim, n\u00e3o tem a vida garantida: durante\u00a0 as obras de amplia\u00e7\u00e3o do Aeroporto Internacional Eduardo Gomes, por exemplo, uma das nascentes do Igarap\u00e9 da \u00c1gua Branca, localizado no bairro Tarum\u00e3, zona Oeste de Manaus, foi soterrada. \u00c1reas de vegeta\u00e7\u00e3o nativa tamb\u00e9m foram suprimidas. A obra faz parte da Matriz de Responsabilidade da Copa.<\/p>\n<div id=\"attachment_6722\"><a rel=\"attachment wp-att-6722\" href=\"https:\/\/forumjustica.com.br\/?attachment_id=6722\"><img loading=\"lazy\" decoding=\"async\" src=\"http:\/\/www.apublica.org\/wp-content\/uploads\/2014\/02\/NASCENTE-DO-IGARAP%C3%89-DA-%C3%81GUA-BRANCA-SOTERRADA.-Foto-J%C3%B3-Farrah.jpg\" alt=\"Nascente do Igarap\u00e9 da \u00c1gua Branca foi soterrado (Foto: J\u00f3 Farrah)\" width=\"600\" height=\"450\" \/><\/a>Nascente do Igarap\u00e9 da \u00c1gua Branca foi soterrado (Foto: J\u00f3 Farrah)<\/p>\n<\/div>\n<p>&nbsp;<\/p>\n<p>A \u00e1rea impactada \u00e9 conhecida como APP do Aeroporto foi atingida com o aval do \u00f3rg\u00e3o estadual Instituto de Prote\u00e7\u00e3o Ambiental do Amazonas (Ipaam), que concedeu a licen\u00e7a para a obra. A nascente que desaguava em um igarap\u00e9 maior, o Tarum\u00e3-Mirim, alcan\u00e7ando ent\u00e3o o rio Negro, n\u00e3o existe mais.<\/p>\n<p>O jornalista J\u00f3 Farrah, morador do Tarum\u00e3 e ativista em defesa da floresta e da fauna silvestre e dos igarap\u00e9s que ainda resistem por ali, denunciou os danos mas j\u00e1 era tarde para salvar a nascente.\u00a0 \u201cCome\u00e7amos a fazer den\u00fancia no facebook no perfil do Igarap\u00e9 da \u00c1gua Branca e exibimos fotos. Fizemos a mesma den\u00fancia na comiss\u00e3o ambiental da Assembleia Legislativa do Amazonas e depois uma visita t\u00e9cnica. Fomos no local e identificamos que n\u00e3o tem mais jeito. Soterraram tudo\u201d.<\/p>\n<p>A Infraero, respons\u00e1vel pelo Aeroporto Eduardo Gomes, foi acionada e, segundo Farrah, admitiu que a obra foi feita no local por op\u00e7\u00e3o, j\u00e1 que outro tra\u00e7ado poderia for\u00e7ar desapropria\u00e7\u00f5es de resid\u00eancias, aumentando os custos. \u201cA Infraero justificou dizendo que s\u00f3 havia aquela \u00e1rea para fazer a obra. Desapropriar sairia caro. Saiu mais barato destruir a floresta e impactar o igarap\u00e9\u201d, diz o ativista.<\/p>\n<p>Desolado, J\u00f3 Farrah diz que o Igarap\u00e9 da \u00c1gua Branca, um dos poucos de Manaus que tem \u00e1gua limpa, perder\u00e1 volume com o desaparecimento da nascente. \u201cO igarap\u00e9 da \u00c1gua Branca tem \u00e1gua cristalina, e pura e fria. Abastece e oxigena as \u00e1guas polu\u00eddas da bacia do Tarum\u00e3-Mirim. Em suas \u00e1guas peixes como matrinx\u00e3s, tra\u00edras, bagres, car\u00e1s , sardinhas e jaraquis crescem at\u00e9 o tamanho certo para migrar para os rios. Sem esse igarap\u00e9 este fluxo de vida morre\u201d, diz J\u00f3.<\/p>\n<div id=\"attachment_6731\"><a rel=\"attachment wp-att-6731\" href=\"https:\/\/forumjustica.com.br\/convite-reuniao-para-formacao-do-gt-iberoamericano\/6725-revision-3\"><img loading=\"lazy\" decoding=\"async\" src=\"http:\/\/www.apublica.org\/wp-content\/uploads\/2014\/02\/IGARAP%C3%89-%C3%81GUA-BRANCA.-Foto-J%C3%B3-Farrah.jpg\" alt=\"Igarap\u00e9 \u00c1gua Branca (Foto: J\u00f3 Farrah)\" width=\"600\" height=\"381\" \/><\/a>Igarap\u00e9 \u00c1gua Branca (Foto: J\u00f3 Farrah)<\/p>\n<\/div>\n<p>Farrah tamb\u00e9m conta que durante as obras, o barro do aterro foi\u00a0lan\u00e7ado na parte limpa do igarap\u00e9 e muitos buritizais (palmeira t\u00edpica da Amaz\u00f4nia) morreram soterrados pela lama. \u201cFizemos uma reuni\u00e3o com a Infraero, que se comprometeu a realizar a\u00e7\u00f5es de mitiga\u00e7\u00e3o. Mas n\u00e3o sabemos quais ser\u00e3o. Agora, tamb\u00e9m passaremos a fazer outras cobran\u00e7as. Com a amplia\u00e7\u00e3o do aeroporto, queremos saber para onde v\u00e3o os efluentes j\u00e1 que a demanda de passageiros vai aumentar. Para onde v\u00e3o jogar os res\u00edduos? Para outros igarap\u00e9s, para o rio Negro?\u201d, questiona.<\/p>\n<p>O pesquisador S\u00e9rgio Bringel explica que quando uma microbacia, como um igarap\u00e9, \u00e9 impactada, al\u00e9m do desaparecimento de uma fonte natural e da vida que ali existia, tamb\u00e9m ocorrem danos ao solo. Ao ouvir da P\u00fablica o caso da nascente do Igarap\u00e9 \u00c1gua Branca, ele n\u00e3o tem d\u00favidas em classificar a obra como um crime ambiental. E, se houve licenciamento ambiental ent\u00e3o tamb\u00e9m houve \u201cfalta de responsabilidade do \u00f3rg\u00e3o respons\u00e1vel\u201d, ele diz.<\/p>\n<p>A assessoria de imprensa da Infraero informou que, em janeiro passado, a Infraero obteve do \u00f3rg\u00e3o ambiental licen\u00e7a de instala\u00e7\u00e3o e disse que \u201ctodos os procedimentos administrativos e t\u00e9cnicos referentes ao licenciamento foram adotados previamente junto ao \u00f3rg\u00e3o ambiental competente\u201d, e que \u201caguardar\u00e1 pela manifesta\u00e7\u00e3o do \u00f3rg\u00e3o licenciador sobre poss\u00edveis impactos ambientais\u201d.<\/p>\n<p>Procurada, a assessoria do Ipaam informou que a obra foi licenciada e que \u201cse houver irregularidades e descumprimento das condicionais constantes da licen\u00e7a ambiental\u201d, o \u00f3rg\u00e3o vai tomar medidas cab\u00edveis e divulg\u00e1-las.<\/p>\n<p>Com um or\u00e7amento de R$ 444, 46 milh\u00f5es, a amplia\u00e7\u00e3o do Aeroporto Internacional Eduardo Gomes \u00e9 uma promessa antiga, ressuscitada pela Copa. Com as obras, a capacidade do aeroporto, atualmente de 6,4 milh\u00f5es de passageiros ao ano, subir\u00e1 para 13,5 milh\u00f5es ao ano, segundo a assessoria da Infraero.<\/p>\n<p>Mas, al\u00e9m dos preju\u00edzos ambientais, as obras do aeroporto tamb\u00e9m foram questionadas por irregularidades trabalhistas. Chegaram a ser interditadas por determina\u00e7\u00e3o judicial em processo movido pelo MPT. No in\u00edcio de fevereiro, ap\u00f3s audi\u00eancia com o MPT, as obras foram retomadas. Segundo a assessoria de imprensa a previs\u00e3o \u00e9 que ele seja reinaugurado no final de abril.<\/p>\n<p><strong><a href=\"http:\/\/www.apublica.org\/?p=6734\" target=\"_blank\" rel=\"noopener\">Leia tamb\u00e9m: Andrade Gutierrez enfrenta a\u00e7\u00e3o do MPT por acidentes de trabalho<\/a><\/strong><\/p>\n<h3><strong>BARCOS, PALAFITAS E VISTA DO RIO NEGRO<\/strong><\/h3>\n<p>Quem passa apressado pela avenida Louren\u00e7o da Silva Braga, mais conhecida como Manaus Moderna, pouco tempo tem para observar os detalhes de um dos lugares mais degradados do centro da cidade e, ao mesmo tempo, um dos que possuem a vista mais bela da capital amazonense \u2013 o rio Negro. Apesar da paisagem, os turistas que visitam Manaus s\u00e3o direcionados para \u00e1reas mais arejadas e elitizadas da cidade, como a regi\u00e3o da Ponta Negra, na zona Centro-Oeste da cidade.<\/p>\n<div id=\"attachment_6726\"><a rel=\"attachment wp-att-6726\" href=\"https:\/\/forumjustica.com.br\/convite-reuniao-para-formacao-do-gt-iberoamericano\/6725-revision\"><img loading=\"lazy\" decoding=\"async\" src=\"http:\/\/www.apublica.org\/wp-content\/uploads\/2014\/02\/Casas-no-Igarap%C3%A9-de-Educados.-Foto-Valter-Calheiros.jpg\" alt=\"Casas no Igarap\u00e9 de Educados. (Foto: Valter Calheiros)\" width=\"600\" height=\"385\" \/><\/a>Casas no Igarap\u00e9 de Educados. (Foto: Valter Calheiros)<\/p>\n<\/div>\n<p>Se um cidad\u00e3o se dignar a circular na estreita cal\u00e7ada (com v\u00e1rios trechos quebrados) da art\u00e9ria permanentemente congestionada, vai logo perceber porque ali n\u00e3o h\u00e1 turistas. Basta se escorar na fr\u00e1gil mureta que a circunda e olhar para baixo para uma vista inesquec\u00edvel: uma orla suja, cheia de lixo e uma fileira de embarca\u00e7\u00f5es atracadas no igarap\u00e9 de Educandos, um dos principais e maiores cursos d\u00b4\u00e1gua de Manaus.<\/p>\n<p>Um olhar desatento nem imagina que mora gente ali. Mas \u00e9 na margem do Igarap\u00e9 de Educandos, que Eliane Nascimento, 36 anos, trabalha como vigia de embarca\u00e7\u00f5es junto com o marido, Pedro dos Santos, e vive h\u00e1 cinco anos com os oito filhos em um barco cujo propriet\u00e1rio sumiu. \u201cEliane, voc\u00ea acompanha not\u00edcias sobre a Copa em Manaus? Sabe o que significa isso?\u201d, pergunto. \u201cOlha, sei pouco. Dizem que vai trazer coisas boas, mas n\u00e3o sei que \u00e9. N\u00e3o falam para gente disso. A senhora sabe?\u201d, pergunta de volta Eliane.<\/p>\n<p>\u201cSer\u00e1 que v\u00e3o melhorar as coisas aqui na \u00e9poca da Copa?\u201d, entra na conversa Est\u00f4nia Gomes, 53, comandante de outro barco ancorado. Est\u00f4nia trabalha no comando do \u201ctim\u00e3o\u201d do barco transportando produtos extrativistas de cidades do interior pr\u00f3ximas para comercializar em Manaus. Passa a maior parte do tempo no rio, mas tem resid\u00eancia fixa.<\/p>\n<div id=\"attachment_6723\"><a rel=\"attachment wp-att-6723\" href=\"https:\/\/forumjustica.com.br\/pacto-forum-justica\/10-revision-10\"><img loading=\"lazy\" decoding=\"async\" src=\"http:\/\/www.apublica.org\/wp-content\/uploads\/2014\/02\/Palafitas-do-Igarap%C3%A9-de-Educandos.-Foto-Ela%C3%ADze-Farias-600x450.jpg\" alt=\"Palafitas do Igarap\u00e9 de Educandos. (Foto: Ela\u00edze Farias)\" width=\"600\" height=\"450\" \/><\/a>Palafitas do Igarap\u00e9 de Educandos. (Foto: Ela\u00edze Farias)<\/p>\n<\/div>\n<p>\u201cSeria bonito se limpassem, tirassem essa sujeira toda que se acumula h\u00e1 anos\u201d,\u00a0sonha Est\u00f4nia. \u201cOlha, a gente n\u00e3o tem nem \u00e1gua limpa para beber. N\u00e3o tem torneira. Eu compro \u00e1gua do outro lado do rio, num posto de gasolina e encho v\u00e1rias garrafas de refrigerante PET. Imagine s\u00f3. A gente morando na cidade onde tem um rio desse tamanho\u201d, lamenta.<\/p>\n<p>A cerca de 300 metros dos barcos ancorados est\u00e3o as palafitas, cujos donos n\u00e3o sabem at\u00e9 quando v\u00e3o ficar. As moradias erguidas em estacas de madeira com mais de 30 metros para resistir \u00e0 cheia do rio, que davam a Manaus o aspecto de \u201ccidade flutuante\u201d, perderam sua aura rom\u00e2ntica entre o odor do esgoto e o lixo jogado no rio. Os canoeiros continuam a fazer o transporte entre as orlas e as casas, oferecendo servi\u00e7os pagos. Foi de uma canoa, que a\u00a0<strong>P\u00fablica <\/strong>conseguiu conversar com alguns moradores, que ainda sonham com melhorias tamb\u00e9m na \u00e1rea de Educandos.<strong> <\/strong>\u201cEstou aqui h\u00e1 15 anos. Gostaria de sair, mas para onde vou? Se Deus permitir, eu saio. Ou me tiram. Mas, pra ser sincera, eu gostaria de ficar. Se ao menos limpassem o igarap\u00e9. Est\u00e1 muito sujo\u201d, diz dona Juraci de Souza, 54 anos.<\/p>\n<div id=\"attachment_6755\"><a rel=\"attachment wp-att-6755\" href=\"https:\/\/forumjustica.com.br\/lancamento-do-livro-favelas-do-rio-de-janeiro-historia-e-direito\/6753-revision\"><img loading=\"lazy\" decoding=\"async\" src=\"http:\/\/www.apublica.org\/wp-content\/uploads\/2014\/02\/A-comandante-de-barco-Est%C3%B4nia-Gomes.-Foto-Ela%C3%ADze-Farias-600x450.jpg\" alt=\"A comandante de barco Est\u00f4nia Gomes. (Foto: Ela\u00edze Farias)\" width=\"600\" height=\"450\" \/><\/a>A comandante de barco Est\u00f4nia Gomes. (Foto: Ela\u00edze Farias)<\/p>\n<\/div>\n<h3><strong>POL\u00cdTICAS P\u00daBLICAS<\/strong><\/h3>\n<p>A reportagem tentou saber da Prefeitura de Manaus se a administra\u00e7\u00e3o tem planos de revitaliza\u00e7\u00e3o, reforma ou melhorias para a \u00e1rea da Manaus Moderna. Afinal, a atual gest\u00e3o da prefeitura criou uma pasta, Secretaria Municipal do Centro, apenas para responder demandas da \u00e1rea. Pela assessoria de imprensa, por\u00e9m, soube que aquele trecho n\u00e3o faz parte da atua\u00e7\u00e3o desta secretaria.<\/p>\n<p>A Secretaria Municipal de Infra-Estrutura (Seminf) sinaliza com um projeto de revitaliza\u00e7\u00e3o do centro, estimado em R$ 1 milh\u00e3o, que inclui pavimenta\u00e7\u00e3o, faixa exclusiva para pedestres, balc\u00f5es com baias para estacionamento e bilheteria para passageiros que usam barcos para viajar. Os recursos viriam da Caixa Econ\u00f4mica Federal, mas o banco ainda est\u00e1 analisando o projeto, segundo Ant\u00f4nio Nelson, diretor de engenharia da Seminf. \u201cEsperamos que a Caixa libere esse recurso, que s\u00e3o sobras aplicadas em um outro projeto anterior e que s\u00f3 podem ser investidas no centro\u201d, disse Nelson.<\/p>\n<p>Como pol\u00edtica p\u00fablica para os moradores das palafitas h\u00e1 o Programa Social e Ambiental dos Igarap\u00e9s de Manaus (Prosamim) que realiza assentamento de fam\u00edlias, com financiamento do Banco Interamericano de Desenvolvimento (BID), principalmente quando afetadas por inunda\u00e7\u00f5es durante o per\u00edodo de chuva. Essas fam\u00edlias s\u00e3o reassentadas em unidades residenciais de baixa renda, e os igarap\u00e9s canalizados, embora os pesquisadores da \u00e1rea de recursos h\u00eddricos em Manaus afirmem que o ideal seria revitalizar os cursos d\u00b4\u00e1gua e n\u00e3o aterr\u00e1-los.<\/p>\n<div id=\"attachment_6719\"><a rel=\"attachment wp-att-6719\" href=\"https:\/\/forumjustica.com.br\/terra-e-moradia\/111-revision-73\"><img loading=\"lazy\" decoding=\"async\" src=\"http:\/\/www.apublica.org\/wp-content\/uploads\/2014\/02\/Juraci-de-Souza-em-palafita-no-Igarap%C3%A9-de-Educandos.-Foto-Ela%C3%ADze-Farias-600x450.jpg\" alt=\"Juraci de Souza, em palafita no Igarap\u00e9 de Educandos. (Foto: Ela\u00edze Farias)\" width=\"600\" height=\"450\" \/><\/a>Juraci de Souza, em palafita no Igarap\u00e9 de Educandos. (Foto: Ela\u00edze Farias)<\/p>\n<\/div>\n<p>Sobre o Igarap\u00e9 de Educandos, a assessoria de imprensa do Prosamim disse que ainda n\u00e3o h\u00e1 projeto destinado \u00e0s (aproximadamente) 500 casas, e que as melhorias est\u00e3o sendo realizadas em outros \u00e1reas de igarap\u00e9s da cidade.\u00a0 A P\u00fablica tamb\u00e9m visitou o Igarap\u00e9 dos Franceses, no bairro Alvorada I, pr\u00f3ximo ao est\u00e1dio. Al\u00e9m de resid\u00eancias humildes, encontrou dois campinhos de futebol, desolados e prec\u00e1rios, cercados por um terreno baldio. Quase nada de \u00e1rea verde. \u201cA maior parte dessa vegeta\u00e7\u00e3o \u00e9 mato. E ainda temos um\u00a0 igarap\u00e9 polu\u00eddo, sujo, que tem mau cheiro. E isso h\u00e1 poucos metros da arena\u201d, disse o comerciante Francisco Gon\u00e7alves, de 80 anos, que circulou todo o trecho do Igarap\u00e9 dos Franceses, um curso d\u2019agua manso e polu\u00eddo, com a\u00a0<strong>P\u00fablica<\/strong> (mas n\u00e3o aceitou sair na foto).<\/p>\n<p>\u201cMoro aqui perto mas eu nem sei dizer o que penso sobre isso [a Copa]. Estou preocupado sobre o que vai acontecer com os moradores durante os jogos. Imagine como vai ficar isso aqui\u201d, diz.<\/p>\n<h3><strong>FALTA DE \u00c1GUA NA CAPITAL DA \u201cRAIN FOREST\u201d<\/strong><\/h3>\n<p>H\u00e1 aproximadamente 40 anos, Manaus era uma cidade com pouco mais de 400 mil habitantes. Hoje, s\u00e3o quase dois milh\u00f5es, segundo o Censo do IBGE de 2010, e os bairros que eram considerados como zona Norte j\u00e1 foram engolidos pela regi\u00e3o central. A atual zona Norte forma com a zona Leste a \u201cperiferia\u201d da capital, carregando todos os estigmas sociais dessas \u00e1reas.<\/p>\n<p>S\u00e3o bairros nascidos de ocupa\u00e7\u00e3o irregular que foram sendo urbanizados (a maioria das vezes de forma prec\u00e1ria) por press\u00e3o dos seus moradores. Rraramente aparecem nos an\u00fancios publicit\u00e1rios, com suas ruas esburacadas e mal iluminadas, tragadas por eros\u00f5es, sistema de transporte p\u00fablico ca\u00f3tico, fornecimento de \u00e1gua irregular.<\/p>\n<div id=\"attachment_6710\"><a rel=\"attachment wp-att-6710\" href=\"https:\/\/forumjustica.com.br\/a-defensoria-publica-e-o-direito-a-moradia-no-contexto-dos-megaeventos-esportivos\/833-revision-3\"><img loading=\"lazy\" decoding=\"async\" src=\"http:\/\/www.apublica.org\/wp-content\/uploads\/2014\/02\/Cano-de-%C3%A1gua-exposto-na-rua-do-bairro-Nova-Floresta.-Foto-Valter-Calheiros.jpg\" alt=\"Cano de \u00e1gua exposto na rua do bairro Nova Floresta. (Foto: Valter Calheiros)\" width=\"598\" height=\"382\" \/><\/a>Cano de \u00e1gua exposto na rua do bairro Nova Floresta. (Foto: Valter Calheiros)<\/p>\n<\/div>\n<p>Um \u00a0exemplo desse microcosmo da periferia de Manaus \u00e9 o bairro Jorge Teixeira, localizado na zona Leste e dividido em 13 comunidades. Uma delas se chama Jo\u00e3o Paulo, formado por tr\u00eas blocos (etapas, dizem em Manaus).<\/p>\n<p>Salatiel Cordovil dos Reis, 61 anos, \u00e9 um dos moradores da etapa 3 e tamb\u00e9m a principal lideran\u00e7a comunit\u00e1ria. Para respaldar suas cr\u00edticas, reclama\u00e7\u00f5es e den\u00fancias contra descasos aos moradores, carrega sempre um exemplar da Constitui\u00e7\u00e3o de 1988.<\/p>\n<p>Um dos maiores \u201cabusos\u201d cometidos pelas autoridades, diz, \u00e9 a cobran\u00e7a de tarifa de \u00e1gua a que s\u00e3o submetidos h\u00e1 v\u00e1rios anos os moradores do bairro. A indigna\u00e7\u00e3o tem um motivo simples: os moradores nunca tiveram fornecimento de \u00e1gua da concession\u00e1ria privada Manaus Ambiental (nome adotado h\u00e1 dois anos, quando at\u00e9 ent\u00e3o se chamava \u00c1guas do Amazonas).<\/p>\n<p>\u201cDeixei de pagar conta de \u00e1gua h\u00e1 v\u00e1rios anos pois nunca tive \u00e1gua em casa. Meu nome, assim como de outros moradores, foi parar no SPC (Servi\u00e7o de Prote\u00e7\u00e3o ao Cr\u00e9dito), e est\u00e1 l\u00e1 at\u00e9 hoje. Entramos na justi\u00e7a para n\u00e3o pagar\u201d, conta Salatiel, que elenca v\u00e1rios outros problemas da cidade: transporte p\u00fablico insuficiente, car\u00eancia de posto de sa\u00fade, aus\u00eancia de obras de melhorias das vias p\u00fablicas, etc.<\/p>\n<p>No final do ano passado, ap\u00f3s muita press\u00e3o popular, a prefeitura e a concession\u00e1ria de \u00e1gua firmaram um acordo para levar abastecimento de \u00e1gua aos moradores da zona Leste e h\u00e1 dois meses, segundo os moradores, a \u00e1gua come\u00e7ou a chegar, embora ainda sem regularidade e qualidade.<\/p>\n<p>\u201cVem suja, polu\u00edda, com gosto ruim. A gente usa para lavar lou\u00e7a e tomar banho, mas n\u00e3o para beber. Muita gente daqui de casa passou mal e voltei a comprar \u00e1gua mineral\u201d, diz a dona de casa \u00c2ngela de Souza, 27, moradora da rua Erva Doce, no Jorge Teixeira. \u00c2ngela tamb\u00e9m est\u00e1 endividada e com o \u201cnome sujo\u201d. Ela acumula faturas da concession\u00e1ria de \u00e1gua cujo valor mensal m\u00e9dio \u00e9 de R$ 600.<\/p>\n<p>\u201cNunca tivemos \u00e1gua e continuamos recebendo faturas com esse valor. N\u00e3o entendo como eles medem. Por isso decidir nunca pagar\u201d, diz \u00c2ngela, cuja rua exibe v\u00e1rias crateras enlameadas por causa de vazamentos feitos pela concession\u00e1ria para supostos consertos.<\/p>\n<p>A\u00a0<strong>P\u00fablica<\/strong> visitou outras ruas do bairro Jorge Teixeira e os bairros Nova Floresta e Grande Vit\u00f3ria, tamb\u00e9m na zona leste. Em v\u00e1rias partes dos bairros encontrou tubula\u00e7\u00f5es de \u00e1gua expostas na rua, sem prote\u00e7\u00e3o \u2013 at\u00e9 pouco tempo os moradores retiravam \u00e1gua de po\u00e7os artesianos particulares. No bairro Nova Floresta, um morador foi flagrado retirando \u00e1gua de um cano quebrado da cal\u00e7ada e se justificou dizendo que ela vem mais limpa do que a que vai direto para as casas.<\/p>\n<div id=\"attachment_6729\"><a rel=\"attachment wp-att-6729\" href=\"https:\/\/forumjustica.com.br\/convite-reuniao-para-formacao-do-gt-iberoamericano\/logo_anadep_horiz_fundobranco_rgb-2\"><img loading=\"lazy\" decoding=\"async\" src=\"http:\/\/www.apublica.org\/wp-content\/uploads\/2014\/02\/Francisca-de-Souza-mostra-contas-de-%C3%A1gua.-Foto-Valter-Calheiros.jpg\" alt=\"Francisca de Souza mostra contas de \u00e1gua. (Foto: Valter Calheiros)\" width=\"600\" height=\"382\" \/><\/a>Francisca de Souza mostra contas de \u00e1gua. (Foto: Valter Calheiros)<\/p>\n<\/div>\n<p>&nbsp;<\/p>\n<p>No bairro Grande Vit\u00f3ria, a aposentada Francisca de Souza, 74, mostrou v\u00e1rias faturas de \u00e1gua que tamb\u00e9m nunca pagou: apesar de prometido, o abastecimento de \u00e1gua ainda n\u00e3o chegou e ela continua tirando \u00e1gua de um po\u00e7o artesiano de um vizinho, para quem pagou R$ 700 pelo direito de uso. Sobre o que acha da Copa em Manaus,\u00a0 Francisca disse: \u201cSe vai trazer benef\u00edcios, de certeza n\u00e3o ser\u00e1 para mim, nem para a minha fam\u00edlia, nem para o meu bairro. Para ser sincera, eu nem sei o que significa isso de benef\u00edcio de que tanto falam\u201d.<\/p>\n<p>A Manaus Ambiental diz que o fornecimento e a rede de distribui\u00e7\u00e3o de \u00e1gua atende a 98% da popula\u00e7\u00e3o de Manaus e que at\u00e9 mar\u00e7o pretende ampliar a cobertura para 100%.\u00a0 Tamb\u00e9m disse ter incorporado 16 mil novas liga\u00e7\u00f5es de \u00e1gua ao sistema atual e que v\u00e1rios bairros das zonas Norte e Leste est\u00e3o sendo atendidos pelo Programa \u00c1guas para Manaus (PROAMA).<\/p>\n<p>Em rela\u00e7\u00e3o \u00e0 qualidade da \u00e1gua, a Manaus Ambiental informou que a \u00e1gua tratada e distribu\u00edda pela concession\u00e1ria atende integralmente todas as exig\u00eancias da Portaria 2914\/11 do Minist\u00e9rio da Sa\u00fade.<\/p>\n<\/div>\n<p><a href=\"http:\/\/www.apublica.org\/2014\/02\/manaus-na-copa\/\">http:\/\/www.apublica.org\/2014\/02\/manaus-na-copa\/<\/a><\/p>\n","protected":false},"excerpt":{"rendered":"<p>24.02.14\u00a0Por Ela\u00edze Farias#CopaP\u00fablica 12345678910111213141516 Vendida como a capital da floresta, Manaus acumula decep\u00e7\u00f5es com as obras &#8211; que j\u00e1 mataram tr\u00eas oper\u00e1rios &#8211; sem retorno para os moradores; e pode decepcionar os visitantes com as marcas da degrada\u00e7\u00e3o urbana e da desigualdade social [+][-][*] 492\u00a0 426\u00a0\u00a013 A arena de futebol custou aos cofres p\u00fablicos mais [&hellip;]<\/p>\n","protected":false},"author":13,"featured_media":0,"comment_status":"open","ping_status":"closed","sticky":false,"template":"","format":"standard","meta":{"inline_featured_image":false,"footnotes":""},"categories":[1],"tags":[],"anos":[],"projetos":[],"autorias":[],"eixos_tematicos":[],"locais":[],"pessoas":[],"estado":[],"academia":[],"sociedade_civil":[],"class_list":["post-7945","post","type-post","status-publish","format-standard","hentry","category-noticias"],"_links":{"self":[{"href":"https:\/\/forumjustica.com.br\/es\/wp-json\/wp\/v2\/posts\/7945","targetHints":{"allow":["GET"]}}],"collection":[{"href":"https:\/\/forumjustica.com.br\/es\/wp-json\/wp\/v2\/posts"}],"about":[{"href":"https:\/\/forumjustica.com.br\/es\/wp-json\/wp\/v2\/types\/post"}],"author":[{"embeddable":true,"href":"https:\/\/forumjustica.com.br\/es\/wp-json\/wp\/v2\/users\/13"}],"replies":[{"embeddable":true,"href":"https:\/\/forumjustica.com.br\/es\/wp-json\/wp\/v2\/comments?post=7945"}],"version-history":[{"count":1,"href":"https:\/\/forumjustica.com.br\/es\/wp-json\/wp\/v2\/posts\/7945\/revisions"}],"predecessor-version":[{"id":17378,"href":"https:\/\/forumjustica.com.br\/es\/wp-json\/wp\/v2\/posts\/7945\/revisions\/17378"}],"wp:attachment":[{"href":"https:\/\/forumjustica.com.br\/es\/wp-json\/wp\/v2\/media?parent=7945"}],"wp:term":[{"taxonomy":"category","embeddable":true,"href":"https:\/\/forumjustica.com.br\/es\/wp-json\/wp\/v2\/categories?post=7945"},{"taxonomy":"post_tag","embeddable":true,"href":"https:\/\/forumjustica.com.br\/es\/wp-json\/wp\/v2\/tags?post=7945"},{"taxonomy":"anos","embeddable":true,"href":"https:\/\/forumjustica.com.br\/es\/wp-json\/wp\/v2\/anos?post=7945"},{"taxonomy":"projetos","embeddable":true,"href":"https:\/\/forumjustica.com.br\/es\/wp-json\/wp\/v2\/projetos?post=7945"},{"taxonomy":"autorias","embeddable":true,"href":"https:\/\/forumjustica.com.br\/es\/wp-json\/wp\/v2\/autorias?post=7945"},{"taxonomy":"eixos_tematicos","embeddable":true,"href":"https:\/\/forumjustica.com.br\/es\/wp-json\/wp\/v2\/eixos_tematicos?post=7945"},{"taxonomy":"locais","embeddable":true,"href":"https:\/\/forumjustica.com.br\/es\/wp-json\/wp\/v2\/locais?post=7945"},{"taxonomy":"pessoas","embeddable":true,"href":"https:\/\/forumjustica.com.br\/es\/wp-json\/wp\/v2\/pessoas?post=7945"},{"taxonomy":"estado","embeddable":true,"href":"https:\/\/forumjustica.com.br\/es\/wp-json\/wp\/v2\/estado?post=7945"},{"taxonomy":"academia","embeddable":true,"href":"https:\/\/forumjustica.com.br\/es\/wp-json\/wp\/v2\/academia?post=7945"},{"taxonomy":"sociedade_civil","embeddable":true,"href":"https:\/\/forumjustica.com.br\/es\/wp-json\/wp\/v2\/sociedade_civil?post=7945"}],"curies":[{"name":"wp","href":"https:\/\/api.w.org\/{rel}","templated":true}]}}