{"id":9252,"date":"2013-04-15T21:55:44","date_gmt":"2013-04-16T00:55:44","guid":{"rendered":"https:\/\/forumjustica.vlannetwork.com\/?p=9252"},"modified":"2022-09-04T21:16:19","modified_gmt":"2022-09-05T00:16:19","slug":"diagnostico-de-la-defensoria-publica-en-america-2","status":"publish","type":"post","link":"https:\/\/forumjustica.com.br\/es\/diagnostico-de-la-defensoria-publica-en-america-2\/","title":{"rendered":"Diagn\u00f3stico de la Defensor\u00eda P\u00fablica en Am\u00e9rica"},"content":{"rendered":"<p><a href=\"https:\/\/forumjustica.com.br\/wp-content\/uploads\/2013\/04\/Diagn\u00f3stico-foto.png\"><img loading=\"lazy\" decoding=\"async\" class=\"wp-image-9256 alignleft\" src=\"https:\/\/forumjustica.com.br\/wp-content\/uploads\/2013\/04\/Diagn\u00f3stico-foto-213x300.png\" alt=\"Diagn\u00f3stico foto\" width=\"236\" height=\"332\" \/><\/a><\/p>\n<p>\u00a0<\/p>\n<p><a href=\"https:\/\/forumjustica.com.br\/wp-content\/uploads\/2014\/10\/Diagn\u00f3stico-DP-AIDEF.pdf\">Hacer clic para ver el documento.<\/a><\/p>","protected":false},"excerpt":{"rendered":"<p>\u00a0 Hacer clic para ver el documento.<\/p>\n","protected":false},"author":13,"featured_media":0,"comment_status":"closed","ping_status":"closed","sticky":false,"template":"","format":"standard","meta":{"inline_featured_image":false,"footnotes":""},"categories":[114,1],"tags":[],"anos":[],"projetos":[],"autorias":[],"eixos_tematicos":[],"locais":[],"pessoas":[],"estado":[],"academia":[],"sociedade_civil":[],"class_list":["post-9252","post","type-post","status-publish","format-standard","hentry","category-grupos-de-trabalho","category-noticias"],"_links":{"self":[{"href":"https:\/\/forumjustica.com.br\/es\/wp-json\/wp\/v2\/posts\/9252","targetHints":{"allow":["GET"]}}],"collection":[{"href":"https:\/\/forumjustica.com.br\/es\/wp-json\/wp\/v2\/posts"}],"about":[{"href":"https:\/\/forumjustica.com.br\/es\/wp-json\/wp\/v2\/types\/post"}],"author":[{"embeddable":true,"href":"https:\/\/forumjustica.com.br\/es\/wp-json\/wp\/v2\/users\/13"}],"replies":[{"embeddable":true,"href":"https:\/\/forumjustica.com.br\/es\/wp-json\/wp\/v2\/comments?post=9252"}],"version-history":[{"count":1,"href":"https:\/\/forumjustica.com.br\/es\/wp-json\/wp\/v2\/posts\/9252\/revisions"}],"predecessor-version":[{"id":17706,"href":"https:\/\/forumjustica.com.br\/es\/wp-json\/wp\/v2\/posts\/9252\/revisions\/17706"}],"wp:attachment":[{"href":"https:\/\/forumjustica.com.br\/es\/wp-json\/wp\/v2\/media?parent=9252"}],"wp:term":[{"taxonomy":"category","embeddable":true,"href":"https:\/\/forumjustica.com.br\/es\/wp-json\/wp\/v2\/categories?post=9252"},{"taxonomy":"post_tag","embeddable":true,"href":"https:\/\/forumjustica.com.br\/es\/wp-json\/wp\/v2\/tags?post=9252"},{"taxonomy":"anos","embeddable":true,"href":"https:\/\/forumjustica.com.br\/es\/wp-json\/wp\/v2\/anos?post=9252"},{"taxonomy":"projetos","embeddable":true,"href":"https:\/\/forumjustica.com.br\/es\/wp-json\/wp\/v2\/projetos?post=9252"},{"taxonomy":"autorias","embeddable":true,"href":"https:\/\/forumjustica.com.br\/es\/wp-json\/wp\/v2\/autorias?post=9252"},{"taxonomy":"eixos_tematicos","embeddable":true,"href":"https:\/\/forumjustica.com.br\/es\/wp-json\/wp\/v2\/eixos_tematicos?post=9252"},{"taxonomy":"locais","embeddable":true,"href":"https:\/\/forumjustica.com.br\/es\/wp-json\/wp\/v2\/locais?post=9252"},{"taxonomy":"pessoas","embeddable":true,"href":"https:\/\/forumjustica.com.br\/es\/wp-json\/wp\/v2\/pessoas?post=9252"},{"taxonomy":"estado","embeddable":true,"href":"https:\/\/forumjustica.com.br\/es\/wp-json\/wp\/v2\/estado?post=9252"},{"taxonomy":"academia","embeddable":true,"href":"https:\/\/forumjustica.com.br\/es\/wp-json\/wp\/v2\/academia?post=9252"},{"taxonomy":"sociedade_civil","embeddable":true,"href":"https:\/\/forumjustica.com.br\/es\/wp-json\/wp\/v2\/sociedade_civil?post=9252"}],"curies":[{"name":"wp","href":"https:\/\/api.w.org\/{rel}","templated":true}]}}